{"id":183240,"date":"2026-08-18T07:49:09","date_gmt":"2026-08-18T07:49:09","guid":{"rendered":"https:\/\/www.europesays.com\/cz\/183240\/"},"modified":"2026-08-18T07:49:09","modified_gmt":"2026-08-18T07:49:09","slug":"navrat-do-sveta-mafie-zabere-jen-par-hodin-zabavi-nebo-zklame-idnes-cz","status":"publish","type":"post","link":"https:\/\/www.europesays.com\/cz\/183240\/","title":{"rendered":"N\u00e1vrat do sv\u011bta Mafie zabere jen p\u00e1r hodin: Zabav\u00ed, nebo zklame? &#8211; iDNES.cz"},"content":{"rendered":"<p><a href=\"https:\/\/news.google.com\/rss\/articles\/CBMilwFBVV95cUxPdkRXTFZWNmZlTkUyN2t1Yy1UMUFMUUxuVVRyMFYwUS1TVzF0Q1Y5OEQ5Qy1jbjhackk4VFcxRk43bzNKYVB3anZIVWpoRUNqR2hkZ3N4V0dpNW9wM2RoQkhUeUZvYmR1YmF3QkUtTHQtcDc1Vk1nbkFfTGhpNlZYWXZqb0JMZ01FYWh5MklxYUdQXzBXcERJ?oc=5\" target=\"_blank\" rel=\"nofollow noopener\">N\u00e1vrat do sv\u011bta Mafie zabere jen p\u00e1r hodin: Zabav\u00ed, nebo zklame?<\/a>&nbsp;&nbsp;iDNES.cz<a href=\"https:\/\/news.google.com\/rss\/articles\/CBMingFBVV95cUxQOUs2RXRyYm1oWVRmY1BRbFdqQWNaM1M1OGJZdXE5VGM4YTd3NmJFTEJMeHduN1dUczRUUUtIRklBV0htWFUtYVRBVVRrTnFadENacmtwNzZXMS15MXNyVDBxS1VVd1l6dk1SOFdpTVd3X012MHQ2U3dQTGJEcEVOTmRZaFZ1cWZlLW8wV2lEMjBNZ1BWTElxQkVNeDVaUQ?oc=5\" target=\"_blank\" rel=\"nofollow noopener\">Poslechn\u011bte si \u010deskou uk\u00e1zku dabingu z Mafia: Domovina \u2013 Mu\u017e cti<\/a>&nbsp;&nbsp;iDNES.cz<a href=\"https:\/\/news.google.com\/rss\/articles\/CBMiekFVX3lxTFBmOGxkYzNSUDUyWGRsNk53ZXhUR2ExSS1QNmdld2xwVGJfcUtBQVo1elNJeUg2ZHRWYXZRZUtDLTk5aHZ1QzBTb3laMWJLcWJEMlp1S2hER0tPTDVyVmx0emItdUhlVzJlbmhybDFlcVp6SlE3T29YREhR?oc=5\" target=\"_blank\" rel=\"nofollow noopener\">Salieri p\u0159i\u0161el pro rychlou pomstu. Mafia: Mu\u017e cti roz\u0161i\u0159uje hlavn\u011b voln\u00fd re\u017eim<\/a>&nbsp;&nbsp;Den\u00edk.cz<a href=\"https:\/\/news.google.com\/rss\/articles\/CBMixwFBVV95cUxOS2dZMlZHUWRzMmUzd2R4TlFOUzRmcFAzR0VmNWQzOTE2T2dwNkJwZUlCNnJIaFFtMktqbmdLT1NTdlRFczdTWmtBa3RMMVdoTV91RnFMaDNMRjU0YlVrQXg4YzFXRk5sYXZ1MFV1UlIzaDUxWE5sU2JZRXkyVUlzQ09VeGFyVU1vVy02QnVsUk9MclQ2blVGcW1rckVpVGhheEpfWjYtSWY0VkF3T3JxUWRhUm9rVnh0dS1uMWxRejlOQWpwZ3ZJ?oc=5\" target=\"_blank\" rel=\"nofollow noopener\">Mafia vyjde v kompletn\u00edm balen\u00ed v\u0161ech d\u00edl\u016f i roz\u0161\u00ed\u0159en\u00ed. Remake prvn\u00edho d\u00edlu nov\u011b b\u011b\u017e\u00ed na konzol\u00edch v 60 FPS<\/a>&nbsp;&nbsp;Doup\u011b.cz<a href=\"https:\/\/news.google.com\/rss\/articles\/CBMiuwFBVV95cUxPb0l0aEtiMGt4MkdjM05HdEFIQ1dNNVppcHA4ZmNHeTFTalRYaTZyNFI5NXo0cExUZk9INERzclNMRjdVSmZhUHR4Ymk4ZEdHemVCMnFyYXQteFlYVTk5VEVZaHdCU2VQVUpiVG82a0JOaGZtU2VLaWdYVTk3eThuOUFibHhtbmFxZ01VY3drb2R2TWNQdFBBTW9aZ0JESF9lRHFRMl9nSEZHa2RJQ2xMaUJiVTdRcnltQnVz?oc=5\" target=\"_blank\" rel=\"nofollow noopener\">Mafia vr\u00e1tila mlad\u00e9ho Salieriho. DLC Mu\u017e cti jsem dohr\u00e1l za jeden ve\u010der<\/a>&nbsp;&nbsp;M\u00e9dium.cz<\/p>\n","protected":false},"excerpt":{"rendered":"N\u00e1vrat do sv\u011bta Mafie zabere jen p\u00e1r hodin: Zabav\u00ed, nebo zklame?&nbsp;&nbsp;iDNES.czPoslechn\u011bte si \u010deskou uk\u00e1zku dabingu z Mafia: Domovina&hellip;\n","protected":false},"author":2,"featured_media":183241,"comment_status":"","ping_status":"","sticky":false,"template":"","format":"standard","meta":{"footnotes":"","_share_on_mastodon":"0"},"categories":[13],"tags":[74,73,22746,78,75,77,76],"class_list":["post-183240","post","type-post","status-publish","format-standard","has-post-thumbnail","category-veda-a-technika","tag-science","tag-science-technology","tag-sicilie","tag-technika","tag-technology","tag-veda","tag-veda-a-technika"],"share_on_mastodon":{"url":"https:\/\/pubeurope.com\/@cz\/117115419199637575","error":""},"_links":{"self":[{"href":"https:\/\/www.europesays.com\/cz\/wp-json\/wp\/v2\/posts\/183240","targetHints":{"allow":["GET"]}}],"collection":[{"href":"https:\/\/www.europesays.com\/cz\/wp-json\/wp\/v2\/posts"}],"about":[{"href":"https:\/\/www.europesays.com\/cz\/wp-json\/wp\/v2\/types\/post"}],"author":[{"embeddable":true,"href":"https:\/\/www.europesays.com\/cz\/wp-json\/wp\/v2\/users\/2"}],"replies":[{"embeddable":true,"href":"https:\/\/www.europesays.com\/cz\/wp-json\/wp\/v2\/comments?post=183240"}],"version-history":[{"count":0,"href":"https:\/\/www.europesays.com\/cz\/wp-json\/wp\/v2\/posts\/183240\/revisions"}],"wp:featuredmedia":[{"embeddable":true,"href":"https:\/\/www.europesays.com\/cz\/wp-json\/wp\/v2\/media\/183241"}],"wp:attachment":[{"href":"https:\/\/www.europesays.com\/cz\/wp-json\/wp\/v2\/media?parent=183240"}],"wp:term":[{"taxonomy":"category","embeddable":true,"href":"https:\/\/www.europesays.com\/cz\/wp-json\/wp\/v2\/categories?post=183240"},{"taxonomy":"post_tag","embeddable":true,"href":"https:\/\/www.europesays.com\/cz\/wp-json\/wp\/v2\/tags?post=183240"}],"curies":[{"name":"wp","href":"https:\/\/api.w.org\/{rel}","templated":true}]}}