{"id":183256,"date":"2026-08-18T08:06:14","date_gmt":"2026-08-18T08:06:14","guid":{"rendered":"https:\/\/www.europesays.com\/cz\/183256\/"},"modified":"2026-08-18T08:06:14","modified_gmt":"2026-08-18T08:06:14","slug":"nejlepsi-jedenactka-4-kola-chl-nastupce-haraslina-bojovnik-z-plzne-i-liberecky-zlodej-bodu","status":"publish","type":"post","link":"https:\/\/www.europesays.com\/cz\/183256\/","title":{"rendered":"Nejlep\u0161\u00ed jeden\u00e1ctka 4.\u00a0kola CHL &#8211; N\u00e1stupce Harasl\u00edna, bojovn\u00edk z\u00a0Plzn\u011b i\u00a0libereck\u00fd zlod\u011bj bod\u016f"},"content":{"rendered":"<p>Koutn\u00fd op\u011bt ukazuje sv\u016fj talent<\/p>\n<p class=\"e_cz\">Nejlep\u0161\u00edm brank\u00e1\u0159em cel\u00e9 jeden\u00e1ctky se stal olomouck\u00fd Jan Koutn\u00fd. Dostal sice g\u00f3l od Paula Ndubuisiho, dal\u0161\u00ed p\u0159\u00edle\u017eitosti hr\u00e1\u010d\u016f Slov\u00e1cka ov\u0161em zdatn\u011b vychytal. Dom\u00e1c\u00ed t\u00fdm byl p\u0159itom st\u0159elecky aktivn\u011bj\u0161\u00ed, Koutn\u00fd dok\u00e1zal vychytat 5\u00a0jejich st\u0159eleck\u00fdch pokus\u016f. P\u0159ipsal si p\u0159itom i\u00a0pom\u011brn\u011b velk\u00fd po\u010det p\u0159esn\u00fdch p\u0159ihr\u00e1vek.<\/p>\n<p>Stoupaj\u00edc\u00ed posila Sparty, defenzivn\u00ed l\u00eddr z\u00a0Plzn\u011b i\u00a0obr\u00e1nce st\u0159elec Olomouce<\/p>\n<p class=\"e_cz\">V\u00a0defenziv\u011b nejlep\u0161\u00ed jeden\u00e1ctky bychom dali p\u0159\u00edle\u017eitost i\u00a0jeho spoluhr\u00e1\u010dovi, \u0161v\u00fdcarsk\u00e9mu obr\u00e1nci Louisovi Lurvinkovi. Ten si p\u0159ipsal jednu z\u00a0branek Sigmy, vedle toho m\u011bl ov\u0161em i\u00a0velkou \u00fasp\u011b\u0161nost v\u00a0souboj\u00edch, \u010dty\u0159i p\u0159eru\u0161en\u00ed p\u0159ihr\u00e1vek nebo osm obrann\u00fdch odkop\u016f. Celkov\u011b podal zaj\u00edmav\u00fd v\u00fdkon, kter\u00fdm vypomohl sv\u00e9m t\u00fdmu k\u00a0v\u00edt\u011bzstv\u00ed.<\/p>\n<p class=\"e_cz\">K\u00a0prvn\u00edmu v\u00edt\u011bzstv\u00ed Plzn\u011b v\u00a0leto\u0161n\u00ed sezon\u011b p\u0159isp\u011bl i\u00a0obr\u00e1nce Sampson Dweh. M\u011bl velkou \u00fasp\u011b\u0161nost v\u00a0souboj\u00edch, kdy ze 12\u00a0souboj\u016f dok\u00e1zal vyhr\u00e1t hned v\u00a0deseti. Vedle toho m\u011bl i\u00a0hodn\u011b slu\u0161n\u00e9 procento p\u0159esn\u00fdch p\u0159ihr\u00e1vek, kdy\u017e si jich p\u0159ipsal hned 81.\u00a0Zaj\u00edmav\u00e9 \u010d\u00edslo je i\u00a0107\u00a0dotek\u016f s\u00a0m\u00ed\u010dem, co\u017e je rozhodn\u011b nadpr\u016fm\u011brn\u00e9 \u010d\u00edslo.<\/p>\n<p class=\"e_cz\">Tobias Guddal je jednou z\u00a0nejnov\u011bj\u0161\u00edch posil Sparty. Prozat\u00edm maj\u00ed jeho v\u00fdkony ur\u010dit\u011b rezervy, z\u00e1rove\u0148 se ov\u0161em postupn\u011b zlep\u0161uje. V\u00a0zat\u00edm posledn\u00edm utk\u00e1n\u00ed letensk\u00fdch proti Teplic\u00edm dok\u00e1zal vst\u0159elit jednu z\u00a0branek. Ve statistice progresivn\u00edho veden\u00ed m\u00ed\u010de m\u011bl slu\u0161n\u00e9 \u010d\u00edslo 15\u00a0a\u00a0celkov\u011b byl hodn\u011b ve h\u0159e.<\/p>\n<p>St\u0159edov\u00e1 hv\u011bzda Sparty, bojovn\u00edk z\u00a0Plzn\u011b nebo libereck\u00fd str\u016fjce rem\u00edzy<\/p>\n<p class=\"e_cz\">Po po\u010d\u00e1te\u010dn\u00edch pr\u016fm\u011brn\u00fdch v\u00fdkonech se zlep\u0161uje i\u00a0jeho spoluhr\u00e1\u010d ze z\u00e1lohy Andrew Irving. Proti Teplic\u00edm vst\u0159elil g\u00f3l a\u00a0p\u0159ipsal si i\u00a0asistenci. V\u00a0\u00fato\u010dn\u00e9 t\u0159etin\u011b m\u011bl velk\u00e9 procento p\u0159esn\u00fdch p\u0159ihr\u00e1vek (19\/21), celkov\u011b ov\u0161em m\u00ed\u010de od jeho nohy na\u0161ly hodn\u011b \u010dasto sv\u016fj c\u00edl.<\/p>\n<p class=\"e_cz\">Michal Koh\u00fat byl pom\u011brn\u011b dlouhou dobu zran\u011bn\u00fd. Po sv\u00e9m n\u00e1vratu ov\u0161em jednozna\u010dn\u011b ukazuje, \u017ee m\u016f\u017ee b\u00fdt pro Ban\u00edk platn\u00fdm hr\u00e1\u010dem. V\u00a0utk\u00e1n\u00ed s\u00a0Artisem Brno dal jedin\u00fd g\u00f3l sv\u00e9ho t\u00fdmu, d\u00edky \u010demu\u017e p\u0159isp\u011bl k\u00a0v\u00edt\u011bzstv\u00ed a\u00a0velice d\u016fle\u017eit\u00fdm t\u0159em bod\u016fm. Hr\u00e1\u010d se skv\u011blou kopac\u00ed technikou a\u00a0celkov\u011b dobrou prac\u00ed p\u0159i vytv\u00e1\u0159en\u00ed ofenzivn\u00edch akc\u00ed.<\/p>\n<p class=\"e_cz\">Luk\u00e1\u0161 \u010cerv byl v\u017edy t\u00edm urputn\u00fdm bojovn\u00edkem. V\u00a0utk\u00e1n\u00ed Plzn\u011b se Zl\u00ednem si sice nep\u0159ipsal \u017e\u00e1dn\u00e9 body, p\u0159esto pat\u0159il ve sv\u00e9m t\u00fdmu k\u00a0t\u011bm nejlep\u0161\u00edm. Z\u00edskal na sebe penaltu, m\u011bl velkou \u00fasp\u011b\u0161nost v\u00a0osobn\u00edch souboj\u00edch, ale i\u00a0velk\u00fd po\u010det dotek\u016f s\u00a0m\u00ed\u010dem. Ve st\u0159edu h\u0159i\u0161t\u011b kraloval a\u00a0v\u00fdrazn\u011b vypomohl Plzni p\u0159i t\u011bsn\u00e9 v\u00fdh\u0159e.<\/p>\n<p class=\"e_cz\">Martin \u0160ubert se dostal v\u00a0posledn\u00edch z\u00e1pasech do velk\u00e9 formy. Ve t\u0159ech utk\u00e1n\u00edch v\u00a0\u0159ad\u011b dok\u00e1zal sk\u00f3rovat, tentokr\u00e1t jeho g\u00f3l za\u0159\u00eddil alespo\u0148 rem\u00edzu St\u0159edo\u010dech\u016f. \u00dasp\u011b\u0161n\u011b ov\u0161em p\u0159ihr\u00e1val i\u00a0sv\u00fdm soupe\u0159\u016fm, kte\u0159\u00ed v\u0161ak na rozd\u00edl od n\u011bj jeho pob\u00eddek nedok\u00e1zali vyu\u017e\u00edt.<\/p>\n<p class=\"e_cz\">Aziz Kayondo proti Slavii jednozna\u010dn\u011b uk\u00e1zal, \u017ee je evropsk\u00fdm hr\u00e1\u010dem. Mnoz\u00ed se vlastn\u011b podivuj\u00ed, \u017ee po n\u011bm t\u0159eba pra\u017esk\u00e1 Sparta je\u0161t\u011b nes\u00e1hla. Proti jej\u00edmu nejv\u011bt\u0161\u00edmu rivalovi sedmkr\u00e1t progresivn\u011b vedl bal\u00f3n, vyhr\u00e1val d\u016fle\u017eit\u00e9 souboje a\u00a0celkov\u011b mu ukazoval sv\u00e9 kvality. Rozhodn\u011b m\u011bl velk\u00fd pod\u00edl na prvn\u00ed ztr\u00e1t\u011b \u00fa\u0159aduj\u00edc\u00edho mistra v\u00a0leto\u0161n\u00ed sez\u00f3n\u011b.<\/p>\n<p>Prince Adu si zaslou\u017e\u00ed d\u016fv\u011bru a\u00a0nov\u00fd nejlep\u0161\u00ed cizinec ligy?<\/p>\n<p class=\"e_cz\">Plze\u0148sk\u00fd \u00fato\u010dn\u00edk Prince Adu nem\u00e1 zrovna d\u016fv\u011bru Martina Hysk\u00e9ho. V\u00a0z\u00e1pase se Zbrojovkou sed\u011bl jen na lavi\u010dce, proti Teplic\u00edm dostal 26\u00a0minut, se Zl\u00ednem odehr\u00e1l p\u0159eci jen o\u00a0n\u011bco del\u0161\u00ed \u010das. A\u00a0tren\u00e9rovi svou aktivitou i\u00a0vst\u0159elen\u00fdm g\u00f3lem uk\u00e1zal, \u017ee by ho m\u011bl nasazovat klidn\u011b i\u00a0na del\u0161\u00ed dobu. Celkem m\u011bl sedm dotek\u016f v\u00a0soupe\u0159ov\u011b v\u00e1pn\u011b, co\u017e je hodn\u011b slu\u0161n\u00e9 \u010d\u00edslo. K\u00a0dal\u0161\u00edmu g\u00f3lu p\u0159isp\u011bl i\u00a0nahr\u00e1vkou, kterou si Kuku\u010dka srazil do vlastn\u00ed s\u00edt\u011b.<\/p>\n<p class=\"e_cz\">Hr\u00e1\u010dem kola se jednozna\u010dn\u011b\u00a0stal spar\u0165an a\u00a0fotbalista z\u00a0Kostariky Josimar Alc\u00f3cer. Postupem \u010dasu jednozna\u010dn\u011b ukazuje, \u017ee bude v\u00edce ne\u017e slu\u0161nou n\u00e1hradou za Luk\u00e1\u0161e Harasl\u00edna. Je velice rychl\u00fd, m\u00e1 skv\u011blou pr\u00e1ci s\u00a0m\u00ed\u010dem a\u00a0za\u010dal Spart\u011b dod\u00e1vat i\u00a0\u010d\u00edsla. Proti Teplic\u00edm dal dva g\u00f3ly a\u00a0na dal\u0161\u00ed p\u0159ihr\u00e1l. Klidn\u011b se m\u016f\u017ee st\u00e1t nejlep\u0161\u00edm cizincem leto\u0161n\u00ed sez\u00f3ny.<\/p>\n<p>Tren\u00e9r v\u00edt\u011bzn\u00e9 Sparty i\u00a0podpora nov\u00e9 posily<\/p>\n<p class=\"e_cz\">Tren\u00e9rem nejlep\u0161\u00ed jeden\u00e1ctky jsme zvolili Briana Priskeho. Nejen\u017ee jeho v\u00fdb\u011br \u00fasp\u011b\u0161n\u011b a\u00a0pom\u011brn\u011b p\u0159esv\u011bd\u010div\u011b porazil sv\u00e9ho soupe\u0159e z\u00a0Teplic, tren\u00e9r se proti spar\u0165ansk\u00fdm fanou\u0161k\u016fm dok\u00e1zal postavit i\u00a0za sv\u00e9ho nov\u00e9ho hr\u00e1\u010de Mat\u011bje Jur\u00e1ska. Spole\u010dn\u011b s\u00a0n\u00edm p\u0159edstoupil p\u0159ed rozbou\u0159en\u00fd kotel a\u00a0s\u00a0dal\u0161\u00edmi mlad\u00fdmi fotbalisty si to s\u00a0n\u00edm vy\u0159\u00edkali. P\u011bkn\u00e9 gesto.<\/p>\n<p class=\"e_cz\">Autor textu: Luk\u00e1\u0161 Lou\u017eeck\u00fd<\/p>\n<p class=\"e_cz\">Zdroj statistick\u00fdch informac\u00ed: Livesport<\/p>\n","protected":false},"excerpt":{"rendered":"Koutn\u00fd op\u011bt ukazuje sv\u016fj talent Nejlep\u0161\u00edm brank\u00e1\u0159em cel\u00e9 jeden\u00e1ctky se stal olomouck\u00fd Jan Koutn\u00fd. Dostal sice g\u00f3l od&hellip;\n","protected":false},"author":2,"featured_media":183257,"comment_status":"","ping_status":"","sticky":false,"template":"","format":"standard","meta":{"footnotes":"","_share_on_mastodon":"0"},"categories":[15],"tags":[13189,40341,2201,1177,326,21750,18805,43516,18123,94,93],"class_list":["post-183256","post","type-post","status-publish","format-standard","has-post-thumbnail","category-sport","tag-andrew-irving","tag-aziz-kayondo","tag-brian-priske","tag-chance-liga-fotbal","tag-fotbal","tag-jan-koutny-fotbalista","tag-lukas-cerv","tag-michal-kohut","tag-sampson-dweh","tag-sport","tag-sports"],"share_on_mastodon":{"url":"https:\/\/pubeurope.com\/@cz\/117115485213858169","error":""},"_links":{"self":[{"href":"https:\/\/www.europesays.com\/cz\/wp-json\/wp\/v2\/posts\/183256","targetHints":{"allow":["GET"]}}],"collection":[{"href":"https:\/\/www.europesays.com\/cz\/wp-json\/wp\/v2\/posts"}],"about":[{"href":"https:\/\/www.europesays.com\/cz\/wp-json\/wp\/v2\/types\/post"}],"author":[{"embeddable":true,"href":"https:\/\/www.europesays.com\/cz\/wp-json\/wp\/v2\/users\/2"}],"replies":[{"embeddable":true,"href":"https:\/\/www.europesays.com\/cz\/wp-json\/wp\/v2\/comments?post=183256"}],"version-history":[{"count":0,"href":"https:\/\/www.europesays.com\/cz\/wp-json\/wp\/v2\/posts\/183256\/revisions"}],"wp:featuredmedia":[{"embeddable":true,"href":"https:\/\/www.europesays.com\/cz\/wp-json\/wp\/v2\/media\/183257"}],"wp:attachment":[{"href":"https:\/\/www.europesays.com\/cz\/wp-json\/wp\/v2\/media?parent=183256"}],"wp:term":[{"taxonomy":"category","embeddable":true,"href":"https:\/\/www.europesays.com\/cz\/wp-json\/wp\/v2\/categories?post=183256"},{"taxonomy":"post_tag","embeddable":true,"href":"https:\/\/www.europesays.com\/cz\/wp-json\/wp\/v2\/tags?post=183256"}],"curies":[{"name":"wp","href":"https:\/\/api.w.org\/{rel}","templated":true}]}}