{"id":183602,"date":"2026-08-18T12:50:08","date_gmt":"2026-08-18T12:50:08","guid":{"rendered":"https:\/\/www.europesays.com\/cz\/183602\/"},"modified":"2026-08-18T12:50:08","modified_gmt":"2026-08-18T12:50:08","slug":"jeste-jsem-takove-lazne-nezazila-zazivaci-potize-v-jeseniku-zrejme-zpusobily-nakazlive-viry","status":"publish","type":"post","link":"https:\/\/www.europesays.com\/cz\/183602\/","title":{"rendered":"\u201eJe\u0161t\u011b jsem takov\u00e9 l\u00e1zn\u011b neza\u017eila.\u201c Za\u017e\u00edvac\u00ed pot\u00ed\u017ee v\u00a0Jesen\u00edku z\u0159ejm\u011b zp\u016fsobily naka\u017eliv\u00e9 viry"},"content":{"rendered":"<p class=\"c_bB\">Nasv\u011bd\u010duje tomu v\u00fdsledek rozboru prvn\u00edho vzorku z\u00a0odb\u011br\u016f proveden\u00fdch u\u00a0nemocn\u00fdch, kter\u00fd z\u00a0laborato\u0159e obdr\u017eela Krajsk\u00e1 hygienick\u00e1 stanice v\u00a0Olomouci. \u201eZji\u0161t\u011bny v\u00a0n\u011bm byly vysoce naka\u017eliv\u00e9 noroviry, na dal\u0161\u00ed v\u00fdsledky je\u0161t\u011b \u010dek\u00e1me,\u201c \u0159ekla v\u00a0\u00fater\u00fd Novink\u00e1m mluv\u010d\u00ed KHS Mark\u00e9ta Koutn\u00e1 s\u00a0t\u00edm, \u017ee se jedn\u00e1 o\u00a0st\u0159evn\u00ed ch\u0159ipku.<\/p>\n<p class=\"c_bB\">Onemocn\u011bn\u00ed, kter\u00e9 zp\u016fsobuj\u00ed noroviry, se projevuje zvracen\u00edm, pr\u016fjmem a\u00a0bolestmi b\u0159icha, v\u00fdjime\u010dn\u011b tak\u00e9 zv\u00fd\u0161enou teplotou. Pr\u016fb\u011bh je p\u0159ev\u00e1\u017en\u011b m\u00edrn\u00fd a\u00a0pot\u00ed\u017ee ve v\u011bt\u0161in\u011b p\u0159\u00edpad\u016f odezn\u00ed b\u011bhem jednoho a\u017e t\u0159\u00ed dn\u016f, p\u0159i\u010dem\u017e v\u011bt\u0161ina lid\u00ed se zotav\u00ed bez nutnosti l\u00e9\u010dby.<\/p>\n<p class=\"c_bB\">U mal\u00fdch d\u011bt\u00ed, senior\u016f a\u00a0osob s\u00a0oslabenou imunitou v\u0161ak m\u016f\u017ee doj\u00edt k\u00a0t\u011b\u017ek\u00e9 dehydrataci vy\u017eaduj\u00edc\u00ed l\u00e9ka\u0159skou p\u00e9\u010di. I\u00a0z jesenick\u00fdch l\u00e1zn\u00ed muselo b\u00fdt \u0161est lid\u00ed p\u0159evezeno do nemocnice.<\/p>\n<p><a data-dot=\"atm-link\" target=\"_self\" href=\"https:\/\/www.novinky.cz\/clanek\/domaci-zpravy-olomoucky-kraj-zazivaci-obtize-v-priessnitzovych-laznich-v-jesenikach-hygiena-eviduje-uz-111-pripadu-40593122\" class=\"c_N\" rel=\"nofollow noopener\"><img fetchpriority=\"high\" height=\"450\" width=\"800\" src=\"https:\/\/www.europesays.com\/cz\/wp-content\/uploads\/2026\/08\/1787057408_875_54hB0hC.jpeg\" loading=\"eager\" decoding=\"sync\" class=\"c_t c_r\"\/><\/a><\/p>\n<p class=\"c_bB\">Hygienici v\u00a0nich zaevidovali celkem 111\u00a0nemocn\u00fdch. Situace vyvolala vlnu p\u0159\u00edsp\u011bvk\u016f na soci\u00e1ln\u00ed s\u00edti. Podle mnoh\u00fdch z\u00a0nich l\u00e1zn\u011b podcenily prevenci i\u00a0prvn\u00ed p\u0159\u00edpady onemocn\u011bn\u00ed. \u201eJe\u0161t\u011b jsem takov\u00e9 l\u00e1zn\u011b neza\u017eila. P\u0159\u00edbory \u0161pinav\u00e9, tal\u00ed\u0159e tak\u00e9. Ubrusy\u2026 fuj,\u201c uvedla jedna z\u00a0pisatelek.<\/p>\n<p class=\"c_bB\">\u201eL\u00e1zn\u011b to podcenily. V\u00a0jedn\u00e9 j\u00eddeln\u011b barel nav\u00edc s\u00a0hork\u00fdm \u010dajem a\u00a0rohl\u00edky, v\u00a0nich\u017e se hrabali, jak nemocn\u00ed, tak zdrav\u00ed,\u201c objevilo se v\u00a0dal\u0161\u00edm p\u0159\u00edsp\u011bvku.<\/p>\n<p class=\"c_bB\">\u201eNav\u0161t\u00edvili jsme l\u00e1zn\u011b s\u00a0rodinou ve st\u0159edu 13.\u00a08.\u00a02026, l\u00e1zn\u011b jsme pouze pro\u0161li a\u00a0dali si z\u00e1kusek a\u00a0dom\u00e1c\u00ed limon\u00e1du v\u00a0cukr\u00e1rn\u011b vedle hlavn\u00ed budovy. B\u011bhem p\u00e1r hodin jsme zvraceli cel\u00e1 rodina,\u201c sv\u011b\u0159il se se svou zku\u0161enost\u00ed na soci\u00e1ln\u00ed s\u00edti Marek Szostok.<\/p>\n<p class=\"c_bB\">Svou vzpom\u00ednku p\u0159ipojil i\u00a0Ji\u0159\u00ed Tome\u0161: \u201eByli jsme s\u00a0kolegou v\u00a0l\u00e1zn\u00edch na konci \u010dervna\u2026 \u0159\u00e1dilo to tam tak\u00e9\u2026 Dokonce jsem si to dovezl dom\u016f a\u00a0nakazil zbytek rodiny\u2026 dost\u00e1vali jsme se z\u00a0toho 10\u00a0dn\u00ed\u2026\u201c<\/p>\n<p class=\"c_bB\">Obchodn\u00ed \u0159editelka l\u00e1zn\u00ed Kate\u0159ina Tom\u00e1\u0161kov\u00e1 ji\u017e minul\u00fd t\u00fdden na soci\u00e1ln\u00ed s\u00edti uvedla, \u017ee l\u00e1zn\u011b ji\u017e p\u0159ijaly opat\u0159en\u00ed a\u00a0zam\u011bstnanci d\u011blaj\u00ed maximum. Z\u00e1rove\u0148 po\u017e\u00e1dala ve\u0159ejnost, aby ne\u0161\u00ed\u0159ila paniku.<\/p>\n<p class=\"c_bB\">Hygienici situaci nad\u00e1le sleduj\u00ed. \u201eV za\u0159\u00edzen\u00ed byla p\u0159ijata protiepidemick\u00e1 opat\u0159en\u00ed zahrnuj\u00edc\u00ed epidemiologick\u00e9 \u0161et\u0159en\u00ed, odb\u011bry vzork\u016f stolice u\u00a0zam\u011bstnanc\u016f p\u0159ipravuj\u00edc\u00edch stravu, zaji\u0161t\u011bn\u00ed dezinfekce rukou, zv\u00fd\u0161enou dezinfekci prostor v\u010detn\u011b toalet, sledov\u00e1n\u00ed zdravotn\u00edho stavu zam\u011bstnanc\u016f a\u00a0kontrolu stravovac\u00edho provozu v\u010detn\u011b odb\u011bru vzork\u016f pokrm\u016f,\u201c zd\u016fraznila Koutn\u00e1.<\/p>\n<p class=\"c_bB\">P\u0159ijat\u00e1 opat\u0159en\u00ed potvrdil \u010cTK i\u00a0\u0159editel l\u00e1zn\u00ed Roman Provazn\u00edk. Jde podle n\u011bj zejm\u00e9na o\u00a0dezinfekce povrch\u016f, rukou, informov\u00e1n\u00ed host\u016f, zaji\u0161t\u011bn\u00ed prov\u00e1d\u011bn\u00ed odb\u011br\u016f vzork\u016f od dal\u0161\u00edch nemocn\u00fdch, hl\u00e1\u0161en\u00ed po\u010dt\u016f nov\u00fdch nemocn\u00fdch a\u00a0podobn\u011b. \u201eL\u00e1zn\u011b jsou v\u00a0b\u011b\u017en\u00e9m provozu,\u201c dodal.<\/p>\n<p><a data-dot=\"atm-link\" target=\"_self\" href=\"https:\/\/www.novinky.cz\/clanek\/zdravi-nejvic-bradavic-si-prineseme-z-koupaliste-a-dalsi-pravdy-a-myty-o-nich-40583256\" class=\"c_N\" rel=\"nofollow noopener\"><img height=\"2304\" width=\"4096\" src=\"https:\/\/www.europesays.com\/cz\/wp-content\/uploads\/2026\/08\/bradavice.jpeg\" loading=\"eager\" decoding=\"sync\" class=\"c_t c_r\"\/><\/a><\/p>\n","protected":false},"excerpt":{"rendered":"Nasv\u011bd\u010duje tomu v\u00fdsledek rozboru prvn\u00edho vzorku z\u00a0odb\u011br\u016f proveden\u00fdch u\u00a0nemocn\u00fdch, kter\u00fd z\u00a0laborato\u0159e obdr\u017eela Krajsk\u00e1 hygienick\u00e1 stanice v\u00a0Olomouci. \u201eZji\u0161t\u011bny v\u00a0n\u011bm&hellip;\n","protected":false},"author":2,"featured_media":183603,"comment_status":"","ping_status":"","sticky":false,"template":"","format":"standard","meta":{"footnotes":"","_share_on_mastodon":"0"},"categories":[7],"tags":[43,42,41,40,1268,25963,4506,43399],"class_list":["post-183602","post","type-post","status-publish","format-standard","has-post-thumbnail","category-cesko","tag-ceska-republika","tag-cesko","tag-czech-republic","tag-czechia","tag-hygiena","tag-jesenik","tag-onemocneni","tag-priessnitzovy-lecebne-lazne"],"share_on_mastodon":{"url":"https:\/\/pubeurope.com\/@cz\/117116601949058139","error":""},"_links":{"self":[{"href":"https:\/\/www.europesays.com\/cz\/wp-json\/wp\/v2\/posts\/183602","targetHints":{"allow":["GET"]}}],"collection":[{"href":"https:\/\/www.europesays.com\/cz\/wp-json\/wp\/v2\/posts"}],"about":[{"href":"https:\/\/www.europesays.com\/cz\/wp-json\/wp\/v2\/types\/post"}],"author":[{"embeddable":true,"href":"https:\/\/www.europesays.com\/cz\/wp-json\/wp\/v2\/users\/2"}],"replies":[{"embeddable":true,"href":"https:\/\/www.europesays.com\/cz\/wp-json\/wp\/v2\/comments?post=183602"}],"version-history":[{"count":0,"href":"https:\/\/www.europesays.com\/cz\/wp-json\/wp\/v2\/posts\/183602\/revisions"}],"wp:featuredmedia":[{"embeddable":true,"href":"https:\/\/www.europesays.com\/cz\/wp-json\/wp\/v2\/media\/183603"}],"wp:attachment":[{"href":"https:\/\/www.europesays.com\/cz\/wp-json\/wp\/v2\/media?parent=183602"}],"wp:term":[{"taxonomy":"category","embeddable":true,"href":"https:\/\/www.europesays.com\/cz\/wp-json\/wp\/v2\/categories?post=183602"},{"taxonomy":"post_tag","embeddable":true,"href":"https:\/\/www.europesays.com\/cz\/wp-json\/wp\/v2\/tags?post=183602"}],"curies":[{"name":"wp","href":"https:\/\/api.w.org\/{rel}","templated":true}]}}