{"id":183962,"date":"2026-08-18T18:06:06","date_gmt":"2026-08-18T18:06:06","guid":{"rendered":"https:\/\/www.europesays.com\/cz\/183962\/"},"modified":"2026-08-18T18:06:06","modified_gmt":"2026-08-18T18:06:06","slug":"boje-v-jemenu-sili-husiove-utoci-na-dulezite-trase-pro-svetovou-prepravu-idnes-cz","status":"publish","type":"post","link":"https:\/\/www.europesays.com\/cz\/183962\/","title":{"rendered":"Boje v Jemenu s\u00edl\u00ed. H\u00fas\u00edov\u00e9 \u00fato\u010d\u00ed na d\u016fle\u017eit\u00e9 trase pro sv\u011btovou p\u0159epravu &#8211; iDNES.cz"},"content":{"rendered":"<p><a href=\"https:\/\/news.google.com\/rss\/articles\/CBMizAFBVV95cUxOdkN5OHFUOUJUTklyRzV1Zk91UE1ZRjFveWJKU2V5VVRmdkphX09WZGNPeV9adDA0ZVFBbDZsRnJlclFzRVl4RzV5NUJ1NThPS21fUjFOMXZLVTAybzd3NjdTZF81Z2dTWnJGOVRGS1NBUW9hU0ZEYnZzZGNmQUt6Snl2bVJIa0gybmJVLTI2VEdYRkVsamhwYWhCV0M2TDAyb19mQXl0M1FnZHpFX25RajlBMHI1QmtUSkgwc3F2R2VUalo1ZmpNQmdQWUo?oc=5\" target=\"_blank\" rel=\"nofollow noopener\">Boje v Jemenu s\u00edl\u00ed. H\u00fas\u00edov\u00e9 \u00fato\u010d\u00ed na d\u016fle\u017eit\u00e9 trase pro sv\u011btovou p\u0159epravu<\/a>&nbsp;&nbsp;iDNES.cz<a href=\"https:\/\/news.google.com\/rss\/articles\/CBMixwFBVV95cUxPQWpWRUpXRU9hLUhVVDRBZW4tdjY2Sm5GT0pzWlRicXFNTk8wYkdLOWgwN0pWRU5tZXljZ0g4M0NNcXRwa05DdXg3Z2JrMnVlOHZjMlRPT1g0MlJSMU50N0JWZlRWelpaU3E2Y2xMU2FMdXhrSjhGVnJHSVc0MnAteEtnemRoSV9wWDZMM25JcHFDbTlWRWhTNTVITEhpMjUyQjBpMTA5OWRvWjExQmlSZ0FuRmc5SEktdnJYd0FhZ0d2NnN1QVo4?oc=5\" target=\"_blank\" rel=\"nofollow noopener\">Jemen\u0161t\u00ed povstalci raketov\u00fdmi \u00fatoky ochromili d\u016fle\u017eit\u00fd p\u0159\u00edstav v Rud\u00e9m mo\u0159i<\/a>&nbsp;&nbsp;Seznam Zpr\u00e1vy<a href=\"https:\/\/news.google.com\/rss\/articles\/CBMinAFBVV95cUxQWDB6Wm5fS0dUT19KSXVlNzlKVkFHMDkxQllHcUhseUdXNnktUlk0dHZVdXQ2XzNCeXpvaUcxY0pmVmpwRE1nYWFiVUZ1N3ZpMkN0V3g0V0dGVGVtSkxWRzZXWlZ2dC1SWmJvS0k5NXJhaVFIa2VrRVlhWEpERXlJcnd3Zmszd3JQQ0RnTXF6Nm91eWdXWmVtanB2WUk?oc=5\" target=\"_blank\" rel=\"nofollow noopener\">H\u00fas\u00edov\u00e9 za\u00fato\u010dili na sa\u00fadskoarabskou rafin\u00e9rii<\/a>&nbsp;&nbsp;Novinky<a href=\"https:\/\/news.google.com\/rss\/articles\/CBMirgFBVV95cUxNMXM0aXY3bW90c1ZSQmhrYlZHNzRLWFFRbmltX2xYeWV5SGx5bWJQZmpXdzIyejRLWEpjcllueHNCUmFiX1lIcHJFNEJCUDJYTEVRalllZ1ZzWXB5NjQtZ0tQWEpvMWdpODVROTJHcDhxMFdwWU1pYThwNjV6SGNrVmsxeHJQSHJRbmpXNVpaQlpIVTZRZk5tNkRkTVktV2RtR2ZsVVNqdk9HZTk2bEE?oc=5\" target=\"_blank\" rel=\"nofollow noopener\">Hnisaj\u00edc\u00ed r\u00e1na v Jemenu: H\u00fatiov\u00e9 vstupuj\u00ed do v\u00e1lky a blokuj\u00ed Sa\u00fadskou Ar\u00e1bii<\/a>&nbsp;&nbsp;Arm\u00e1dn\u00ed noviny<a href=\"https:\/\/news.google.com\/rss\/articles\/CBMilwFBVV95cUxOa3N3bmo0Q2ZjQjBKSFpVYzJlV3lrd0dULWQ3eGFpRmUxcUhfUzZXaEJoem43V2VQUl95NWdWdEtjbTdYdTVVRGp6U1VZRmtxYWUxYS1QVndHMkZLaDRnSmk4XzlpdGZCOU81Q0dZcnNEMDdTQkRWTV82aVBCN0sxYzFSTE9Qbkw5ZkJTbFpteUNST09hV2Vn?oc=5\" target=\"_blank\" rel=\"nofollow noopener\">H\u00fat\u00edov\u00e9 tvrd\u00ed, \u017ee za\u00fato\u010dili na sa\u00fadskoarabsk\u00e1 vojensk\u00e1 plavidla u pob\u0159e\u017e\u00ed Jemenu.<\/a>&nbsp;&nbsp;vietnam.vn<\/p>\n","protected":false},"excerpt":{"rendered":"Boje v Jemenu s\u00edl\u00ed. H\u00fas\u00edov\u00e9 \u00fato\u010d\u00ed na d\u016fle\u017eit\u00e9 trase pro sv\u011btovou p\u0159epravu&nbsp;&nbsp;iDNES.czJemen\u0161t\u00ed povstalci raketov\u00fdmi \u00fatoky ochromili d\u016fle\u017eit\u00fd p\u0159\u00edstav&hellip;\n","protected":false},"author":2,"featured_media":183963,"comment_status":"","ping_status":"","sticky":false,"template":"","format":"standard","meta":{"footnotes":"","_share_on_mastodon":"0"},"categories":[11],"tags":[808,6585,54,11294,53,52],"class_list":["post-183962","post","type-post","status-publish","format-standard","has-post-thumbnail","category-svet","tag-iran","tag-jemen","tag-svet","tag-wall-street-journal","tag-world","tag-world-news"],"share_on_mastodon":{"url":"https:\/\/pubeurope.com\/@cz\/117117844369802762","error":""},"_links":{"self":[{"href":"https:\/\/www.europesays.com\/cz\/wp-json\/wp\/v2\/posts\/183962","targetHints":{"allow":["GET"]}}],"collection":[{"href":"https:\/\/www.europesays.com\/cz\/wp-json\/wp\/v2\/posts"}],"about":[{"href":"https:\/\/www.europesays.com\/cz\/wp-json\/wp\/v2\/types\/post"}],"author":[{"embeddable":true,"href":"https:\/\/www.europesays.com\/cz\/wp-json\/wp\/v2\/users\/2"}],"replies":[{"embeddable":true,"href":"https:\/\/www.europesays.com\/cz\/wp-json\/wp\/v2\/comments?post=183962"}],"version-history":[{"count":0,"href":"https:\/\/www.europesays.com\/cz\/wp-json\/wp\/v2\/posts\/183962\/revisions"}],"wp:featuredmedia":[{"embeddable":true,"href":"https:\/\/www.europesays.com\/cz\/wp-json\/wp\/v2\/media\/183963"}],"wp:attachment":[{"href":"https:\/\/www.europesays.com\/cz\/wp-json\/wp\/v2\/media?parent=183962"}],"wp:term":[{"taxonomy":"category","embeddable":true,"href":"https:\/\/www.europesays.com\/cz\/wp-json\/wp\/v2\/categories?post=183962"},{"taxonomy":"post_tag","embeddable":true,"href":"https:\/\/www.europesays.com\/cz\/wp-json\/wp\/v2\/tags?post=183962"}],"curies":[{"name":"wp","href":"https:\/\/api.w.org\/{rel}","templated":true}]}}