{"id":184668,"date":"2026-08-19T11:00:13","date_gmt":"2026-08-19T11:00:13","guid":{"rendered":"https:\/\/www.europesays.com\/cz\/184668\/"},"modified":"2026-08-19T11:00:13","modified_gmt":"2026-08-19T11:00:13","slug":"v-ms-rozmarynek-praha-13-pripravuje-tridu-pro-dvoulete-deti","status":"publish","type":"post","link":"https:\/\/www.europesays.com\/cz\/184668\/","title":{"rendered":"V M\u0160 Rozmar\u00fdnek Praha 13 p\u0159ipravuje t\u0159\u00eddu pro dvoulet\u00e9 d\u011bti"},"content":{"rendered":"<p>Prob\u00edhaj\u00edc\u00ed \u00fapravy v M\u0160 Rozmar\u00fdnek. Foto: P13<\/p>\n<p>\nVe stod\u016fleck\u00e9 Mate\u0159sk\u00e9 \u0161kole Rozmar\u00fdnek fini\u0161uje rekonstrukce t\u0159\u00eddy ur\u010den\u00e9 pro dvoulet\u00e9 d\u011bti. \u201ePostupn\u011b p\u0159ib\u00fdv\u00e1 nov\u00e9 vybaven\u00ed tak, aby bylo v\u0161e p\u0159ipraven\u00e9 na p\u0159\u00edchod na\u0161ich nejmen\u0161\u00edch \u0161kol\u00e1\u010dk\u016f,\u201c informovala m\u00edstostarostka Prahy 13\u00a0Marcela Plesn\u00edkov\u00e1\u00a0(ANO).<\/p>\n<p>\u00a0\n<\/p>\n<p>Podle m\u00edstostarostky m\u00e1 m\u011bstsk\u00e1 \u010d\u00e1st dostatek m\u00edst v\u00a0mate\u0159ink\u00e1ch, a proto m\u016f\u017ee od z\u00e1\u0159\u00ed nab\u00eddnout p\u0159ed\u0161koln\u00ed vzd\u011bl\u00e1v\u00e1n\u00ed tak\u00e9 d\u011btem od dvou let. \u201eJednou ze \u010dty\u0159 \u0161kolek, kter\u00e9 budou mal\u00e9 d\u011bti p\u0159ij\u00edmat, je i\u00a0M\u0160 Rozmar\u00fdnek,\u201c dodala.<\/p>\n","protected":false},"excerpt":{"rendered":"Prob\u00edhaj\u00edc\u00ed \u00fapravy v M\u0160 Rozmar\u00fdnek. Foto: P13 Ve stod\u016fleck\u00e9 Mate\u0159sk\u00e9 \u0161kole Rozmar\u00fdnek fini\u0161uje rekonstrukce t\u0159\u00eddy ur\u010den\u00e9 pro dvoulet\u00e9&hellip;\n","protected":false},"author":2,"featured_media":184669,"comment_status":"","ping_status":"","sticky":false,"template":"","format":"standard","meta":{"footnotes":"","_share_on_mastodon":"0"},"categories":[30],"tags":[15323,21137,98,99,12198,43722],"class_list":["post-184668","post","type-post","status-publish","format-standard","has-post-thumbnail","category-praha","tag-ms","tag-plesnikova","tag-prague","tag-praha","tag-praha-13","tag-rozmarynek"],"share_on_mastodon":{"url":"https:\/\/pubeurope.com\/@cz\/117121831867271514","error":""},"_links":{"self":[{"href":"https:\/\/www.europesays.com\/cz\/wp-json\/wp\/v2\/posts\/184668","targetHints":{"allow":["GET"]}}],"collection":[{"href":"https:\/\/www.europesays.com\/cz\/wp-json\/wp\/v2\/posts"}],"about":[{"href":"https:\/\/www.europesays.com\/cz\/wp-json\/wp\/v2\/types\/post"}],"author":[{"embeddable":true,"href":"https:\/\/www.europesays.com\/cz\/wp-json\/wp\/v2\/users\/2"}],"replies":[{"embeddable":true,"href":"https:\/\/www.europesays.com\/cz\/wp-json\/wp\/v2\/comments?post=184668"}],"version-history":[{"count":0,"href":"https:\/\/www.europesays.com\/cz\/wp-json\/wp\/v2\/posts\/184668\/revisions"}],"wp:featuredmedia":[{"embeddable":true,"href":"https:\/\/www.europesays.com\/cz\/wp-json\/wp\/v2\/media\/184669"}],"wp:attachment":[{"href":"https:\/\/www.europesays.com\/cz\/wp-json\/wp\/v2\/media?parent=184668"}],"wp:term":[{"taxonomy":"category","embeddable":true,"href":"https:\/\/www.europesays.com\/cz\/wp-json\/wp\/v2\/categories?post=184668"},{"taxonomy":"post_tag","embeddable":true,"href":"https:\/\/www.europesays.com\/cz\/wp-json\/wp\/v2\/tags?post=184668"}],"curies":[{"name":"wp","href":"https:\/\/api.w.org\/{rel}","templated":true}]}}