{"id":184764,"date":"2026-08-19T12:15:17","date_gmt":"2026-08-19T12:15:17","guid":{"rendered":"https:\/\/www.europesays.com\/cz\/184764\/"},"modified":"2026-08-19T12:15:17","modified_gmt":"2026-08-19T12:15:17","slug":"made-in-england-hornicek-mi-pripomina-cecha-kinsky-si-zaslouzi-chytat","status":"publish","type":"post","link":"https:\/\/www.europesays.com\/cz\/184764\/","title":{"rendered":"MADE IN ENGLAND: Horn\u00ed\u010dek mi p\u0159ipom\u00edn\u00e1 \u010cecha, Kinsk\u00fd si zaslou\u017e\u00ed chytat"},"content":{"rendered":"<p class=\"b_bF\">\u201eLuk\u00e1\u0161 Horn\u00ed\u010dek vybral dob\u0159e. U\u017e del\u0161\u00ed dobu se spekulovalo o\u00a0z\u00e1jmu \u0159ady klub\u016f o\u00a0n\u011bj, vyplatilo se mu po\u010dkat. Newcastle je skv\u011bl\u00fd klub. St\u00e1l velk\u00e9 pen\u00edze, proto by m\u011bl \u0161anci a\u00a0d\u016fv\u011bru dostat. Um\u00ed jazyk, a\u00a0tak rychle zapadne do kabiny, co\u017e je pro n\u011bj tak\u00e9 dob\u0159e.<\/p>\n<p class=\"b_bF\">A p\u0159edev\u0161\u00edm m\u00e1 fotbalov\u00e9 p\u0159edpoklady, aby usp\u011bl. Je vysok\u00fd, mr\u0161tn\u00fd, kdy\u017e se v\u00a0br\u00e1n\u011b rozt\u00e1hne, p\u0159ipom\u00edn\u00e1 mi Petra \u010cecha nebo Thibauta Courtoise. M\u00e1 dobr\u00e9 parametry, mysl\u00edm, \u017ee by mu m\u011blo sed\u011bt, kdy\u017e bude \u010delit centr\u016fm a\u00a0souboj\u016fm a\u00a0\u017ee bude zam\u011bstnan\u011bj\u0161\u00ed. Vypad\u00e1 to, \u017ee je i\u00a0dost zku\u0161en\u00fd, by\u0165 je mu po\u0159\u00e1d teprve \u010dty\u0159iadvacet. Za posledn\u00ed dv\u011b sezony toho odchytal hodn\u011b. Nav\u00edc co sleduji z\u00a0jeho rozhovor\u016f, p\u0159ijde mi, \u017ee to m\u00e1 v\u00a0hlav\u011b srovnan\u00e9. Zd\u00e1 se, \u017ee je rozumn\u00fd a\u00a0pohodov\u00fd.<\/p>\n<p><a data-dot=\"atm-link\" target=\"_self\" href=\"https:\/\/www.sport.cz\/clanek\/fotbal-ceska-1-liga-hornicek-vydela-pardubicim-balik-prijde-historicky-nejvyssi-castka-priznava-sef-klubu-5511707\" class=\"b_V g_ia\" rel=\"nofollow noopener\"><img fetchpriority=\"high\" height=\"414\" width=\"552\" src=\"https:\/\/www.europesays.com\/cz\/wp-content\/uploads\/2026\/08\/1787141713_568_sport-fotbal-pardubice.jpeg\" loading=\"eager\" decoding=\"sync\" class=\"b_B b_z\"\/><\/a><\/p>\n<p class=\"b_bF\">Samoz\u0159ejm\u011b pot\u0159ebuje uk\u00e1zat kvalitu na tr\u00e9ninku i\u00a0v z\u00e1pasech. Pak t\u00fdm uvid\u00ed, \u017ee se o\u00a0n\u011bj m\u016f\u017ee op\u0159\u00edt, a\u00a0taky mu pom\u016f\u017ee. Ale jsem p\u0159esv\u011bd\u010den\u00fd o\u00a0tom, \u017ee Premier League mu m\u016f\u017ee vyhovovat.<\/p>\n<p><a data-dot=\"atm-link\" target=\"_self\" href=\"https:\/\/www.sport.cz\/clanek\/fotbal-premier-league-hotovo-hornicek-podepsal-v-premier-league-stal-se-tretim-nejdrazsim-ceskym-fotbalistou-5511476\" class=\"b_V g_ia\" rel=\"nofollow noopener\"><img height=\"2730\" width=\"3641\" src=\"https:\/\/www.europesays.com\/cz\/wp-content\/uploads\/2026\/08\/1787141714_445_73f1.jpeg\" loading=\"eager\" decoding=\"sync\" class=\"b_B b_z\"\/><\/a><\/p>\n<p class=\"b_bF\">Newcastle pro\u0161el v\u00a0l\u00e9t\u011b pom\u011brn\u011b v\u00fdraznou obm\u011bnou, ode\u0161li Bruno Guimaraes, Sandro Tonali nebo Anthony Gordon. P\u0159i\u0161li mlad\u00ed hr\u00e1\u010di, t\u00fdm m\u00e1 nov\u00e9ho tren\u00e9ra Matthiase Jaissleho. Ob\u010das neu\u0161kod\u00ed ud\u011blat trochu pr\u016fvan v\u00a0mu\u017estvu, pro\u010dist\u00ed se vzduch, p\u0159ijde nov\u00e1 krev a\u00a0znovu se v\u0161e nastartuje. Minul\u00e1 sezona nebyla ide\u00e1ln\u00ed, hr\u00e1\u010di byli mo\u017en\u00e1 a\u017e moc uspokojen\u00ed. V\u011b\u0159\u00edm, \u017ee v\u00a0nov\u00e9 sezon\u011b bude Newcastle lep\u0161\u00ed a\u00a0p\u0159edev\u0161\u00edm \u017ee Luk\u00e1\u0161 bude dob\u0159e chytat.<\/p>\n<p class=\"b_bF\">Tonda Kinsk\u00fd si vybojoval pozici jedni\u010dky v\u00a0Tottenhamu. Prvn\u00ed rok a\u00a0p\u016fl v\u00a0klubu m\u011bl slo\u017eit\u00fd, ale mus\u00edm p\u0159ed n\u00edm smeknout klobouk za to, jak v\u0161e zvl\u00e1dl. Uk\u00e1zal, jak je psychicky odoln\u00fd, jak to m\u00e1 v\u00a0hlav\u011b srovnan\u00e9, jak se dok\u00e1\u017ee oklepat z\u00a0chyb a\u00a0j\u00edt d\u00e1l vlastn\u00ed cestou. Mysl\u00edm, \u017ee si d\u00edky tomu v\u0161emu zaslou\u017e\u00ed \u0161anci, aby chytal.<\/p>\n<p class=\"b_bF\">\u0158ekl bych, \u017ee i\u00a0fanou\u0161ci ocen\u00ed, jak odoln\u00fd je a\u00a0jak dok\u00e1zal po Atl\u00e9tiku zvednout hlavu. Tvrd\u011b na sob\u011b pracoval a\u00a0byl p\u0159ipraven\u00fd, kdy\u017e to mu\u017estvo pot\u0159ebovalo. V\u00fdrazn\u011b pomohl Tottenhamu k\u00a0z\u00e1chran\u011b, v\u00a0posledn\u00edch kolech m\u011bl skv\u011bl\u00e9 z\u00e1kroky, podr\u017eel t\u00fdm, p\u0159isp\u00edval k\u00a0bod\u016fm.<\/p>\n<p><a data-dot=\"atm-link\" target=\"_self\" href=\"https:\/\/www.sport.cz\/clanek\/fotbal-premier-league-kinsky-podepsal-novou-smlouvu-v-tottenhamu-5494052\" class=\"b_V g_ia\" rel=\"nofollow noopener\"><img height=\"1684\" width=\"2245\" src=\"https:\/\/www.europesays.com\/cz\/wp-content\/uploads\/2026\/08\/sport-fotbal-kinsky.jpeg\" loading=\"eager\" decoding=\"sync\" class=\"b_B b_z\"\/><\/a><\/p>\n<p class=\"b_bF\">Nediv\u00edm se, \u017ee volba padla na n\u011bj. Te\u010f u\u017e nemus\u00ed b\u00fdt pod tak velk\u00fdm tlakem, m\u016f\u017ee m\u00edt \u010distou hlavu. V\u00ed, \u017ee je \u010d\u00edslo jedna a\u00a0\u017ee se m\u016f\u017ee soust\u0159edit jen na sv\u00e9 v\u00fdkony. Za sebou m\u00e1 zku\u0161en\u00e9ho Martina D\u00fabravku, kter\u00fd mu bude kr\u00fdt z\u00e1da.<\/p>\n<p class=\"b_bF\">Tottenham taky pro\u0161el obm\u011bnou, p\u0159i\u0161li za obrovsk\u00e9 pen\u00edze Tonali, Mateus Fernandes nebo Jan Paul van Hecke. Zaslechl jsem n\u00e1zory, \u017ee se n\u011bkter\u00fdm lidem a\u00a0fanou\u0161k\u016fm nel\u00edb\u00ed, jak\u00e9 hr\u00e1\u010de a\u00a0za jak\u00e9 pen\u00edze Spurs kupuj\u00ed. Ale mn\u011b p\u0159ijde, \u017ee ti hr\u00e1\u010di maj\u00ed kvalitu a\u00a0\u017ee t\u00fdm byl dob\u0159e dopln\u011bn. Jsem taky p\u0159ekvapen\u00fd, kolik pen\u011bz utratili, ale ty n\u00e1kupy podle m\u011b nevypadaj\u00ed \u0161patn\u011b.<\/p>\n<p><a data-dot=\"atm-link\" target=\"_self\" href=\"https:\/\/www.sport.cz\/clanek\/fotbal-premier-league-rekordni-posila-tottenham-zaplati-az-100-milionu-liber-5496304\" class=\"b_V g_ia\" rel=\"nofollow noopener\"><img height=\"2730\" width=\"3641\" src=\"https:\/\/www.europesays.com\/cz\/wp-content\/uploads\/2026\/08\/sport-fotbal-tottenham-tonali.jpeg\" loading=\"eager\" decoding=\"sync\" class=\"b_B b_z\"\/><\/a><\/p>\n<p class=\"b_bF\">V\u0161e se uk\u00e1\u017ee a\u017e na h\u0159i\u0161ti. Uvid\u00ed se, jak nov\u00ed hr\u00e1\u010di zapadnou. Ale Tottenham d\u00e1v\u00e1 najevo, \u017ee nechce pro\u017e\u00edt sezonu jako tu posledn\u00ed. Posily podle m\u011b vybral s\u00a0rozvahou. Ti kluci by m\u011bli zapadnout a\u00a0pomoct k\u00a0tomu, aby nadch\u00e1zej\u00edc\u00ed sezona byla daleko lep\u0161\u00ed ne\u017e ta minul\u00e1. V\u011b\u0159\u00edm, \u017ee Spurs budou hr\u00e1t naho\u0159e.<\/p>\n<p class=\"b_bF\">Championship za\u010dala u\u017e o\u00a0v\u00edkendu. V\u00fdhrou odstartoval Middlesbrough s\u00a0g\u00f3lmanem Radkem V\u00edtkem, kter\u00fd sem p\u0159estoupil z\u00a0Manchesteru United. Mus\u00edm \u0159\u00edct, \u017ee jeho cesta se mi l\u00edb\u00ed. D\u011bl\u00e1 postupn\u00e9 kroky, hostoval v\u00a0ni\u017e\u0161\u00ed anglick\u00e9 lize, pak byl v\u00a0Linci, minulou sezonu v\u00a0Championship v\u00a0Bristolu. Dob\u0159e na sob\u011b pracuje a\u00a0s agentem vyb\u00edraj\u00ed spr\u00e1vn\u00e9 t\u00fdmy. V\u011bd\u00ed, \u017ee mu budou sed\u011bt a\u00a0\u017ee bude chytat.<\/p>\n<p><a data-dot=\"atm-link\" target=\"_self\" href=\"https:\/\/www.sport.cz\/clanek\/fotbal-brankar-vitek-ma-za-sebou-vitezny-debut-za-middlesbrough-5514137\" class=\"b_V g_ia\" rel=\"nofollow noopener\"><img height=\"2833\" width=\"3778\" src=\"https:\/\/www.europesays.com\/cz\/wp-content\/uploads\/2026\/08\/fotbal-rdek-vitek-middlesbrough.jpeg\" loading=\"eager\" decoding=\"sync\" class=\"b_B b_z\"\/><\/a><\/p>\n<p class=\"b_bF\">Ur\u010dit\u011b by si cht\u011bl chytit v\u00a0Manchesteru, co\u017e ale nen\u00ed jednoduch\u00e9. Championship je nesm\u00edrn\u011b kvalitn\u00ed sout\u011b\u017e. M\u016f\u017ee se v\u00a0n\u00ed d\u00e1l rozv\u00edjet a\u00a0bu\u010f pomoct Middlesbrough k\u00a0postupu, nebo si \u0159\u00edct o\u00a0m\u00edsto v\u00a0Premier League sv\u00fdmi v\u00fdkony. Fand\u00edm mu.<\/p>\n<p class=\"b_bF\">Druhou anglickou ligu jsem hr\u00e1l sedm sezon, v\u00edm, \u017ee d\u00e1 hr\u00e1\u010di stra\u0161n\u011b moc. Jste po\u0159\u00e1d pod tlakem, chod\u00ed pln\u00e9 stadiony, m\u00e1 n\u00e1boj, je taky po\u0159\u00e1d v\u00a0televizi. Ano, nen\u00ed to Premier League, ale je to v\u00fdborn\u00e1 p\u0159\u00edprava na ni.<\/p>\n<p class=\"b_bF\">Uvid\u00edme, jestli v\u00a0n\u00ed z\u016fstane obr\u00e1nce L\u00e1\u010fa Krej\u010d\u00ed. V\u00a0prvn\u00edm z\u00e1pase za Wolverhampton po sestupu nehr\u00e1l. Tren\u00e9r i\u00a0management by ho v\u00a0t\u00fdmu jist\u011b cht\u011bli, z\u00e1rove\u0148 mus\u00ed myslet i\u00a0na finance. Dal\u0161\u00ed v\u011bc\u00ed je, co chce s\u00e1m L\u00e1\u010fa. Bude taky z\u00e1le\u017eet na tom, jak\u00e9 nab\u00eddky a\u00a0odkud p\u0159ijdou. Moment\u00e1ln\u011b se navenek nic moc ned\u011bje. Pokud by tam z\u016fstal, nebyl by to krok zp\u011bt.<\/p>\n<p><a data-dot=\"atm-link\" target=\"_self\" href=\"https:\/\/www.sport.cz\/clanek\/fotbal-novy-trener-o-krejciho-stoji-nevyloucil-vsak-ani-jeho-odchod-5513797\" class=\"b_V g_ia\" rel=\"nofollow noopener\"><img height=\"2250\" width=\"2999\" src=\"https:\/\/www.europesays.com\/cz\/wp-content\/uploads\/2026\/08\/1787141717_769_sport-wolverhampton-krejci.jpeg\" loading=\"eager\" decoding=\"sync\" class=\"b_B b_z\"\/><\/a><\/p>\n<p class=\"b_bF\">Pokud hr\u00e1\u010d po sestupu z\u016fstane a\u00a0pom\u016f\u017ee k\u00a0sestupu zp\u011bt do Premier League, zap\u00ed\u0161e se pak nesmazateln\u011b do historie klubu a\u00a0srdc\u00ed fanou\u0161k\u016f. Vid\u00edme to na West Hamu, kde z\u016fstali Jarrod Bowen nebo Tom\u00e1\u0161 Sou\u010dek. Mn\u011b se tohle l\u00edb\u00ed, ukazuje to na charakter t\u011bch kluk\u016f. P\u0159ed lety jsme to vid\u011bli na Juventusu, kdy po sestupu do Serie B z\u016fstali v\u00a0t\u00fdmu Pavel Nedv\u011bd, Gianluigi Buffon nebo Alessandro Del Piero.<\/p>\n<p class=\"b_bF\">Fotbal nen\u00ed jen o\u00a0pen\u011bz\u00edch. Bowen s\u00e1m \u0159\u00edkal, \u017ee by si vy\u010d\u00edtal, pokud by se nepokusil s\u00a0West Hamem postoupit zp\u00e1tky do Premier League. Je \u0161koda, \u017ee je Suk zran\u011bn\u00fd. Je\u0161t\u011b asi bude chv\u00edli trvat, ne\u017e se vr\u00e1t\u00ed na h\u0159i\u0161t\u011b. Ka\u017edop\u00e1dn\u011b v\u011b\u0159\u00edm, \u017ee t\u00fdmu je\u0161t\u011b pom\u016f\u017ee. Nepochybuji o\u00a0tom, \u017ee se vr\u00e1t\u00ed p\u0159ipraven\u00fd.\u201c<\/p>\n<p>Daniel Pudil<\/p>\n<p class=\"b_bF\">B\u00fdval\u00fd fotbalov\u00fd reprezentant, kter\u00fd v kari\u00e9\u0159e p\u016fsobil mimo jin\u00e9 v Liberci, Slavii, Genku, Cesan\u011b, Watfordu, Sheffieldu Wednesday nebo Mlad\u00e9 Boleslavi. Je dvojn\u00e1sobn\u00fdm \u010desk\u00fdm mistrem, v Belgii slavil titul i triumf v poh\u00e1ru. Zahr\u00e1l si na mistrovstv\u00ed Evropy v roce 2016. V Anglii odehr\u00e1l p\u0159es dv\u011b st\u011b sout\u011b\u017en\u00edch z\u00e1pas\u016f.<\/p>\n<p><a data-dot=\"atm-link\" target=\"_self\" href=\"https:\/\/www.sport.cz\/clanek\/fotbal-premier-league-kretinsky-prodal-cast-sveho-podilu-ve-west-hamu-ceskemu-miliardari-5511565\" class=\"b_V g_ia\" rel=\"nofollow noopener\"><img height=\"1927\" width=\"2570\" src=\"https:\/\/www.europesays.com\/cz\/wp-content\/uploads\/2026\/08\/1787141717_513_d195.jpeg\" loading=\"eager\" decoding=\"sync\" class=\"b_B b_z\"\/><\/a><\/p>\n","protected":false},"excerpt":{"rendered":"\u201eLuk\u00e1\u0161 Horn\u00ed\u010dek vybral dob\u0159e. U\u017e del\u0161\u00ed dobu se spekulovalo o\u00a0z\u00e1jmu \u0159ady klub\u016f o\u00a0n\u011bj, vyplatilo se mu po\u010dkat. Newcastle&hellip;\n","protected":false},"author":2,"featured_media":184765,"comment_status":"","ping_status":"","sticky":false,"template":"","format":"standard","meta":{"footnotes":"","_share_on_mastodon":"0"},"categories":[15],"tags":[2110,10021,326,43733,1662,18388,41601,1191,1149,18111,94,93,4942,4128,3301],"class_list":["post-184764","post","type-post","status-publish","format-standard","has-post-thumbnail","category-sport","tag-anglie","tag-antonin-kinsky-mladsi","tag-fotbal","tag-jarrod-bowen","tag-ladislav-krejci","tag-lukas-hornicek","tag-middlesbrough","tag-newcastle-united-fc","tag-premier-league","tag-radek-vitek","tag-sport","tag-sports","tag-tomas-soucek","tag-tottenham-hotspur-fc","tag-west-ham-united"],"share_on_mastodon":{"url":"https:\/\/pubeurope.com\/@cz\/117122127226973842","error":""},"_links":{"self":[{"href":"https:\/\/www.europesays.com\/cz\/wp-json\/wp\/v2\/posts\/184764","targetHints":{"allow":["GET"]}}],"collection":[{"href":"https:\/\/www.europesays.com\/cz\/wp-json\/wp\/v2\/posts"}],"about":[{"href":"https:\/\/www.europesays.com\/cz\/wp-json\/wp\/v2\/types\/post"}],"author":[{"embeddable":true,"href":"https:\/\/www.europesays.com\/cz\/wp-json\/wp\/v2\/users\/2"}],"replies":[{"embeddable":true,"href":"https:\/\/www.europesays.com\/cz\/wp-json\/wp\/v2\/comments?post=184764"}],"version-history":[{"count":0,"href":"https:\/\/www.europesays.com\/cz\/wp-json\/wp\/v2\/posts\/184764\/revisions"}],"wp:featuredmedia":[{"embeddable":true,"href":"https:\/\/www.europesays.com\/cz\/wp-json\/wp\/v2\/media\/184765"}],"wp:attachment":[{"href":"https:\/\/www.europesays.com\/cz\/wp-json\/wp\/v2\/media?parent=184764"}],"wp:term":[{"taxonomy":"category","embeddable":true,"href":"https:\/\/www.europesays.com\/cz\/wp-json\/wp\/v2\/categories?post=184764"},{"taxonomy":"post_tag","embeddable":true,"href":"https:\/\/www.europesays.com\/cz\/wp-json\/wp\/v2\/tags?post=184764"}],"curies":[{"name":"wp","href":"https:\/\/api.w.org\/{rel}","templated":true}]}}