{"id":184770,"date":"2026-08-19T12:20:13","date_gmt":"2026-08-19T12:20:13","guid":{"rendered":"https:\/\/www.europesays.com\/cz\/184770\/"},"modified":"2026-08-19T12:20:13","modified_gmt":"2026-08-19T12:20:13","slug":"nakazu-v-jesenickych-laznich-zpusobily-noroviry-lide-se-presto-boji-prijet","status":"publish","type":"post","link":"https:\/\/www.europesays.com\/cz\/184770\/","title":{"rendered":"N\u00e1kazu v\u00a0jesenick\u00fdch l\u00e1zn\u00edch zp\u016fsobily noroviry. Lid\u00e9 se p\u0159esto boj\u00ed p\u0159ijet"},"content":{"rendered":"<p class=\"c_bB\">L\u00e1zn\u011b \u010del\u00ed nyn\u00ed podle jejich \u0159editele Romana Provazn\u00edka obav\u00e1m klient\u016f, kte\u0159\u00ed sem maj\u00ed v\u00a0p\u0159\u00ed\u0161t\u00edch dnech p\u0159ijet. Podle n\u011bj se ji\u017e ale nemaj\u00ed \u010deho ob\u00e1vat.<\/p>\n<p class=\"c_bB\">\u201eV r\u00e1mci prob\u00edhaj\u00edc\u00edho epidemiologick\u00e9ho \u0161et\u0159en\u00ed byla laboratorn\u00edm vy\u0161et\u0159en\u00edm klinick\u00fdch vzork\u016f zat\u00edm potvrzena p\u0159\u00edtomnost norovir\u016f u\u00a0dvou osob. Na v\u00fdsledky laboratorn\u00edch vy\u0161et\u0159en\u00ed zb\u00fdvaj\u00edc\u00edch odebran\u00fdch klinick\u00fdch vzork\u016f KHS nad\u00e1le \u010dek\u00e1,\u201c uvedla mluv\u010d\u00ed.<\/p>\n<p class=\"c_bB\">Prvn\u00ed p\u0159\u00edpady onemocn\u011bn\u00ed se objevily 7.\u00a0srpna, n\u00e1sledn\u011b jich hygienici zaznamenali 111, v\u00a0posledn\u00edch dnech jich p\u0159ibylo jen n\u011bkolik. \u201eK dne\u0161n\u00edmu dni (st\u0159edy) byly hl\u00e1\u0161eny \u010dty\u0159i nov\u00e9 p\u0159\u00edpady onemocn\u011bn\u00ed. V\u00a0porovn\u00e1n\u00ed s\u00a0p\u0159edchoz\u00edm obdob\u00edm tak KHS zaznamen\u00e1v\u00e1 pokles po\u010dtu nov\u011b hl\u00e1\u0161en\u00fdch p\u0159\u00edpad\u016f. Dosavadn\u00ed v\u00fdvoj epidemiologick\u00e9 situace m\u016f\u017ee sv\u011bd\u010dit o\u00a0\u00fa\u010dinnosti p\u0159ijat\u00fdch protiepidemick\u00fdch opat\u0159en\u00ed,\u201c konstatovala Koutn\u00e1.<\/p>\n<p><a data-dot=\"atm-link\" target=\"_self\" href=\"https:\/\/www.novinky.cz\/clanek\/domaci-zpravy-olomoucky-kraj-zazivaci-obtize-v-priessnitzovych-laznich-v-jesenikach-hygiena-eviduje-uz-111-pripadu-40593122\" class=\"c_N\" rel=\"nofollow noopener\"><img fetchpriority=\"high\" height=\"450\" width=\"800\" src=\"https:\/\/www.europesays.com\/cz\/wp-content\/uploads\/2026\/08\/1787142012_311_54hB0hC.jpeg\" loading=\"eager\" decoding=\"sync\" class=\"c_t c_r\"\/><\/a><\/p>\n<p class=\"c_bB\">V l\u00e1zn\u00edch byla p\u0159ijata protiepidemick\u00e1 opat\u0159en\u00ed zahrnuj\u00edc\u00ed epidemiologick\u00e9 \u0161et\u0159en\u00ed, odb\u011bry vzork\u016f stolice u\u00a0zam\u011bstnanc\u016f p\u0159ipravuj\u00edc\u00edch stravu, zaji\u0161t\u011bn\u00ed dezinfekce rukou, zv\u00fd\u0161enou dezinfekci prostor v\u010detn\u011b toalet, sledov\u00e1n\u00ed zdravotn\u00edho stavu zam\u011bstnanc\u016f a\u00a0kontrolu stravovac\u00edho provozu v\u010detn\u011b odb\u011bru vzork\u016f pokrm\u016f.<\/p>\n<p class=\"c_bB\">\u201eOkam\u017eit\u011b jsme nasadili dezinfek\u010dn\u00ed opat\u0159en\u00ed, jak n\u00e1m na\u0159\u00eddila hygiena. M\u011bli jsme je i\u00a0d\u0159\u00edve, tak\u017ee jsme je pouze zintenzivnili, nebyl to \u017e\u00e1dn\u00fd probl\u00e9m a\u00a0b\u011bhem n\u011bkolika dn\u016f se poda\u0159ilo \u0161\u00ed\u0159en\u00ed infekce zamezit,\u201c \u0159ekl Novink\u00e1m ve st\u0159edu \u0159editel l\u00e1zn\u00ed Roman Provazn\u00edk.<\/p>\n<p class=\"c_bB\">KHS podle Koutn\u00e9 situaci nad\u00e1le sleduje a\u00a0pokra\u010duje v\u00a0epidemiologick\u00e9m \u0161et\u0159en\u00ed. \u201eP\u0159ijat\u00e1 protiepidemick\u00e1 opat\u0159en\u00ed z\u016fst\u00e1vaj\u00ed v\u00a0platnosti a\u00a0jejich dodr\u017eov\u00e1n\u00ed je nad\u00e1le nezbytn\u00e9. Dal\u0161\u00ed informace budou zve\u0159ejn\u011bny v\u00a0n\u00e1vaznosti na v\u00fdvoj epidemiologick\u00e9 situace a\u00a0v\u00fdsledky prob\u00edhaj\u00edc\u00edho \u0161et\u0159en\u00ed,\u201c doplnila mluv\u010d\u00ed KHS.<\/p>\n<p class=\"c_bB\">Priessnitzovy l\u00e9\u010debn\u00e9 l\u00e1zn\u011b \u010del\u00ed v\u00a0souvislosti s\u00a0n\u00e1kazou kritice na soci\u00e1ln\u00ed s\u00edti Facebook. Provazn\u00edk ji ozna\u010dil za neopr\u00e1vn\u011bnou. \u201eFacebook je semeni\u0161t\u011b sam\u00e9 negativity, tam si nap\u00ed\u0161e, kdo chce, co chce a\u00a0nelze to nijak ov\u011b\u0159it, jestli mluv\u00ed pravdu, nebo ne,\u201c konstatoval \u0159editel.<\/p>\n<p class=\"c_bB\">\u201eTak samoz\u0159ejm\u011b, kdy\u017e m\u00e1me ubytovan\u00fdch 700\u00a0osob, tak se najde t\u0159eba n\u011bkdo, kdo za\u010dne kritizovat, \u017ee nen\u00ed \u010d\u00edm \u010distit ruce, \u017ee byla pr\u00e1zdn\u00e1 dezinfekce. No, jak to chcete prov\u011b\u0159ovat, kdy\u017e dal\u0161\u00edch 150\u00a0lid\u00ed v\u00e1m \u0159ekne, \u017ee je to tady v\u00fdborn\u00e9, m\u00e1me tady dezinfekci u\u00a0vstupu do ka\u017ed\u00e9 j\u00eddelny, ruce si m\u00e1me kde um\u00fdt, je to dobr\u00e9, jak se o\u00a0n\u00e1s star\u00e1te,\u201c poznamenal Provazn\u00edk.<\/p>\n<p class=\"c_bB\">Sou\u010dasnou situaci v\u00a0l\u00e1zn\u00edch ozna\u010dil za stabilizovanou. P\u0159ipustil p\u0159itom, \u017ee \u0159ada lid\u00ed m\u00e1 i\u00a0p\u0159esto obavu p\u0159ijet pot\u00e9, co se o\u00a0n\u00e1kaze objevily informace v\u00a0m\u00e9di\u00edch. <\/p>\n<p class=\"c_bB\">\u201eOdpov\u00edd\u00e1m na smr\u0161\u0165 dotaz\u016f t\u011bch, kte\u0159\u00ed maj\u00ed obavu k\u00a0n\u00e1m p\u0159ijet, co maj\u00ed d\u011blat, zda p\u0159ijet, nebo ne. Tak jim odpov\u00edd\u00e1m, jak\u00e1 je skute\u010dn\u011b situace a\u00a0\u017ee u\u017e se nemaj\u00ed \u010deho b\u00e1t,\u201c dodal \u0159editel.<\/p>\n<p><a data-dot=\"atm-link\" target=\"_self\" href=\"https:\/\/www.novinky.cz\/clanek\/domaci-zpravy-olomoucky-kraj-jeste-jsem-takove-lazne-nezazila-zazivaci-potize-v-jeseniku-zrejme-zpusobily-nakazlive-viry-40593213\" class=\"c_N\" rel=\"nofollow noopener\"><img height=\"2052\" width=\"3648\" src=\"https:\/\/www.europesays.com\/cz\/wp-content\/uploads\/2026\/08\/1787142013_937_priessnitzovy-lecebne-lazne-onemocneni-hygiena-jesenik.mpo.jpeg\" loading=\"eager\" decoding=\"sync\" class=\"c_t c_r\"\/><\/a><\/p>\n","protected":false},"excerpt":{"rendered":"L\u00e1zn\u011b \u010del\u00ed nyn\u00ed podle jejich \u0159editele Romana Provazn\u00edka obav\u00e1m klient\u016f, kte\u0159\u00ed sem maj\u00ed v\u00a0p\u0159\u00ed\u0161t\u00edch dnech p\u0159ijet. Podle n\u011bj&hellip;\n","protected":false},"author":2,"featured_media":184771,"comment_status":"","ping_status":"","sticky":false,"template":"","format":"standard","meta":{"footnotes":"","_share_on_mastodon":"0"},"categories":[7],"tags":[43,42,41,40,1268,25963,663,43399],"class_list":["post-184770","post","type-post","status-publish","format-standard","has-post-thumbnail","category-cesko","tag-ceska-republika","tag-cesko","tag-czech-republic","tag-czechia","tag-hygiena","tag-jesenik","tag-nakaza","tag-priessnitzovy-lecebne-lazne"],"share_on_mastodon":{"url":"https:\/\/pubeurope.com\/@cz\/117122146705744319","error":""},"_links":{"self":[{"href":"https:\/\/www.europesays.com\/cz\/wp-json\/wp\/v2\/posts\/184770","targetHints":{"allow":["GET"]}}],"collection":[{"href":"https:\/\/www.europesays.com\/cz\/wp-json\/wp\/v2\/posts"}],"about":[{"href":"https:\/\/www.europesays.com\/cz\/wp-json\/wp\/v2\/types\/post"}],"author":[{"embeddable":true,"href":"https:\/\/www.europesays.com\/cz\/wp-json\/wp\/v2\/users\/2"}],"replies":[{"embeddable":true,"href":"https:\/\/www.europesays.com\/cz\/wp-json\/wp\/v2\/comments?post=184770"}],"version-history":[{"count":0,"href":"https:\/\/www.europesays.com\/cz\/wp-json\/wp\/v2\/posts\/184770\/revisions"}],"wp:featuredmedia":[{"embeddable":true,"href":"https:\/\/www.europesays.com\/cz\/wp-json\/wp\/v2\/media\/184771"}],"wp:attachment":[{"href":"https:\/\/www.europesays.com\/cz\/wp-json\/wp\/v2\/media?parent=184770"}],"wp:term":[{"taxonomy":"category","embeddable":true,"href":"https:\/\/www.europesays.com\/cz\/wp-json\/wp\/v2\/categories?post=184770"},{"taxonomy":"post_tag","embeddable":true,"href":"https:\/\/www.europesays.com\/cz\/wp-json\/wp\/v2\/tags?post=184770"}],"curies":[{"name":"wp","href":"https:\/\/api.w.org\/{rel}","templated":true}]}}