{"id":184900,"date":"2026-08-19T14:17:07","date_gmt":"2026-08-19T14:17:07","guid":{"rendered":"https:\/\/www.europesays.com\/cz\/184900\/"},"modified":"2026-08-19T14:17:07","modified_gmt":"2026-08-19T14:17:07","slug":"policie-patra-po-desetiletem-chlapci-ktery-se-ztratil-v-praze-6-idnes-cz","status":"publish","type":"post","link":"https:\/\/www.europesays.com\/cz\/184900\/","title":{"rendered":"Policie p\u00e1tr\u00e1 po desetilet\u00e9m chlapci, kter\u00fd se ztratil v Praze 6 &#8211; iDNES.cz"},"content":{"rendered":"<p><a href=\"https:\/\/news.google.com\/rss\/articles\/CBMirgFBVV95cUxObkswcFhpLUJSd1hhTVdSQTZHWGg4amFsYll3OGRNQzlRLUlkX2l4amRVcG8zRU9hb1BpeGxsc1UxdEMyU240dnhZamF5WTEzcG1uOThiQkZiWUtzV3lESUFHM0RvbldTREc1OGhxQlphY1pNbTNPalcxUXBQUXgwenZrbTgyMlFvdUNoOWJKTl9MUVRNUFhIcFBuTXhtcExhc0ZzUUJjUkpOQWFVNnc?oc=5\" target=\"_blank\" rel=\"nofollow noopener\">Policie p\u00e1tr\u00e1 po desetilet\u00e9m chlapci, kter\u00fd se ztratil v Praze 6<\/a>&nbsp;&nbsp;iDNES.cz<a href=\"https:\/\/news.google.com\/rss\/articles\/CBMirAFBVV95cUxNOHh6a0xLMXNnTllJemhweUtzTXN1U0tJa3dzekRlSWZjZlVuaE55LXEyRXVzNzczOXJfQmptZHFib0EwVW1UaFNQWTlpb2FHZTdiM0xDdGRITGk5Wi04QllqcDJiYV96ZlBtT3R2bDVHb3lzUl9nYkQtZkFoVUVSNnpfR0dfMERES1V3NVEwbWJQVjBLdVpQMDhrQkVzZlVnaHZKRERpWkNGZWlp?oc=5\" target=\"_blank\" rel=\"nofollow noopener\">Policie v Praze p\u00e1tr\u00e1 po 10let\u00e9m Martinovi, dopoledne ode\u0161el z muzea<\/a>&nbsp;&nbsp;Novinky<a href=\"https:\/\/news.google.com\/rss\/articles\/CBMiwAFBVV95cUxOVVJJLTZiRk54ampNcUdxdlVlODRmSTVoNUgzSXhDbXVtRk1kNEtEMThJbnVLTGNWckdRenAtUWlPLWo0ZmMxdEh0a3M2U1JNLUR1WkpVb3B2SjFtbjdSVUtWQXJYTjBPUlM0N3pORmJkZlJhOXA5Vmh1SEJpUDQ3eFJzTks4UWhvYnhud29YYnpBRE0zQTJFc0hROER3elB6cUVESEVuZkIybWxDZ2FRd2Z2aW5mVldWNVNGU0lXMzc?oc=5\" target=\"_blank\" rel=\"nofollow noopener\">V Praze se ztratil mal\u00fd Martin (10). Okoln\u00ed sv\u011bt vn\u00edm\u00e1 jinak, upozornila policie<\/a>&nbsp;&nbsp;TN.cz<a href=\"https:\/\/news.google.com\/rss\/articles\/CBMidEFVX3lxTE9MbGttUzBHNEJRQ3NxRGR1MFQyYUx4S2JrZW1vTTZFQkFZTUR2UmxYd1VOQURxdnBEVmZVS3NxYjBUUG16UHVxLUZGMlJ4cVh2emh5TjdFNkdLZFdRbWdwVDV4YWZlMGIzZEpnWEdpUmRaLVFE?oc=5\" target=\"_blank\" rel=\"nofollow noopener\">P\u00e1tr\u00e1n\u00ed po mal\u00e9m chlapci<\/a>&nbsp;&nbsp;Policie \u010cesk\u00e9 republiky<a href=\"https:\/\/news.google.com\/rss\/articles\/CBMiiAFBVV95cUxOYy03TGhIMHZJbGM2ZVE5YWphNmlKVVlQQ1FOX0VYbDdNbmJLdTdiMEVrYWFHdEJXanVGTXVMWlJ6MmN0V24wYUdONUxPNk5rbVBiZHg5LUExOVRUSFF0Vk5oWW4wNmJWQmR0c0laeFdNTmpPRXVwWkxGWWo0SW9SeE1jZnRzU3JZ?oc=5\" target=\"_blank\" rel=\"nofollow noopener\">Pra\u017esk\u00e1 policie p\u00e1tr\u00e1 po desetilet\u00e9m chlapci. Ode\u0161el z muzea v Pato\u010dkov\u011b ulici<\/a>&nbsp;&nbsp;iROZHLAS<\/p>\n","protected":false},"excerpt":{"rendered":"Policie p\u00e1tr\u00e1 po desetilet\u00e9m chlapci, kter\u00fd se ztratil v Praze 6&nbsp;&nbsp;iDNES.czPolicie v Praze p\u00e1tr\u00e1 po 10let\u00e9m Martinovi, dopoledne&hellip;\n","protected":false},"author":2,"featured_media":184901,"comment_status":"","ping_status":"","sticky":false,"template":"","format":"standard","meta":{"footnotes":"","_share_on_mastodon":"0"},"categories":[10],"tags":[17,21,11740,16,325,1017,18,19,22,20],"class_list":["post-184900","post","type-post","status-publish","format-standard","has-post-thumbnail","category-zpravy","tag-headlines","tag-hlavni-udalosti","tag-muzeum","tag-news","tag-policie","tag-praha-6","tag-top-news","tag-top-stories","tag-udalosti-dne","tag-zpravy"],"share_on_mastodon":{"url":"https:\/\/pubeurope.com\/@cz\/117122606355267999","error":""},"_links":{"self":[{"href":"https:\/\/www.europesays.com\/cz\/wp-json\/wp\/v2\/posts\/184900","targetHints":{"allow":["GET"]}}],"collection":[{"href":"https:\/\/www.europesays.com\/cz\/wp-json\/wp\/v2\/posts"}],"about":[{"href":"https:\/\/www.europesays.com\/cz\/wp-json\/wp\/v2\/types\/post"}],"author":[{"embeddable":true,"href":"https:\/\/www.europesays.com\/cz\/wp-json\/wp\/v2\/users\/2"}],"replies":[{"embeddable":true,"href":"https:\/\/www.europesays.com\/cz\/wp-json\/wp\/v2\/comments?post=184900"}],"version-history":[{"count":0,"href":"https:\/\/www.europesays.com\/cz\/wp-json\/wp\/v2\/posts\/184900\/revisions"}],"wp:featuredmedia":[{"embeddable":true,"href":"https:\/\/www.europesays.com\/cz\/wp-json\/wp\/v2\/media\/184901"}],"wp:attachment":[{"href":"https:\/\/www.europesays.com\/cz\/wp-json\/wp\/v2\/media?parent=184900"}],"wp:term":[{"taxonomy":"category","embeddable":true,"href":"https:\/\/www.europesays.com\/cz\/wp-json\/wp\/v2\/categories?post=184900"},{"taxonomy":"post_tag","embeddable":true,"href":"https:\/\/www.europesays.com\/cz\/wp-json\/wp\/v2\/tags?post=184900"}],"curies":[{"name":"wp","href":"https:\/\/api.w.org\/{rel}","templated":true}]}}