{"id":185014,"date":"2026-08-19T16:00:17","date_gmt":"2026-08-19T16:00:17","guid":{"rendered":"https:\/\/www.europesays.com\/cz\/185014\/"},"modified":"2026-08-19T16:00:17","modified_gmt":"2026-08-19T16:00:17","slug":"video-po-dalnici-do-litomysle-jeste-letos-zabery-z-dronu-ukazuji-jak-je-budimex-s-d35-daleko","status":"publish","type":"post","link":"https:\/\/www.europesays.com\/cz\/185014\/","title":{"rendered":"Video: Po d\u00e1lnici do Litomy\u0161le je\u0161t\u011b letos. Z\u00e1b\u011bry z dronu ukazuj\u00ed, jak je Budimex s D35 daleko"},"content":{"rendered":"<p>\n                                        Ze z\u00e1b\u011br\u016f je patrn\u00e9, \u017ee v\u011bt\u0161ina trasy m\u00e1 ji\u017e prvn\u00ed vrstvy asfaltu, mosty hotov\u00e9 je\u0161t\u011b nejsou.                                     <\/p>\n<p>Na prvn\u00ed pohled to p\u0159i pohledu na n\u011bkter\u00e9 \u010d\u00e1sti stavby nemus\u00ed vypadat, ale je\u0161t\u011b letos by m\u011blo b\u00fdt mo\u017en\u00e9 dojet z Prahy a\u017e do Litomy\u0161le (s jedinou kr\u00e1tkou zaj\u00ed\u017e\u010fkou po silnici I\/17 kolem budovan\u00e9ho tunelu Homole) autem jen po d\u00e1lnici.<\/p>\n<p>Krom\u011b \u00faseku Ostrov \u2013 Vysok\u00e9 M\u00fdto, kter\u00fd \u0158SD otev\u0159e tento p\u00e1tek, je nyn\u00ed relativn\u011b bl\u00edzko otev\u0159en\u00ed i dal\u0161\u00ed \u010d\u00e1st D35: D\u017eb\u00e1nov \u2013 Litomy\u0161l. Ta dovede dopravu a\u017e p\u0159ed samotn\u00e9 m\u011bsto a nav\u00e1\u017ee na n\u011bj rozestav\u011bn\u00fd \u00fasek Litomy\u0161l \u2013 Janov.<\/p>\n<p>\u0158SD zve\u0159ejnilo nov\u00e9 z\u00e1b\u011bry z dronu, kter\u00e9 ukazuj\u00ed, k jak velk\u00e9mu pokroku na stavb\u011b do\u0161lo. Na velk\u00e9 \u010d\u00e1sti trasy d\u00e1lnice jsou ji\u017e polo\u017eeny prvn\u00ed asfaltov\u00e9 vrstvy, st\u00e1le ale nejsou hotov\u00e9 n\u011bkter\u00e9 mosty. Hotov\u00e1 je\u0161t\u011b nen\u00ed ani dominanta stavby: estak\u00e1da p\u0159es \u00fadol\u00ed Kon\u010dinsk\u00e9ho potoka s a\u017e dvacetimetrov\u00fdmi pil\u00ed\u0159i. Stavbu mohou sledovat i \u0159idi\u010di a cestuj\u00edc\u00ed po st\u00e1vaj\u00edc\u00ed silnici I\/35 i nov\u00e9 p\u0159elo\u017ece. Z velk\u00e9 \u010d\u00e1sti vede kolem budovan\u00e9 d\u00e1lnice.<\/p>\n<p>Jde o prvn\u00ed stavbu d\u00e1lnice, kterou v \u010cesku z\u00edskal polsk\u00fd Budimex. Podle smlouvy m\u00e1 \u010das na dokon\u010den\u00ed do konce ledna, re\u00e1ln\u011b by ale auta na d\u00e1lnici mohla jezdit je\u0161t\u011b do konce roku. \u201eV\u0161ichni se sna\u017e\u00ed, aby stavba byla letos zprovozn\u011bna,\u201c \u0159ekl ned\u00e1vno den\u00edku Zdopravy.cz \u0161\u00e9f \u0158SD Radek M\u00e1tl.<\/p>\n<p>Nov\u00fd \u00fasek je dlouh\u00fd 7,6 km. Stavba za\u010dala v dubnu 2024. Vyjde na 3,473 miliardy korun. Na severoz\u00e1pad\u011b d\u00e1lnice nav\u00e1\u017ee na ji\u017e hotov\u00fd d\u00e1lni\u010dn\u00ed obchvat Vysok\u00e9ho M\u00fdta, na opa\u010dn\u00e9m konci se stav\u00ed \u00fasek Litomy\u0161l \u2013 Janov.<\/p>\n<p>                                                        Tagy<\/p>\n<p>                                                                                                                                                                                                                            <a href=\"https:\/\/zdopravy.cz\/tag\/budimex\/\" type=\"button\" class=\"btn btn-secondary mb-1 btn-sm\" rel=\"nofollow noopener\" target=\"_blank\"><br \/>\n                                                                Budimex                                                            <\/a><br \/>\n                                                                                                                                                                                                                                <a href=\"https:\/\/zdopravy.cz\/tag\/d35\/\" type=\"button\" class=\"btn btn-secondary mb-1 btn-sm\" rel=\"nofollow noopener\" target=\"_blank\"><br \/>\n                                                                D35                                                            <\/a><br \/>\n                                                                                                                                                                                                                                <a href=\"https:\/\/zdopravy.cz\/tag\/d35-dzbanov-litomysl\/\" type=\"button\" class=\"btn btn-secondary mb-1 btn-sm\" rel=\"nofollow noopener\" target=\"_blank\"><br \/>\n                                                                D35 D\u017eb\u00e1nov &#8211; Litomy\u0161l                                                            <\/a><br \/>\n                                                                                                                                                                                                                                <a href=\"https:\/\/zdopravy.cz\/tag\/reditelstvi-silnic-a-dalnic\/\" type=\"button\" class=\"btn btn-secondary mb-1 btn-sm\" rel=\"nofollow noopener\" target=\"_blank\"><br \/>\n                                                                \u0158editelstv\u00ed silnic a d\u00e1lnic                                                            <\/a><br \/>\n                                                                                                                                                                                                                                <a href=\"https:\/\/zdopravy.cz\/tag\/rsd\/\" type=\"button\" class=\"btn btn-secondary mb-1 btn-sm\" rel=\"nofollow noopener\" target=\"_blank\"><br \/>\n                                                                \u0158SD                                                            <\/a><\/p>\n<p>                                                <a href=\"https:\/\/zdopravy.cz\/video-po-dalnici-do-litomysle-jeste-letos-zabery-z-dronu-ukazuji-jak-je-budimex-s-d35-daleko-294570\/?comments=1#comments\" class=\"ml-3 text-body mb-3 mt-4 d-inline-block\" rel=\"nofollow noopener\" target=\"_blank\"><\/p>\n<p>                                                    5 koment\u00e1\u0159\u016f                                                <\/a><\/p>\n","protected":false},"excerpt":{"rendered":"Ze z\u00e1b\u011br\u016f je patrn\u00e9, \u017ee v\u011bt\u0161ina trasy m\u00e1 ji\u017e prvn\u00ed vrstvy asfaltu, mosty hotov\u00e9 je\u0161t\u011b nejsou. Na prvn\u00ed&hellip;\n","protected":false},"author":2,"featured_media":185015,"comment_status":"","ping_status":"","sticky":false,"template":"","format":"standard","meta":{"footnotes":"","_share_on_mastodon":"0"},"categories":[7],"tags":[8431,43,42,41,40,8234,31916,2607,2608,119],"class_list":["post-185014","post","type-post","status-publish","format-standard","has-post-thumbnail","category-cesko","tag-budimex","tag-ceska-republika","tag-cesko","tag-czech-republic","tag-czechia","tag-d35","tag-d35-dzbanov-litomysl","tag-reditelstvi-silnic-a-dalnic","tag-rsd","tag-seznam"],"share_on_mastodon":{"url":"https:\/\/pubeurope.com\/@cz\/117123011490151532","error":""},"_links":{"self":[{"href":"https:\/\/www.europesays.com\/cz\/wp-json\/wp\/v2\/posts\/185014","targetHints":{"allow":["GET"]}}],"collection":[{"href":"https:\/\/www.europesays.com\/cz\/wp-json\/wp\/v2\/posts"}],"about":[{"href":"https:\/\/www.europesays.com\/cz\/wp-json\/wp\/v2\/types\/post"}],"author":[{"embeddable":true,"href":"https:\/\/www.europesays.com\/cz\/wp-json\/wp\/v2\/users\/2"}],"replies":[{"embeddable":true,"href":"https:\/\/www.europesays.com\/cz\/wp-json\/wp\/v2\/comments?post=185014"}],"version-history":[{"count":0,"href":"https:\/\/www.europesays.com\/cz\/wp-json\/wp\/v2\/posts\/185014\/revisions"}],"wp:featuredmedia":[{"embeddable":true,"href":"https:\/\/www.europesays.com\/cz\/wp-json\/wp\/v2\/media\/185015"}],"wp:attachment":[{"href":"https:\/\/www.europesays.com\/cz\/wp-json\/wp\/v2\/media?parent=185014"}],"wp:term":[{"taxonomy":"category","embeddable":true,"href":"https:\/\/www.europesays.com\/cz\/wp-json\/wp\/v2\/categories?post=185014"},{"taxonomy":"post_tag","embeddable":true,"href":"https:\/\/www.europesays.com\/cz\/wp-json\/wp\/v2\/tags?post=185014"}],"curies":[{"name":"wp","href":"https:\/\/api.w.org\/{rel}","templated":true}]}}