{"id":185270,"date":"2026-08-19T20:11:14","date_gmt":"2026-08-19T20:11:14","guid":{"rendered":"https:\/\/www.europesays.com\/cz\/185270\/"},"modified":"2026-08-19T20:11:14","modified_gmt":"2026-08-19T20:11:14","slug":"vetsi-a-modernejsi-centralni-mozek-ceskych-dalnic-presidlil-mimo-oblast-zaplav","status":"publish","type":"post","link":"https:\/\/www.europesays.com\/cz\/185270\/","title":{"rendered":"V\u011bt\u0161\u00ed a modern\u011bj\u0161\u00ed. Centr\u00e1ln\u00ed mozek \u010desk\u00fdch d\u00e1lnic p\u0159es\u00eddlil mimo oblast z\u00e1plav"},"content":{"rendered":"<p>\n                                        V p\u016fvodn\u00ed ostravsk\u00e9 lokalit\u011b centrum ohro\u017eovaly povodn\u011b.                                    <\/p>\n<p>\u0158editelstv\u00ed silnic a d\u00e1lnic (\u0158SD) vybudovalo v administrativn\u00edm komplexu Orchard v Ostrav\u011b nov\u00fd dispe\u010dink N\u00e1rodn\u00edho dopravn\u00edho informa\u010dn\u00edho centra (NDIC), kter\u00e9 zdarma poskytuje aktu\u00e1ln\u00ed informace o dopravn\u00ed situaci na silnic\u00edch v \u010cesku.<\/p>\n<p>Oproti p\u016fvodn\u00edmu pracovi\u0161ti ve St\u0159edisku spr\u00e1vy a \u00fadr\u017eby d\u00e1lnice (SS\u00daD) v P\u0159\u00edvoze je dispe\u010dink v\u011bt\u0161\u00ed a modern\u011bj\u0161\u00ed. SS\u00daD nav\u00edc v z\u00e1\u0159\u00ed 2024 zaplavila povode\u0148 a zp\u016fsobila NDIC zna\u010dn\u00e9 probl\u00e9my. Gener\u00e1ln\u00ed \u0159editel \u0158SD Radek M\u00e1tl to dnes \u0159ekl p\u0159i p\u0159edstaven\u00ed nov\u00e9ho dispe\u010dinku novin\u00e1\u0159\u016fm.<\/p>\n<p>NDIC v nep\u0159etr\u017eit\u00e9m provozu sb\u00edr\u00e1 a zpracov\u00e1v\u00e1 informace o aktu\u00e1ln\u00ed dopravn\u00ed situaci z d\u00e1lnic a silnic v\u0161ech kategori\u00ed z cel\u00e9 \u010cR. Shroma\u017e\u010fuje \u00fadaje o nehod\u00e1ch, uzav\u00edrk\u00e1ch, kolon\u00e1ch, po\u010das\u00ed, sj\u00edzdnosti i dal\u0161\u00edch probl\u00e9mech.<\/p>\n<p>Informace z\u00edsk\u00e1v\u00e1 od policie, spr\u00e1vc\u016f s\u00edt\u00ed a silnic, zdravotnick\u00e9 z\u00e1chrann\u00e9 slu\u017eby, hasi\u010d\u016f, ale i od soukrom\u00fdch spole\u010dnost\u00ed a z vlastn\u00edch vozidel. Vyu\u017e\u00edv\u00e1 tak\u00e9 kamerov\u00e9 i meteorologick\u00e9 syst\u00e9my. Zpracovan\u00e9 informace dispe\u010dink p\u0159ed\u00e1v\u00e1 \u0159idi\u010d\u016fm prost\u0159ednictv\u00edm distributor\u016f navigac\u00ed, informa\u010dn\u00edch port\u00e1l\u016f i m\u00e9di\u00ed.<\/p>\n<p>\u201eJe pro n\u00e1s velmi d\u016fle\u017eit\u00e9, aby tyto prostory byly modern\u00ed, kvalitn\u00ed, a jsme r\u00e1di, \u017ee se n\u00e1m poda\u0159ilo z\u0159\u00eddit nov\u00e9 dopravn\u00ed informa\u010dn\u00ed centrum zde v Ostrav\u011b,\u201c \u0159ekl M\u00e1tl. V roce 2024 podle n\u011bj m\u011blo \u0158SD velk\u00e9 probl\u00e9my s fungov\u00e1n\u00edm NDIC p\u0159i povodn\u00edch i po nich a SS\u00daD Ostrava muselo proj\u00edt velmi n\u00e1ro\u010dnou opravou.<\/p>\n<p>\u201eMuseli jsme NDIC dostat z lokality, kter\u00e1 potenci\u00e1ln\u011b je ohro\u017eena povod\u0148ovou situac\u00ed. Samoz\u0159ejm\u011b situace v roce 2024 byla velmi extr\u00e9mn\u00ed a v\u011b\u0159\u00edme a douf\u00e1me, \u017ee se opakovat nebude, ale ka\u017edop\u00e1dn\u011b nen\u00ed mo\u017eno p\u0159ipustit, \u017ee by NDIC z d\u016fvodu takov\u00e9 p\u0159\u00edrodn\u00ed katastrofy nebyl funk\u010dn\u00ed,\u201c \u0159ekl M\u00e1tl. \u0158SD m\u00e1 sice p\u0159ipraveno z\u00e1lo\u017en\u00ed centrum, ale chce ho vyu\u017e\u00edvat jen v p\u0159\u00edpad\u011b nenad\u00e1l\u00e9 ud\u00e1losti.<\/p>\n<p>Na p\u016fvodn\u00edm pracovi\u0161ti fungoval NDIC skoro 21 let. \u201eVybaven\u00ed, co se t\u00fd\u010de ve\u0161ker\u00e9 elektroniky, propojen\u00ed, v\u0161eho, u\u017e prost\u011b bylo zastaral\u00e9 a tady do\u0161lo k modernizaci prostor a ve\u0161ker\u00e9ho napojen\u00ed na s\u00ed\u0165, tak\u017ee nem\u011blo by zde doch\u00e1zet k \u017e\u00e1dn\u00fdm v\u00fdpadk\u016fm. Tam jsme u\u017e ob\u010das m\u011bli probl\u00e9my,\u201c \u0159ekl M\u00e1tl. P\u0159estavba prostor podle n\u011bj p\u0159i\u0161la na n\u011bkolik milion\u016f korun.<\/p>\n<p>V nep\u0159etr\u017eit\u00e9m provozu dispe\u010dinku pracuje 21 oper\u00e1tor\u016f a dal\u0161\u00edch 12 oper\u00e1tor\u016f v call centru. V lo\u0148sk\u00e9m roce NDIC zaznamenalo 739 692 ud\u00e1lost\u00ed.<\/p>\n<p>\u201eNDIC slou\u017e\u00ed k tomu, aby se zv\u00fd\u0161ila bezpe\u010dnost na d\u00e1lnic\u00edch a silnic\u00edch v \u010cesku, a mysl\u00edm si, \u017ee v\u00fdsledky jsou vid\u011bt, \u017ee si lid\u00e9 na to zvykaj\u00ed, zvykaj\u00ed si i na to volat do call centra, zji\u0161\u0165ovat informace, co se kde d\u011bje, na jak je to dlouho,\u201c \u0159ekl \u0159editel. Pokud podle n\u011bj maj\u00ed \u0159idi\u010di informace v\u010das, p\u0159isp\u00edv\u00e1 to ke zv\u00fd\u0161en\u00ed bezpe\u010dnosti \u2013 \u0159idi\u010di dok\u00e1\u017eou t\u0159eba v\u010das reagovat na kolonu, zpomalit, nebo si vybrat jinou cestu.<\/p>\n<p>\u201eP\u0159esto\u017ee n\u00e1m neust\u00e1le intenzity dopravy nar\u016fstaj\u00ed, uk\u00e1zalo to lo\u0148sk\u00e9 s\u010d\u00edt\u00e1n\u00ed, kdy zase do\u0161lo k dal\u0161\u00edmu v\u00fdrazn\u00e9mu n\u00e1r\u016fstu dopravy, tak na\u0161t\u011bst\u00ed nehodovost n\u00e1m nestoup\u00e1, tak\u017ee je vid\u011bt, \u017ee bezpe\u010dnost na d\u00e1lnic\u00edch se zvy\u0161uje,\u201c \u0159ekl M\u00e1tl.<\/p>\n<p>                                                        Tagy<\/p>\n<p>                                                                                                                                                                                                                            <a href=\"https:\/\/zdopravy.cz\/tag\/ndic\/\" type=\"button\" class=\"btn btn-secondary mb-1 btn-sm\" rel=\"nofollow noopener\" target=\"_blank\"><br \/>\n                                                                NDIC                                                            <\/a><br \/>\n                                                                                                                                                                                                                                <a href=\"https:\/\/zdopravy.cz\/tag\/radek-matl\/\" type=\"button\" class=\"btn btn-secondary mb-1 btn-sm\" rel=\"nofollow noopener\" target=\"_blank\"><br \/>\n                                                                Radek M\u00e1tl                                                            <\/a><br \/>\n                                                                                                                                                                                                                                <a href=\"https:\/\/zdopravy.cz\/tag\/rsd-cr\/\" type=\"button\" class=\"btn btn-secondary mb-1 btn-sm\" rel=\"nofollow noopener\" target=\"_blank\"><br \/>\n                                                                \u0158SD \u010cR                                                            <\/a><\/p>\n<p>                                                <a href=\"https:\/\/zdopravy.cz\/vetsi-a-modernejsi-centralni-mozek-ceskych-dalnic-presidlil-mimo-oblast-zaplav-294445\/?comments=1#comments\" class=\"ml-3 text-body mb-3 mt-4 d-inline-block\" rel=\"nofollow noopener\" target=\"_blank\"><\/p>\n<p>                                                    6 koment\u00e1\u0159\u016f                                                <\/a><\/p>\n","protected":false},"excerpt":{"rendered":"V p\u016fvodn\u00ed ostravsk\u00e9 lokalit\u011b centrum ohro\u017eovaly povodn\u011b. \u0158editelstv\u00ed silnic a d\u00e1lnic (\u0158SD) vybudovalo v administrativn\u00edm komplexu Orchard v&hellip;\n","protected":false},"author":2,"featured_media":185271,"comment_status":"","ping_status":"","sticky":false,"template":"","format":"standard","meta":{"footnotes":"","_share_on_mastodon":"0"},"categories":[7],"tags":[43,42,41,40,43772,8961,1328,119],"class_list":["post-185270","post","type-post","status-publish","format-standard","has-post-thumbnail","category-cesko","tag-ceska-republika","tag-cesko","tag-czech-republic","tag-czechia","tag-ndic","tag-radek-matl","tag-rsd-cr","tag-seznam"],"share_on_mastodon":{"url":"https:\/\/pubeurope.com\/@cz\/117123998255016208","error":""},"_links":{"self":[{"href":"https:\/\/www.europesays.com\/cz\/wp-json\/wp\/v2\/posts\/185270","targetHints":{"allow":["GET"]}}],"collection":[{"href":"https:\/\/www.europesays.com\/cz\/wp-json\/wp\/v2\/posts"}],"about":[{"href":"https:\/\/www.europesays.com\/cz\/wp-json\/wp\/v2\/types\/post"}],"author":[{"embeddable":true,"href":"https:\/\/www.europesays.com\/cz\/wp-json\/wp\/v2\/users\/2"}],"replies":[{"embeddable":true,"href":"https:\/\/www.europesays.com\/cz\/wp-json\/wp\/v2\/comments?post=185270"}],"version-history":[{"count":0,"href":"https:\/\/www.europesays.com\/cz\/wp-json\/wp\/v2\/posts\/185270\/revisions"}],"wp:featuredmedia":[{"embeddable":true,"href":"https:\/\/www.europesays.com\/cz\/wp-json\/wp\/v2\/media\/185271"}],"wp:attachment":[{"href":"https:\/\/www.europesays.com\/cz\/wp-json\/wp\/v2\/media?parent=185270"}],"wp:term":[{"taxonomy":"category","embeddable":true,"href":"https:\/\/www.europesays.com\/cz\/wp-json\/wp\/v2\/categories?post=185270"},{"taxonomy":"post_tag","embeddable":true,"href":"https:\/\/www.europesays.com\/cz\/wp-json\/wp\/v2\/tags?post=185270"}],"curies":[{"name":"wp","href":"https:\/\/api.w.org\/{rel}","templated":true}]}}