{"id":185542,"date":"2026-08-20T05:45:10","date_gmt":"2026-08-20T05:45:10","guid":{"rendered":"https:\/\/www.europesays.com\/cz\/185542\/"},"modified":"2026-08-20T05:45:10","modified_gmt":"2026-08-20T05:45:10","slug":"pirati-postavi-jen-tri-kandidaty-do-senatu-nechteji-opakovani-kromerize","status":"publish","type":"post","link":"https:\/\/www.europesays.com\/cz\/185542\/","title":{"rendered":"Pir\u00e1ti postav\u00ed jen t\u0159i kandid\u00e1ty do Sen\u00e1tu. Necht\u011bj\u00ed opakov\u00e1n\u00ed Krom\u011b\u0159\u00ed\u017ee"},"content":{"rendered":"<p class=\"e_bX\">Pir\u00e1ti vys\u00edlaj\u00ed do podzimn\u00edho boje o\u00a0sen\u00e1tn\u00ed k\u0159esla pouze t\u0159i kandid\u00e1tky. V\u00a0ostatn\u00edch obvodech vlastn\u00edho \u010dlov\u011bka nepostavili. <\/p>\n<p class=\"e_bX\">Jedna ze zm\u00edn\u011bn\u00e9 trojice &#8211; obhajuj\u00edc\u00ed kladensk\u00e1 sen\u00e1torka Ad\u00e9la \u0160\u00edpov\u00e1 &#8211; p\u0159itom p\u0159ed \u010dasem ze strany ode\u0161la kv\u016fli nesouhlasu s\u00a0jej\u00edm sm\u011b\u0159ov\u00e1n\u00edm. Nyn\u00ed kandiduje za Pir\u00e1ty jako nez\u00e1visl\u00e1. Dal\u0161\u00ed z\u00a0nich, zuba\u0159ka z\u00a0Karvin\u00e9 <a data-dot=\"atm-link\" target=\"_blank\" href=\"https:\/\/www.seznamzpravy.cz\/clanek\/volby-kraj-politicka-prodava-svoje-eroticke-fotky-je-to-umeni-tvrdi-kdu-csl-258300\" class=\"e_n\" rel=\"nofollow noopener\">Mariam Szyla<\/a>, je zase b\u00fdval\u00e1 lidovkyn\u011b.<\/p>\n<p class=\"e_bX\">Z\u00a0k\u0159es\u0165ansk\u00e9 strany ode\u0161la p\u0159ed minul\u00fdmi sn\u011bmovn\u00edmi volbami pot\u00e9, co Seznam Zpr\u00e1vy upozornily na to, \u017ee na internetu prod\u00e1v\u00e1 sv\u00e9 erotick\u00e9 fotografie.<\/p>\n<p class=\"e_bX\">T\u0159et\u00ed kandid\u00e1tkou je Simona Luftov\u00e1, region\u00e1ln\u00ed politi\u010dka strany, kter\u00e1 jde do voleb v\u00a0obvodu P\u0159\u00edbram.<\/p>\n<p class=\"e_bX\">Po\u010det pir\u00e1tsk\u00fdch kandid\u00e1t\u016f do Sen\u00e1tu rok od roku kles\u00e1 &#8211; v\u00a0roce 2020\u00a0jich m\u011bli 13, o\u00a0dva roky pozd\u011bji osm, minul\u00e9 volby u\u017e jenom \u010dty\u0159i.\u00a0Nejde ale pr\u00fd o\u00a0projev toho, \u017ee by se Pir\u00e1t\u016fm nedost\u00e1valo dostate\u010dn\u011b kvalitn\u00edch lid\u00ed. Podle p\u0159edsedy Zde\u0148ka H\u0159iba strana nechce t\u0159\u00ed\u0161tit s\u00edly opozi\u010dn\u00edch stran. <\/p>\n<p><a data-dot=\"mol-article-card-media\" aria-hidden=\"true\" tabindex=\"-1\" href=\"https:\/\/www.seznamzpravy.cz\/clanek\/domaci-politika-krach-vladniho-tazeni-na-senat-spd-a-motoriste-zustali-na-ocet-310539\" class=\"e_n f_l8\" rel=\"nofollow noopener\" target=\"_blank\"><img fetchpriority=\"high\" height=\"759\"   width=\"1349\" src=\"https:\/\/www.europesays.com\/cz\/wp-content\/uploads\/2026\/08\/1787204709_300_tomio-okamura-petr-macinka.jpeg\" loading=\"eager\" decoding=\"sync\" class=\"e_aa e_Z\"\/><\/a><\/p>\n<p class=\"e_bX\">\u201eV patn\u00e1cti obvodech podporujeme kandid\u00e1tky a\u00a0kandid\u00e1ty jin\u00fdch demokratick\u00fdch stran. Nejde o\u00a0to m\u00edt za ka\u017edou cenu pir\u00e1tsk\u00e9ho kandid\u00e1ta v\u00a0ka\u017ed\u00e9m pir\u00e1tsk\u00e9m obvodu a\u00a0nakonec smutnit nad t\u00edm, \u017ee si navz\u00e1jem s\u00a0jin\u00fdm kandid\u00e1tem odeb\u00edrali hlasy a\u00a0nedostal se ani jeden. To jsme vid\u011bli p\u0159i minul\u00fdch volb\u00e1ch v\u00a0Krom\u011b\u0159\u00ed\u017ei,\u201c vysv\u011btluje H\u0159ib.<\/p>\n<p class=\"e_bX\">Nar\u00e1\u017e\u00ed tak na sen\u00e1tn\u00ed volby v\u00a0roce 2022, kde proti sob\u011b nasadily dva kandid\u00e1ty strany dne\u0161n\u00ed opozice &#8211; ti se vybili navz\u00e1jem a\u00a0do druh\u00e9ho kola postoupila kandid\u00e1tka ANO a\u00a0dne\u0161n\u00ed sen\u00e1torka Jana Zwyrtek Hamplov\u00e1.<\/p>\n<p>Net\u0159\u00ed\u0161tit s\u00edly<\/p>\n<p class=\"e_bX\">V\u0161echny strany b\u00fdval\u00e9 vl\u00e1dy se proto letos sna\u017eily domluvit a\u00a0nasadit co nejv\u00edce spole\u010dn\u00fdch kandid\u00e1t\u016f. Hraj\u00ed o\u00a0hodn\u011b &#8211; zat\u00edmco strany dne\u0161n\u00ed opozice obhajuj\u00ed 26\u00a0mand\u00e1t\u016f z\u00a027, hnut\u00ed ANO pouze jeden mand\u00e1t.<\/p>\n<p class=\"e_bX\">\u201eSen\u00e1t je dnes mimo\u0159\u00e1dn\u011b d\u016fle\u017eitou pojistkou demokratick\u00e9ho syst\u00e9mu, rozhodli jsme se net\u0159\u00ed\u0161tit s\u00edly tam, kde m\u016f\u017eeme podpo\u0159it kvalitn\u00edho kandid\u00e1ta s\u00a0re\u00e1lnou \u0161anc\u00ed usp\u011bt,\u201c dodal H\u0159ib.<\/p>\n<p class=\"e_bX\">Pir\u00e1ti v\u00a0obvodech, kde sami nekandiduj\u00ed, podporuj\u00ed nap\u0159\u00edklad kandid\u00e1ty ODS, TOP 09, STAN, lidovc\u016f, ale i\u00a0Strany zelen\u00fdch.<\/p>\n<p><a data-dot=\"mol-article-card-media\" aria-hidden=\"true\" tabindex=\"-1\" href=\"https:\/\/www.seznamzpravy.cz\/clanek\/domaci-politika-vypustit-si-vlastni-rybnik-o-senat-usiluji-jeho-odpurkyne-i-konspiratori-312612\" class=\"e_n f_l8\" rel=\"nofollow noopener\" target=\"_blank\"><img height=\"1080\"   width=\"1920\" src=\"https:\/\/www.europesays.com\/cz\/wp-content\/uploads\/2026\/08\/1787204710_914_kandidati-senat-petra-redova-petra-proksanova.jpeg\" loading=\"eager\" decoding=\"sync\" class=\"e_aa e_Z\"\/><\/a><\/p>\n<p class=\"e_bX\">\u017de k\u00a0takov\u00e9mu taktizov\u00e1n\u00ed letos doch\u00e1z\u00ed, potvrzuje i\u00a0sociolog Martin Bucht\u00edk z\u00a0agentury STEM. \u201eCelkov\u00fd po\u010det kandid\u00e1t\u016f je men\u0161\u00ed, \u010d\u00edm\u017e se to racionalizuje. Takov\u00fd postup je v\u00a0dvoukolov\u00e9, v\u011bt\u0161inov\u00e9 volb\u011b takti\u010dt\u011bj\u0161\u00ed,\u201c \u0159\u00edk\u00e1 Bucht\u00edk.<\/p>\n<p class=\"e_bX\">Opozi\u010dn\u00ed taktizov\u00e1n\u00ed je vid\u011bt i\u00a0na celkov\u00fdch \u010d\u00edslech kandid\u00e1t\u016f do Sen\u00e1tu, kter\u00e1 letos v\u00fdrazn\u011b klesla. Je\u0161t\u011b p\u0159ed \u0161esti lety si v\u00a0t\u011bchto sen\u00e1tn\u00edch obvodech mohli voli\u010di vyb\u00edrat z\u00a0235\u00a0uchaze\u010d\u016f, letos jich je jen 153.<\/p>\n<p>ODS proti Pir\u00e1t\u016fm<\/p>\n<p class=\"e_bX\">Ve srovn\u00e1n\u00ed s\u00a0ostatn\u00edmi opozi\u010dn\u00edmi stranami ale Pir\u00e1ti ustupovali v\u00edce. Ob\u010dan\u0161t\u00ed demokrat\u00e9 kandiduj\u00ed ve 13\u00a0okrsc\u00edch, Starostov\u00e9 dokonce ve 14.\u00a0V\u00edce kandid\u00e1t\u016f m\u00e1 i\u00a0pap\u00edrov\u011b slab\u0161\u00ed KDU-\u010cSL &#8211; na sen\u00e1torsk\u00e9 k\u0159eslo chce dos\u00e1hnout p\u011btice lidovc\u016f.<\/p>\n<p class=\"e_bX\">A stejn\u011b tak se Pir\u00e1t\u016fm nepoda\u0159ilo doc\u00edlit toho, aby ostatn\u00ed opozi\u010dn\u00ed strany zcela ustoupily v\u00a0\u201ejejich\u201c t\u0159ech obvodech. Proti Mariam Szyje v\u00a0Karvin\u00e9 nasad\u00ed ODS Ale\u0161e Pol\u00e1cha. V\u00a0P\u0159\u00edbrami obhajuje Petr \u0160t\u011bp\u00e1nek za STAN podporovan\u00fd ODS.<\/p>\n<p class=\"e_bX\">Obzvl\u00e1\u0161\u0165 citliv\u00e9 je pro Pir\u00e1ty Kladno, kde i\u00a0p\u0159es snahu o\u00a0spojov\u00e1n\u00ed nasad\u00ed protikandid\u00e1ta ODS. Proti Ad\u00e9le \u0160\u00edpov\u00e9 bude kandidovat u\u010ditel Petr Pat\u00e1k, kter\u00e9ho nav\u00edc podpo\u0159\u00ed lidovci.<\/p>\n<p><a data-dot=\"mol-article-card-media\" aria-hidden=\"true\" tabindex=\"-1\" href=\"https:\/\/www.seznamzpravy.cz\/clanek\/domaci-politika-comeback-balastikove-i-debut-rehky-kandidatky-prinesly-nekolik-prekvapeni-312467\" class=\"e_n f_l8\" rel=\"nofollow noopener\" target=\"_blank\"><img height=\"1539\"   width=\"2736\" src=\"https:\/\/www.europesays.com\/cz\/wp-content\/uploads\/2026\/08\/1787204710_210_4kako.mpo.jpeg\" loading=\"eager\" decoding=\"sync\" class=\"e_aa e_Z\"\/><\/a><\/p>\n<p class=\"e_bX\">Pir\u00e1t\u016fm se obecn\u011b v\u00a0sen\u00e1tn\u00edch volb\u00e1ch p\u0159\u00edli\u0161 neda\u0159\u00ed &#8211; \u0160\u00edpov\u00e1 je jedinou \u010dist\u011b pir\u00e1tskou kandid\u00e1tkou, kter\u00e1 se kdy do horn\u00ed komory probojovala.<\/p>\n<p class=\"e_bX\">\u201ePro ideov\u011b vyhran\u011bnou stranu, jako jsou Pir\u00e1ti, je obecn\u011b problematick\u00e9 usp\u011bt ve v\u011bt\u0161inov\u00e9 volb\u011b. Podobn\u011b to m\u00e1 t\u0159eba SPD,\u201c vysv\u011btluje Bucht\u00edk. Stejn\u011b tak je pro Pir\u00e1ty v\u011bt\u0161\u00ed probl\u00e9m spojov\u00e1n\u00ed s\u00a0ostatn\u00edmi opozi\u010dn\u00edmi stranami &#8211; nap\u0159\u00edklad voli\u010d ODS se sn\u00e1ze identifikuje s\u00a0kandid\u00e1tem lidovc\u016f \u010di Starost\u016f ne\u017e s\u00a0Pir\u00e1tem.<\/p>\n<p class=\"e_bX\">Podle Bucht\u00edka Pir\u00e1t\u016fm v\u00a0sen\u00e1tn\u00edch volb\u00e1ch \u0161kod\u00ed i\u00a0minim\u00e1ln\u00ed v\u011bkov\u00fd limit pro sen\u00e1tora. \u201eTrochu je to limituje, proto\u017ee maj\u00ed sp\u00ed\u0161 mlad\u0161\u00ed voli\u010de, kte\u0159\u00ed \u017e\u00e1daj\u00ed i\u00a0mlad\u0161\u00ed kandid\u00e1ty. Ostatn\u011b Ad\u00e9la \u0160\u00edpov\u00e1 byla v\u00a0dob\u011b zvolen\u00ed nejmlad\u0161\u00ed sen\u00e1torkou v\u016fbec,\u201c dod\u00e1v\u00e1 Bucht\u00edk.<\/p>\n","protected":false},"excerpt":{"rendered":"Pir\u00e1ti vys\u00edlaj\u00ed do podzimn\u00edho boje o\u00a0sen\u00e1tn\u00ed k\u0159esla pouze t\u0159i kandid\u00e1tky. V\u00a0ostatn\u00edch obvodech vlastn\u00edho \u010dlov\u011bka nepostavili. Jedna ze zm\u00edn\u011bn\u00e9&hellip;\n","protected":false},"author":2,"featured_media":185543,"comment_status":"","ping_status":"","sticky":false,"template":"","format":"standard","meta":{"footnotes":"","_share_on_mastodon":"0"},"categories":[7],"tags":[43812,1980,43,42,41,40,7757,13088,959,3084],"class_list":["post-185542","post","type-post","status-publish","format-standard","has-post-thumbnail","category-cesko","tag-adela-sipova","tag-ceska-piratska-strana-pirati","tag-ceska-republika","tag-cesko","tag-czech-republic","tag-czechia","tag-podcast-vlevo-dole","tag-senatni-volby","tag-volby","tag-zdenek-hrib"],"share_on_mastodon":{"url":"https:\/\/pubeurope.com\/@cz\/117126255637222214","error":""},"_links":{"self":[{"href":"https:\/\/www.europesays.com\/cz\/wp-json\/wp\/v2\/posts\/185542","targetHints":{"allow":["GET"]}}],"collection":[{"href":"https:\/\/www.europesays.com\/cz\/wp-json\/wp\/v2\/posts"}],"about":[{"href":"https:\/\/www.europesays.com\/cz\/wp-json\/wp\/v2\/types\/post"}],"author":[{"embeddable":true,"href":"https:\/\/www.europesays.com\/cz\/wp-json\/wp\/v2\/users\/2"}],"replies":[{"embeddable":true,"href":"https:\/\/www.europesays.com\/cz\/wp-json\/wp\/v2\/comments?post=185542"}],"version-history":[{"count":0,"href":"https:\/\/www.europesays.com\/cz\/wp-json\/wp\/v2\/posts\/185542\/revisions"}],"wp:featuredmedia":[{"embeddable":true,"href":"https:\/\/www.europesays.com\/cz\/wp-json\/wp\/v2\/media\/185543"}],"wp:attachment":[{"href":"https:\/\/www.europesays.com\/cz\/wp-json\/wp\/v2\/media?parent=185542"}],"wp:term":[{"taxonomy":"category","embeddable":true,"href":"https:\/\/www.europesays.com\/cz\/wp-json\/wp\/v2\/categories?post=185542"},{"taxonomy":"post_tag","embeddable":true,"href":"https:\/\/www.europesays.com\/cz\/wp-json\/wp\/v2\/tags?post=185542"}],"curies":[{"name":"wp","href":"https:\/\/api.w.org\/{rel}","templated":true}]}}