{"id":185644,"date":"2026-08-20T07:41:11","date_gmt":"2026-08-20T07:41:11","guid":{"rendered":"https:\/\/www.europesays.com\/cz\/185644\/"},"modified":"2026-08-20T07:41:11","modified_gmt":"2026-08-20T07:41:11","slug":"napor-nemoci-v-ceute-pretizene-zdravotni-sestry-zadaji-vyhlaseni-stavu-nouze","status":"publish","type":"post","link":"https:\/\/www.europesays.com\/cz\/185644\/","title":{"rendered":"N\u00e1por nemoc\u00ed v\u00a0Ceut\u011b. P\u0159et\u00ed\u017een\u00e9 zdravotn\u00ed sestry \u017e\u00e1daj\u00ed vyhl\u00e1\u0161en\u00ed stavu nouze"},"content":{"rendered":"<p class=\"c_bB\">\u201eMy, sestry, jsme vy\u010derpan\u00e9, fyzicky i\u00a0psychicky\u2026 Vzhledem k\u00a0z\u00e1va\u017enosti situace navrhujeme vyhl\u00e1\u0161en\u00ed nouzov\u00e9ho stavu. Nem\u00e1me dostatek prost\u0159edk\u016f k\u00a0\u0159e\u0161en\u00ed sou\u010dasn\u00e9 krize,\u201c ozn\u00e1mila \u0161\u00e9fka sdru\u017een\u00ed Rosa Fuentesov\u00e1 podle port\u00e1lu <a data-dot=\"atm-link\" target=\"_blank\" rel=\"noopener nofollow\" href=\"https:\/\/www.enfermeria21.com\/diario-dicen\/enfermeria-ceuti-crisis-migrante\/\" class=\"c_N\">Enfermia21<\/a>.<\/p>\n<p class=\"c_bB\">Sestry mus\u00ed kv\u016fli vysok\u00e9mu po\u010dtu pacient\u016f d\u011blat p\u0159es\u010dasy a\u017e \u010dty\u0159i hodiny denn\u011b. \u201eJsme v\u00a0extr\u00e9mn\u00ed situaci u\u017e 17\u00a0dn\u00ed. Nejde jen o\u00a0nahromad\u011bnou \u00fanavu, ale i\u00a0rozho\u0159\u010den\u00ed, proto\u017ee za cenu obrovsk\u00e9ho osobn\u00edho p\u0159ep\u011bt\u00ed jsme zahlceny pracovn\u00ed z\u00e1t\u011b\u017e\u00ed, kter\u00e1 se zd\u00e1 b\u00fdt nekone\u010dn\u00e1,\u201c vysv\u011btlila.<\/p>\n<p class=\"c_bB\">Extr\u00e9mn\u00ed p\u0159et\u00ed\u017een\u00ed a\u00a0\u00fanava zhor\u0161uje nejen zdrav\u00ed sester, ale pota\u017emo i\u00a0celou situaci, proto\u017ee roste riziko lidsk\u00fdch chyb kv\u016fli sn\u00ed\u017een\u00e9mu soust\u0159ed\u011bn\u00ed. \u201eI ti nejzku\u0161en\u011bj\u0161\u00ed odborn\u00edci, zahlcen\u00ed p\u00e9\u010d\u00ed, nemaj\u00ed dostatek \u010dasu na to, aby vedli a\u00a0\u0161kolili obyvatele nebo nov\u00e9 zam\u011bstnance, \u010d\u00edm\u017e doch\u00e1z\u00ed k\u00a0p\u0159eru\u0161en\u00ed \u0159et\u011bzce u\u010den\u00ed, kter\u00fd je pro bezpe\u010dnost p\u00e9\u010de z\u00e1sadn\u00ed,\u201c uzav\u0159ela Fuentesov\u00e1.<\/p>\n<p><a data-dot=\"atm-link\" target=\"_self\" href=\"https:\/\/www.novinky.cz\/clanek\/zahranicni-evropa-v-ceute-doslo-po-vpadu-migrantu-k-nejmene-peti-sexualnim-utokum-40593048\" class=\"c_N\" rel=\"nofollow noopener\"><img fetchpriority=\"high\" height=\"2304\" width=\"4096\" src=\"https:\/\/www.europesays.com\/cz\/wp-content\/uploads\/2026\/08\/1787211670_356_ceuta.jpeg\" loading=\"eager\" decoding=\"sync\" class=\"c_t c_r\"\/><\/a>Svrab a\u00a0tuberkul\u00f3za<\/p>\n<p class=\"c_bB\">Ve m\u011bst\u011b na pob\u0159e\u017e\u00ed severn\u00ed Afriky, kde \u017eije kolem 84\u00a0tis\u00edc obyvatel, a\u00a0do kter\u00e9ho na konci \u010dervence neleg\u00e1ln\u011b vniklo na 80\u00a0tis\u00edc migrant\u016f, nav\u00edc roste po\u010det p\u0159\u00edpad\u016f nemoc\u00ed, kter\u00e9 se \u0161\u00ed\u0159\u00ed kv\u016fli \u0161patn\u00e9 hygien\u011b.<\/p>\n<p class=\"c_bB\">\u201eNejprve jsme zaznamenali \u00farazy a\u00a0r\u00e1ny, pot\u00e9 se objevily ko\u017en\u00ed infekce, svrab, jeho\u017e v\u00fdskyt roste, a\u00a0onemocn\u011bn\u00ed d\u00fdchac\u00edch cest,\u201c sd\u011blil den\u00edku <a data-dot=\"atm-link\" target=\"_blank\" rel=\"noopener nofollow\" href=\"https:\/\/elpais.com\/sociedad\/2026-08-19\/las-enfermeras-denuncian-un-colapso-sanitario-sin-precedentes-en-ceuta-por-gastroenteritis-tuberculosis-y-sarna.html\" class=\"c_N\">El Pa\u00eds<\/a> zdravotn\u00edk Alejandro Artero. Postupem \u010dasu do nemocnic dorazili tak\u00e9 pacienti s\u00a0chronick\u00fdmi probl\u00e9my, jako je cukrovka a\u00a0astma. A\u00a0zvy\u0161uje se i\u00a0po\u010det pacient\u016f s\u00a0probl\u00e9my tr\u00e1vic\u00edho traktu. \u201ePij\u00ed zavla\u017eovac\u00ed vodu. Bylo z\u0159ejm\u00e9, \u017ee se infekce mus\u00ed objevit,\u201c dodal Artero.<\/p>\n<p class=\"c_bB\">Dal\u0161\u00ed p\u0159ek\u00e1\u017ekou v\u00a0poskytov\u00e1n\u00ed zdravotn\u00ed p\u00e9\u010de je podle Artera schopnost dlouhodob\u011b sledovat nemocn\u00e9. \u201eJsou roztrou\u0161en\u00ed po cel\u00e9m m\u011bst\u011b a\u00a0ze strachu z\u00a0\u00fa\u0159ad\u016f se vyh\u00fdbaj\u00ed spr\u00e1vn\u00e9mu ztoto\u017en\u011bn\u00ed. S\u00a0n\u011bkter\u00fdmi pacienty se vid\u00edme t\u0159ikr\u00e1t a\u00a0poka\u017ed\u00e9 uvedou jin\u00e9 jm\u00e9no,\u201c popsal.<\/p>\n<p class=\"c_bB\">Zdravotn\u00edci nap\u0159\u00edklad zachytili \u010dty\u0159i p\u0159\u00edpady tuberkul\u00f3zy, ale odhaduj\u00ed, \u017ee jich je mnohem v\u00edce. \u201eNem\u016f\u017eeme p\u0159ijmout ka\u017ed\u00e9ho, kdo ka\u0161le. Ke stanoven\u00ed diagn\u00f3zy jsou zapot\u0159eb\u00ed ur\u010dit\u00e1 vy\u0161et\u0159en\u00ed a\u00a0v n\u011bkter\u00fdch p\u0159\u00edpadech je nutn\u00e9 pacienta o\u00a0n\u011bkolik dn\u00ed pozd\u011bji p\u0159em\u00edstit. Kde je ale najdeme, kdy\u017e nemaj\u00ed kde bydlet?\u201c dodal zdravotn\u00edk.<\/p>\n<p>\u201eNespravedliv\u00e9 a\u00a0xenofobn\u00ed\u201c<\/p>\n<p class=\"c_bB\">Ministryn\u011b zdravotnictv\u00ed M\u00f3nica Garc\u00eda, kter\u00e1 o\u00a0v\u00edkendu nav\u0161t\u00edvila Ceutu, p\u0159ipustila, \u017ee tamn\u00ed syst\u00e9m je \u201epod tlakem\u201c. Z\u00e1rove\u0148 podle serveru <a data-dot=\"atm-link\" target=\"_blank\" rel=\"noopener nofollow\" href=\"https:\/\/www.lasexta.com\/programas\/al-rojo-vivo\/monica-garcia-niega-que-haya-colapso-sanitario-ceuta-suspendido-ninguna-cirugia_202608176a82fd79a046ad6ebcb65cae.html\" class=\"c_N\">LaSexta<\/a> pop\u0159ela, \u017ee by do\u0161lo k\u00a0jeho kolapsu, a\u00a0vyzvala k\u00a0tomu, aby se migranti neozna\u010dovali za p\u0159ena\u0161e\u010de nemoc\u00ed &#8211; takov\u00e9 spojen\u00ed pova\u017euje za \u201enespravedliv\u00e9 a\u00a0xenofobn\u00ed\u201c.<\/p>\n<p class=\"c_bB\">B\u011bhem prvn\u00edch 15\u00a0dn\u016f krize bylo v\u00a0ceutsk\u00e9m zdravotn\u00edm syst\u00e9mu o\u0161et\u0159eno 5800\u00a0migrant\u016f. Z\u00a0nich bylo 3500\u00a0o\u0161et\u0159eno v\u00a0r\u00e1mci prim\u00e1rn\u00ed p\u00e9\u010de a\u00a02300\u00a0v\u00a0nemocnici. Tlak se s\u00a0postupem \u010dasu sni\u017eoval: podle \u00fadaj\u016f ministerstva zdravotnictv\u00ed klesl z\u00a01149\u00a0p\u0159\u00edpad\u016f v\u00a0prvn\u00ed den na p\u0159ibli\u017en\u011b 300\u00a0v\u00a0n\u00e1sleduj\u00edc\u00edch dnech.<\/p>\n<p><a data-dot=\"atm-link\" target=\"_self\" href=\"https:\/\/www.novinky.cz\/clanek\/zahranicni-v-ceute-zacali-stavet-stany-pro-migranty-40593241\" class=\"c_N\" rel=\"nofollow noopener\"><img height=\"1080\" width=\"1920\" src=\"https:\/\/www.europesays.com\/cz\/wp-content\/uploads\/2026\/08\/1787211671_22_migranti-ceuta.jpeg\" loading=\"eager\" decoding=\"sync\" class=\"c_t c_r\"\/><\/a><\/p>\n","protected":false},"excerpt":{"rendered":"\u201eMy, sestry, jsme vy\u010derpan\u00e9, fyzicky i\u00a0psychicky\u2026 Vzhledem k\u00a0z\u00e1va\u017enosti situace navrhujeme vyhl\u00e1\u0161en\u00ed nouzov\u00e9ho stavu. Nem\u00e1me dostatek prost\u0159edk\u016f k\u00a0\u0159e\u0161en\u00ed sou\u010dasn\u00e9&hellip;\n","protected":false},"author":2,"featured_media":185645,"comment_status":"","ping_status":"","sticky":false,"template":"","format":"standard","meta":{"footnotes":"","_share_on_mastodon":"0"},"categories":[10],"tags":[40646,17,21,1268,16,3702,950,18,19,22,22067,20],"class_list":["post-185644","post","type-post","status-publish","format-standard","has-post-thumbnail","category-zpravy","tag-ceuta","tag-headlines","tag-hlavni-udalosti","tag-hygiena","tag-news","tag-nouzovy-stav","tag-spanelsko","tag-top-news","tag-top-stories","tag-udalosti-dne","tag-zdravotni-sestry","tag-zpravy"],"share_on_mastodon":{"url":"https:\/\/pubeurope.com\/@cz\/117126711710502786","error":""},"_links":{"self":[{"href":"https:\/\/www.europesays.com\/cz\/wp-json\/wp\/v2\/posts\/185644","targetHints":{"allow":["GET"]}}],"collection":[{"href":"https:\/\/www.europesays.com\/cz\/wp-json\/wp\/v2\/posts"}],"about":[{"href":"https:\/\/www.europesays.com\/cz\/wp-json\/wp\/v2\/types\/post"}],"author":[{"embeddable":true,"href":"https:\/\/www.europesays.com\/cz\/wp-json\/wp\/v2\/users\/2"}],"replies":[{"embeddable":true,"href":"https:\/\/www.europesays.com\/cz\/wp-json\/wp\/v2\/comments?post=185644"}],"version-history":[{"count":0,"href":"https:\/\/www.europesays.com\/cz\/wp-json\/wp\/v2\/posts\/185644\/revisions"}],"wp:featuredmedia":[{"embeddable":true,"href":"https:\/\/www.europesays.com\/cz\/wp-json\/wp\/v2\/media\/185645"}],"wp:attachment":[{"href":"https:\/\/www.europesays.com\/cz\/wp-json\/wp\/v2\/media?parent=185644"}],"wp:term":[{"taxonomy":"category","embeddable":true,"href":"https:\/\/www.europesays.com\/cz\/wp-json\/wp\/v2\/categories?post=185644"},{"taxonomy":"post_tag","embeddable":true,"href":"https:\/\/www.europesays.com\/cz\/wp-json\/wp\/v2\/tags?post=185644"}],"curies":[{"name":"wp","href":"https:\/\/api.w.org\/{rel}","templated":true}]}}