{"id":185771,"date":"2026-08-20T09:41:12","date_gmt":"2026-08-20T09:41:12","guid":{"rendered":"https:\/\/www.europesays.com\/cz\/185771\/"},"modified":"2026-08-20T09:41:12","modified_gmt":"2026-08-20T09:41:12","slug":"nesikovny-ridic-v-prerove-srazil-dva-chodce-prerazil-dva-sloupy-a-pohnojil-krizovatku","status":"publish","type":"post","link":"https:\/\/www.europesays.com\/cz\/185771\/","title":{"rendered":"Ne\u0161ikovn\u00fd \u0159idi\u010d v\u00a0P\u0159erov\u011b srazil dva chodce, p\u0159erazil dva sloupy a\u00a0pohnojil k\u0159i\u017eovatku"},"content":{"rendered":"<p class=\"c_bB\">Nehoda se stala p\u0159ed 14:00. \u201eJednat\u0159icetilet\u00fd \u0159idi\u010d zem\u011bd\u011blsk\u00e9ho stroje s\u00a0cisternou napln\u011bnou melasou se po rozsv\u00edcen\u00ed zelen\u00e9 barvy na semaforu p\u0159ed k\u0159i\u017eovatkou s\u00a0ulic\u00ed n\u00e1b\u0159e\u017e\u00ed Dr. Edvarda Bene\u0161e rozjel, a\u00a0p\u0159itom nedopat\u0159en\u00edm stiskl tla\u010d\u00edtko pro rozlo\u017een\u00ed aplika\u010dn\u00edch ramen hnoj\u00edc\u00edho stroje,\u201c popsal ve \u010dtvrtek po\u010d\u00e1tek nehody policejn\u00ed mluv\u010d\u00ed Libor Hejtman.<\/p>\n<p class=\"c_bB\">Prav\u00e9 rameno stroje, kter\u00e9 se dostalo ze svisl\u00e9 do vodorovn\u00e9 polohy, narazilo do dvou chodc\u016f, kte\u0159\u00ed st\u00e1li na prav\u00e9m chodn\u00edku.<\/p>\n<p class=\"c_bB\">\u201eD\u00e1le toto vyklopen\u00e9 rameno narazilo do dvou kovov\u00fdch sloup\u016f na k\u0159i\u017eovatce, kter\u00e9 porazilo. Jakmile \u0159idi\u010d zjistil, co se stalo, zastavil a\u00a0rozlo\u017een\u00e1 ramena ihned slo\u017eil nahoru do p\u0159epravovac\u00ed polohy,\u201c uvedl Hejtman s\u00a0t\u00edm, \u017ee \u010d\u00e1st hnojiva sta\u010dila vyt\u00e9ct.<\/p>\n<p class=\"c_bB\">Oba chodci byli se zran\u011bn\u00edmi p\u0159evezeni do nemocnice. \u201e\u0158idi\u010d nebyl pod vlivem alkoholu. Policist\u00e9 odhadli \u0161kodu na 320\u00a0tis\u00edc korun,\u201c dodal policejn\u00ed mluv\u010d\u00ed.<\/p>\n<p class=\"c_bB\">Kv\u016fli nehod\u011b nebude na k\u0159i\u017eovatce fungovat n\u011bkolik t\u00fddn\u016f sv\u011bteln\u00e1 signalizace. Provoz se bude \u0159\u00eddit jen svisl\u00fdmi dopravn\u00edmi zna\u010dkami.<\/p>\n<p><img fetchpriority=\"high\" height=\"1728\"   width=\"2592\" src=\"https:\/\/www.europesays.com\/cz\/wp-content\/uploads\/2026\/08\/policie-dopravni-nehody-melasa-prerov.jpeg\" loading=\"eager\" decoding=\"sync\" class=\"c_t c_r\"\/>Foto: Policie \u010cR<\/p>\n<p class=\"c_bB\">Zem\u011bd\u011blsk\u00fd stroj, kter\u00fd \u0159idi\u010d \u0159\u00eddil<\/p>\n<p><a data-dot=\"atm-link\" target=\"_self\" href=\"https:\/\/www.novinky.cz\/clanek\/krimi-nesika-pri-vyvazeni-repy-odstrihl-ctyri-obce-na-olomoucku-od-elektriny-40445485\" class=\"c_N\" rel=\"nofollow noopener\"><img height=\"488\" width=\"868\" src=\"https:\/\/www.europesays.com\/cz\/wp-content\/uploads\/2026\/08\/pole-sloup-elektrina-olomouc.png\" loading=\"eager\" decoding=\"sync\" class=\"c_t c_r\"\/><\/a><\/p>\n","protected":false},"excerpt":{"rendered":"Nehoda se stala p\u0159ed 14:00. \u201eJednat\u0159icetilet\u00fd \u0159idi\u010d zem\u011bd\u011blsk\u00e9ho stroje s\u00a0cisternou napln\u011bnou melasou se po rozsv\u00edcen\u00ed zelen\u00e9 barvy na&hellip;\n","protected":false},"author":2,"featured_media":185772,"comment_status":"","ping_status":"","sticky":false,"template":"","format":"standard","meta":{"footnotes":"","_share_on_mastodon":"0"},"categories":[7],"tags":[43,42,41,40,323,43833,325,3534],"class_list":["post-185771","post","type-post","status-publish","format-standard","has-post-thumbnail","category-cesko","tag-ceska-republika","tag-cesko","tag-czech-republic","tag-czechia","tag-dopravni-nehody","tag-melasa","tag-policie","tag-prerov"],"share_on_mastodon":{"url":"https:\/\/pubeurope.com\/@cz\/117127184575125375","error":""},"_links":{"self":[{"href":"https:\/\/www.europesays.com\/cz\/wp-json\/wp\/v2\/posts\/185771","targetHints":{"allow":["GET"]}}],"collection":[{"href":"https:\/\/www.europesays.com\/cz\/wp-json\/wp\/v2\/posts"}],"about":[{"href":"https:\/\/www.europesays.com\/cz\/wp-json\/wp\/v2\/types\/post"}],"author":[{"embeddable":true,"href":"https:\/\/www.europesays.com\/cz\/wp-json\/wp\/v2\/users\/2"}],"replies":[{"embeddable":true,"href":"https:\/\/www.europesays.com\/cz\/wp-json\/wp\/v2\/comments?post=185771"}],"version-history":[{"count":0,"href":"https:\/\/www.europesays.com\/cz\/wp-json\/wp\/v2\/posts\/185771\/revisions"}],"wp:featuredmedia":[{"embeddable":true,"href":"https:\/\/www.europesays.com\/cz\/wp-json\/wp\/v2\/media\/185772"}],"wp:attachment":[{"href":"https:\/\/www.europesays.com\/cz\/wp-json\/wp\/v2\/media?parent=185771"}],"wp:term":[{"taxonomy":"category","embeddable":true,"href":"https:\/\/www.europesays.com\/cz\/wp-json\/wp\/v2\/categories?post=185771"},{"taxonomy":"post_tag","embeddable":true,"href":"https:\/\/www.europesays.com\/cz\/wp-json\/wp\/v2\/tags?post=185771"}],"curies":[{"name":"wp","href":"https:\/\/api.w.org\/{rel}","templated":true}]}}