{"id":185803,"date":"2026-08-20T10:12:16","date_gmt":"2026-08-20T10:12:16","guid":{"rendered":"https:\/\/www.europesays.com\/cz\/185803\/"},"modified":"2026-08-20T10:12:16","modified_gmt":"2026-08-20T10:12:16","slug":"praha-6-kulturnimu-centru-kastan-na-brevnove-vybrala-budouci-podobu","status":"publish","type":"post","link":"https:\/\/www.europesays.com\/cz\/185803\/","title":{"rendered":"Praha 6\u00a0kulturn\u00edmu centru Ka\u0161tan na B\u0159evnov\u011b vybrala budouc\u00ed podobu"},"content":{"rendered":"<p class=\"c_bB\">\u201eV\u00edt\u011bzn\u00fd n\u00e1vrh nejl\u00e9pe skloubil urbanistick\u00e9 \u0159e\u0161en\u00ed a\u00a0citliv\u00fd p\u0159\u00edstup k\u00a0unik\u00e1tn\u00edmu sousedstv\u00ed s\u00a0B\u0159evnovsk\u00fdm kl\u00e1\u0161terem. Z\u00e1rove\u0148 vytvo\u0159il provozn\u011b funk\u010dn\u00ed celek ze zrekonstruovan\u00e9 historick\u00e9 budovy dne\u0161n\u00edho Ka\u0161tanu a\u00a0dvou nov\u00fdch objekt\u016f s\u00a0kulturn\u00edm s\u00e1lem a\u00a0novou kav\u00e1rnou,\u201c popsal m\u00edstostarosta Prahy 6\u00a0Petr Prokop (STAN).<\/p>\n<p class=\"c_bB\">Komun\u00e1ln\u00ed politik dodal, \u017ee do budoucna by tak m\u011blo v\u00a0Ka\u0161tanu vzniknout nov\u00e9 kulturn\u00ed a\u00a0spole\u010densk\u00e9 centrum B\u0159evnova, kter\u00e9 bude svou velikost\u00ed um\u011b\u0159en\u00e9 okol\u00ed a\u00a0z\u00e1rove\u0148 bude poskytovat pro kulturu profesion\u00e1ln\u00ed podm\u00ednky.<\/p>\n<p class=\"c_bB\">Radnice v\u00a0sout\u011b\u017ei obdr\u017eela celkem 44\u00a0nab\u00eddek, z\u00a0nich\u017e odborn\u00e1 porota v\u00a0\u00fanoru vybrala 9\u00a0finalist\u016f, kte\u0159\u00ed n\u00e1sledn\u011b zpracovali konkr\u00e9tn\u00ed sout\u011b\u017en\u00ed n\u00e1vrhy. Na za\u010d\u00e1tku \u010dervna pak porota v\u0161echny odevzdan\u00e9 projekty komplexn\u011b ohodnotila a\u00a0rozhodla o\u00a0v\u00edt\u011bzi.<\/p>\n<p class=\"c_bB\">\u201eRekonstrukce a\u00a0dostavba kulturn\u00edho centra Ka\u0161tan je jedn\u00edm z\u00a0na\u0161ich kl\u00ed\u010dov\u00fdch dlouhodob\u00fdch projekt\u016f. Chceme zachovat historick\u00fd r\u00e1z pam\u00e1tkov\u011b chr\u00e1n\u011bn\u00e9 budovy, ale z\u00e1rove\u0148 z\u00a0Ka\u0161tanu vytvo\u0159it modern\u00ed a\u00a0funk\u010dn\u00ed kulturn\u00ed z\u00e1zem\u00ed pro 21.\u00a0stolet\u00ed,\u201c uvedl starosta Prahy 6\u00a0Jakub St\u00e1rek (ODS).<\/p>\n<p><img fetchpriority=\"high\" height=\"3000\"   width=\"4000\" src=\"https:\/\/www.europesays.com\/cz\/wp-content\/uploads\/2026\/08\/praha-6-kastan-kulturni-centrum.mpo.jpeg\" loading=\"eager\" decoding=\"sync\" class=\"c_t c_r\"\/>Foto: Martin Fry\u010d<\/p>\n<p class=\"c_bB\">Podoba pra\u017esk\u00e9ho centra kultury Ka\u0161tan z\u00a0posledn\u00edch let.<\/p>\n<p>P\u0159\u00edsn\u00e9 po\u017eadavky<\/p>\n<p class=\"c_bB\">Porota slo\u017een\u00e1 z\u00a0nez\u00e1visl\u00fdch architekt\u016f i\u00a0z\u00e1stupc\u016f m\u011bstsk\u00e9 \u010d\u00e1sti posuzovala n\u00e1vrhy podle komplexn\u00edch krit\u00e9ri\u00ed.<\/p>\n<p class=\"c_bB\">Prvn\u00edm byla celkov\u00e1 urbanistick\u00e1 koncepce, tedy jak stavba zapad\u00e1 do \u0161ir\u0161\u00edho okol\u00ed B\u0159evnova. Druh\u00fdm krit\u00e9riem byla architektonick\u00e1 kvalita budov a\u00a0\u0159e\u0161en\u00ed p\u0159ilehl\u00e9ho ve\u0159ejn\u00e9ho prostoru. T\u0159et\u00edm z\u00e1sadn\u00edm bodem bylo zohledn\u011bn\u00ed princip\u016f pam\u00e1tkov\u00e9 ochrany historick\u00e9ho objektu Hospoda U\u00a0Ka\u0161tanu. \u010ctvrt\u00fdm krit\u00e9riem pak bylo provozn\u00ed a\u00a0funk\u010dn\u00ed \u0159e\u0161en\u00ed cel\u00e9ho souboru staveb spole\u010dn\u011b s\u00a0ekonomickou p\u0159im\u011b\u0159enost\u00ed n\u00e1vrhu.<\/p>\n<p class=\"c_bB\">M\u011bstsk\u00e1 \u010d\u00e1st dodala, \u017ee nenech\u00e1 n\u00e1pady dal\u0161\u00edch sout\u011b\u017e\u00edc\u00edch architekt\u016f v\u00a0\u0161upl\u00edku. Na podzim uspo\u0159\u00e1d\u00e1 ve\u0159ejnou v\u00fdstavu v\u0161ech sout\u011b\u017en\u00edch n\u00e1vrh\u016f, kde si ob\u010dan\u00e9 budou moci detailn\u011b prohl\u00e9dnout nejen, jak se Ka\u0161tan v\u00a0budoucnu prom\u011bn\u00ed, ale tak\u00e9, jakou prom\u011bnu navrhovali ostatn\u00ed \u00fa\u010dastn\u00edci sout\u011b\u017ee. O\u00a0p\u0159esn\u00e9m term\u00ednu a\u00a0m\u00edstu kon\u00e1n\u00ed v\u00fdstavy budeme v\u010das informovat.<\/p>\n<p><a data-dot=\"atm-link\" target=\"_self\" href=\"https:\/\/www.novinky.cz\/clanek\/domaci-zpravy-hlavni-mesto-praha-prazsti-hygienici-zakazali-koupani-v-nadrzi-dzban-40588544\" class=\"c_N\" rel=\"nofollow noopener\"><img height=\"709\" width=\"1262\" src=\"https:\/\/www.europesays.com\/cz\/wp-content\/uploads\/2026\/08\/BLBC8O.jpeg\" loading=\"eager\" decoding=\"sync\" class=\"c_t c_r\"\/><\/a><\/p>\n","protected":false},"excerpt":{"rendered":"\u201eV\u00edt\u011bzn\u00fd n\u00e1vrh nejl\u00e9pe skloubil urbanistick\u00e9 \u0159e\u0161en\u00ed a\u00a0citliv\u00fd p\u0159\u00edstup k\u00a0unik\u00e1tn\u00edmu sousedstv\u00ed s\u00a0B\u0159evnovsk\u00fdm kl\u00e1\u0161terem. Z\u00e1rove\u0148 vytvo\u0159il provozn\u011b funk\u010dn\u00ed celek ze&hellip;\n","protected":false},"author":2,"featured_media":185804,"comment_status":"","ping_status":"","sticky":false,"template":"","format":"standard","meta":{"footnotes":"","_share_on_mastodon":"0"},"categories":[30],"tags":[8403,1042,1448,98,99,1017,1373],"class_list":["post-185803","post","type-post","status-publish","format-standard","has-post-thumbnail","category-praha","tag-architektonicke-souteze","tag-brevnov","tag-kultura","tag-prague","tag-praha","tag-praha-6","tag-rekonstrukce"],"share_on_mastodon":{"url":"https:\/\/pubeurope.com\/@cz\/117127305944176610","error":""},"_links":{"self":[{"href":"https:\/\/www.europesays.com\/cz\/wp-json\/wp\/v2\/posts\/185803","targetHints":{"allow":["GET"]}}],"collection":[{"href":"https:\/\/www.europesays.com\/cz\/wp-json\/wp\/v2\/posts"}],"about":[{"href":"https:\/\/www.europesays.com\/cz\/wp-json\/wp\/v2\/types\/post"}],"author":[{"embeddable":true,"href":"https:\/\/www.europesays.com\/cz\/wp-json\/wp\/v2\/users\/2"}],"replies":[{"embeddable":true,"href":"https:\/\/www.europesays.com\/cz\/wp-json\/wp\/v2\/comments?post=185803"}],"version-history":[{"count":0,"href":"https:\/\/www.europesays.com\/cz\/wp-json\/wp\/v2\/posts\/185803\/revisions"}],"wp:featuredmedia":[{"embeddable":true,"href":"https:\/\/www.europesays.com\/cz\/wp-json\/wp\/v2\/media\/185804"}],"wp:attachment":[{"href":"https:\/\/www.europesays.com\/cz\/wp-json\/wp\/v2\/media?parent=185803"}],"wp:term":[{"taxonomy":"category","embeddable":true,"href":"https:\/\/www.europesays.com\/cz\/wp-json\/wp\/v2\/categories?post=185803"},{"taxonomy":"post_tag","embeddable":true,"href":"https:\/\/www.europesays.com\/cz\/wp-json\/wp\/v2\/tags?post=185803"}],"curies":[{"name":"wp","href":"https:\/\/api.w.org\/{rel}","templated":true}]}}