{"id":186107,"date":"2026-08-20T14:56:11","date_gmt":"2026-08-20T14:56:11","guid":{"rendered":"https:\/\/www.europesays.com\/cz\/186107\/"},"modified":"2026-08-20T14:56:11","modified_gmt":"2026-08-20T14:56:11","slug":"belgie-varuje-pred-nihilistickym-extremismem-mezi-mladymi","status":"publish","type":"post","link":"https:\/\/www.europesays.com\/cz\/186107\/","title":{"rendered":"Belgie varuje p\u0159ed nihilistick\u00fdm extremismem mezi mlad\u00fdmi"},"content":{"rendered":"<p class=\"c_bB\">Nejzraniteln\u011bj\u0161\u00ed jsou d\u011bti, teenage\u0159i a\u00a0mlad\u00ed lid\u00e9, kte\u0159\u00ed mohou b\u00fdt lehce osloveni skrze soci\u00e1ln\u00ed s\u00edt\u011b, hern\u00ed platformy \u010di online skupiny a\u00a0n\u00e1sledn\u011b p\u0159esm\u011brov\u00e1ni na v\u00edce \u0161ifrovan\u00e9 komunika\u010dn\u00ed kan\u00e1ly. Tam jsou \u010dasto manipulov\u00e1ni a\u00a0nuceni ubli\u017eovat sob\u011b nebo ostatn\u00edm.<\/p>\n<p class=\"c_bB\">Zd\u00e1 se v\u0161ak, \u017ee jde o\u00a0relativn\u011b malou skupinu. Z\u00a0528\u00a0osob sledovan\u00fdch protiteroristickou agenturou je do nihilistick\u00e9ho extremismu zapojeno \u0161est. \u201eP\u0159esto si to vy\u017eaduje zvl\u00e1\u0161tn\u00ed pozornost, proto\u017ee po\u010d\u00edt\u00e1me s\u00a0mo\u017enost\u00ed, \u017ee n\u011bkter\u00e9 p\u0159\u00edpady z\u016fst\u00e1vaj\u00ed neodhaleny,\u201c \u0159ekl \u0159editel OCAD Gert Vercauteren. \u201eV jin\u00fdch zem\u00edch do\u0161lo k\u00a0n\u00e1sil\u00ed ve \u0161kol\u00e1ch, kter\u00e9 je s\u00a0touto sc\u00e9nou spojeno,\u201c upozornil.<\/p>\n<p class=\"c_bB\">Nov\u00e1 zpr\u00e1va zve\u0159ejn\u011bn\u00e1 OCAD si klade za c\u00edl pomoci odborn\u00edk\u016fm rychleji rozpoznat sign\u00e1ly a\u00a0vhodn\u011b reagovat v\u00a0p\u0159\u00edpad\u011b obav z\u00a0mo\u017en\u00e9ho zapojen\u00ed do nihilistick\u00e9ho extremismu.<\/p>\n<p class=\"c_bB\">V polovin\u011b \u010dervna \u00fa\u0159ad varoval p\u0159ed n\u00e1r\u016fstem po\u010dtu radikalizovan\u00fdch nezletil\u00fdch. Z\u00a0lid\u00ed, kte\u0159\u00ed se v\u00a0posledn\u00edch t\u0159ech letech pod\u00edleli na p\u0159\u00edprav\u011b extremistick\u00fdch \u010di teroristick\u00fdch \u010din\u016f, tvo\u0159ili t\u00e9m\u011b\u0159 t\u0159etinu lid\u00e9 mlad\u0161\u00ed 18\u00a0let.<\/p>\n<p><a data-dot=\"atm-link\" target=\"_self\" href=\"https:\/\/www.novinky.cz\/clanek\/krimi-sestnactilety-sel-ubodat-bezdomovce-v-praze-a-pro-partu-to-natacel-dostal-sest-let-40593693\" class=\"c_N\" rel=\"nofollow noopener\"><img fetchpriority=\"high\" height=\"506\" width=\"900\" src=\"https:\/\/www.europesays.com\/cz\/wp-content\/uploads\/2026\/08\/1787237771_887_RO9BOPf.jpeg\" loading=\"eager\" decoding=\"sync\" class=\"c_t c_r\"\/><\/a><\/p>\n","protected":false},"excerpt":{"rendered":"Nejzraniteln\u011bj\u0161\u00ed jsou d\u011bti, teenage\u0159i a\u00a0mlad\u00ed lid\u00e9, kte\u0159\u00ed mohou b\u00fdt lehce osloveni skrze soci\u00e1ln\u00ed s\u00edt\u011b, hern\u00ed platformy \u010di online&hellip;\n","protected":false},"author":2,"featured_media":186108,"comment_status":"","ping_status":"","sticky":false,"template":"","format":"standard","meta":{"footnotes":"","_share_on_mastodon":"0"},"categories":[15],"tags":[892,2402,43877,94,93],"class_list":["post-186107","post","type-post","status-publish","format-standard","has-post-thumbnail","category-sport","tag-belgie","tag-mladistvi","tag-nihilismus","tag-sport","tag-sports"],"share_on_mastodon":{"url":"https:\/\/pubeurope.com\/@cz\/117128422213468192","error":""},"_links":{"self":[{"href":"https:\/\/www.europesays.com\/cz\/wp-json\/wp\/v2\/posts\/186107","targetHints":{"allow":["GET"]}}],"collection":[{"href":"https:\/\/www.europesays.com\/cz\/wp-json\/wp\/v2\/posts"}],"about":[{"href":"https:\/\/www.europesays.com\/cz\/wp-json\/wp\/v2\/types\/post"}],"author":[{"embeddable":true,"href":"https:\/\/www.europesays.com\/cz\/wp-json\/wp\/v2\/users\/2"}],"replies":[{"embeddable":true,"href":"https:\/\/www.europesays.com\/cz\/wp-json\/wp\/v2\/comments?post=186107"}],"version-history":[{"count":0,"href":"https:\/\/www.europesays.com\/cz\/wp-json\/wp\/v2\/posts\/186107\/revisions"}],"wp:featuredmedia":[{"embeddable":true,"href":"https:\/\/www.europesays.com\/cz\/wp-json\/wp\/v2\/media\/186108"}],"wp:attachment":[{"href":"https:\/\/www.europesays.com\/cz\/wp-json\/wp\/v2\/media?parent=186107"}],"wp:term":[{"taxonomy":"category","embeddable":true,"href":"https:\/\/www.europesays.com\/cz\/wp-json\/wp\/v2\/categories?post=186107"},{"taxonomy":"post_tag","embeddable":true,"href":"https:\/\/www.europesays.com\/cz\/wp-json\/wp\/v2\/tags?post=186107"}],"curies":[{"name":"wp","href":"https:\/\/api.w.org\/{rel}","templated":true}]}}