{"id":186291,"date":"2026-08-20T18:05:14","date_gmt":"2026-08-20T18:05:14","guid":{"rendered":"https:\/\/www.europesays.com\/cz\/186291\/"},"modified":"2026-08-20T18:05:14","modified_gmt":"2026-08-20T18:05:14","slug":"cinane-popreli-zakony-fyziky-jejich-suv-predvedlo-trik-na-ktery-nikdo-nema-odpoved","status":"publish","type":"post","link":"https:\/\/www.europesays.com\/cz\/186291\/","title":{"rendered":"\u010c\u00ed\u0148an\u00e9 pop\u0159eli z\u00e1kony fyziky! Jejich SUV p\u0159edvedlo trik, na kter\u00fd nikdo nem\u00e1 odpov\u011b\u010f"},"content":{"rendered":"<p class=\"b_bs\">\u010cas od \u010dasu se \u010d\u00ednsk\u00e9 automobilky pokus\u00ed \u0161okovat n\u011bjak\u00fdmi zaj\u00edmav\u00fdmi kousky. N\u011bkdy jde o\u00a0\u00fasp\u011bch, t\u0159eba kdy\u017e <a data-dot=\"atm-link\" target=\"_blank\" href=\"https:\/\/www.garaz.cz\/tag\/byd-74698\" class=\"b_X\" rel=\"nofollow noopener\">BYD<\/a> nechal spadnout na svoje auto strom nebo <a data-dot=\"atm-link\" target=\"_blank\" href=\"https:\/\/www.garaz.cz\/clanek\/novinky-ze-sveta-automobilek-mame-tady-nove-nejrychlejsi-produkcni-auto-sveta-neni-tezke-uhodnout-odkud-je-21015520\" class=\"b_X\" rel=\"nofollow noopener\">poko\u0159il rychlost 496\u00a0km\/h<\/a>, jindy o\u00a0fiasko, jako t\u0159eba loni p\u0159i pokusu modelu Fulwin X3L (Chery) o\u00a0v\u00fdjezd 999\u00a0strm\u00fdch schod\u016f vedouc\u00edch k\u00a0p\u0159\u00edrodn\u00edmu skaln\u00edmu oblouku Nebesk\u00e1 br\u00e1na.<\/p>\n<p><a data-dot=\"atm-link\" aria-hidden=\"true\" tabindex=\"-1\" href=\"https:\/\/www.garaz.cz\/clanek\/zajimavosti-cinane-se-pokusili-napodobit-slavny-kousek-range-roveru-skoncilo-to-naprostym-fiaskem-a-poradnou-skodou-21015851\" class=\"b_X o_g7\" rel=\"nofollow noopener\" target=\"_blank\"><img fetchpriority=\"high\" height=\"1080\"   width=\"1920\" src=\"https:\/\/www.europesays.com\/cz\/wp-content\/uploads\/2026\/08\/chery-fulwin-x3l.webp\" loading=\"eager\" decoding=\"sync\" class=\"b_D b_B\"\/><\/a><\/p>\n<p class=\"b_bs\">Nyn\u00ed se o\u00a0slovo p\u0159ihl\u00e1sil <a data-dot=\"atm-link\" target=\"_blank\" href=\"https:\/\/www.garaz.cz\/tag\/voyah-113189\" class=\"b_X\" rel=\"nofollow noopener\">Voyah<\/a> (Dongfeng), kter\u00fd vzal svoje p\u011bt metr\u016f dlouh\u00e9 elektrick\u00e9 SUV Passion S\u00a0a vydal se s\u00a0n\u00edm do tunelu. Nev\u00edme, jestli byl pou\u017eit model s\u00a0pohonem zadn\u00edch kol (408\u00a0kon\u00ed) nebo v\u0161ech \u010dty\u0159 kol (646\u00a0kon\u00ed), ale dost pravd\u011bpodobn\u011b \u010dty\u0159kolka.<\/p>\n<p class=\"b_bs\">P\u0159ed samotn\u00fdm testem ud\u011blal v\u00fdrobce \u0159adu teoretick\u00fdch propo\u010dt\u016f, kde se musela spr\u00e1vn\u011b trefit rychlost i\u00a0\u00fahel. Potom se upraven\u00fd (na p\u0159\u00edstrojov\u00e9m \u0161t\u00edtu sv\u00edt\u00ed kontrolky) \u010derven\u00fd Passion S\u00a0vydal vst\u0159\u00edc tunelu, kde p\u0159edvedl \u00fasp\u011b\u0161nou oto\u010dku o\u00a0360\u00a0stup\u0148\u016f (loop).<\/p>\n<p class=\"b_bs\">Stopy pneumatik na ramp\u00e1ch i\u00a0stropu potvrzuj\u00ed (a <a data-dot=\"atm-link\" target=\"_blank\" rel=\"noopener nofollow\" href=\"https:\/\/www.instagram.com\/p\/Db_CJn3BO5s\/\" class=\"b_X\">unikl\u00e9 video<\/a> tak\u00e9), \u017ee se akce nepovedla na prvn\u00ed pokus. Rovn\u011b\u017e nen\u00ed vid\u011bt \u0159idi\u010d, proto nev\u00edme, jestli auto nebylo naprogramovan\u00e9 na samo\u0159\u00edzen\u00ed.<\/p>\n<p class=\"b_bs\">Po zve\u0159ejn\u011bn\u00ed videa se ihned objevily pochybnosti, v\u00fdrobce v\u0161ak uvolnil videa \u00fasp\u011b\u0161n\u00e9 oto\u010dky z\u00a0n\u011bkolika pou\u017eit\u00fdch kamer a\u00a0dron\u016f.<\/p>\n<p class=\"b_bs\">A\u010dkoli tedy auto bylo na pokus lehce upraven\u00e9 a\u00a0v\u0161e se nepovedlo na prvn\u00ed dobrou, zat\u00edm to sp\u00ed\u0161e vypad\u00e1, \u017ee se \u010c\u00ed\u0148an\u016fm tenhle kousek nakonec opravdu povedl. Jsme tak zv\u011bdav\u00ed, jestli na tuhle \u0161\u00edlenost odpov\u00ed n\u011bkter\u00e1 z\u00a0jin\u00fdch automobilek, a\u0165 u\u017e \u010d\u00ednsk\u00fdch \u010di z\u00e1padn\u00edch.<\/p>\n<p class=\"b_bs\">Voyah Passion S\u00a0pravd\u011bpodobn\u011b zam\u00ed\u0159\u00ed do \u010ceska u\u017e p\u0159\u00ed\u0161t\u00ed rok v\u00a0l\u00e9t\u011b, nejsp\u00ed\u0161 u\u017e v\u00a0r\u00e1mci evropsk\u00e9 produkce.<\/p>\n<p><a data-dot=\"atm-link\" aria-hidden=\"true\" tabindex=\"-1\" href=\"https:\/\/www.garaz.cz\/clanek\/novinky-ze-sveta-automobilek-stellantisu-tece-do-bot-tak-do-svych-fabrik-pousti-cinany-do-evropy-miri-luxusni-dongfengy-21017029\" class=\"b_X o_g7\" rel=\"nofollow noopener\" target=\"_blank\"><img height=\"1440\"   width=\"2560\" src=\"https:\/\/www.europesays.com\/cz\/wp-content\/uploads\/2026\/08\/1787249114_151_coyah-courage.webp\" loading=\"eager\" decoding=\"sync\" class=\"b_D b_B\"\/><\/a><script async src=\"\/\/www.instagram.com\/embed.js\"><\/script><\/p>\n","protected":false},"excerpt":{"rendered":"\u010cas od \u010dasu se \u010d\u00ednsk\u00e9 automobilky pokus\u00ed \u0161okovat n\u011bjak\u00fdmi zaj\u00edmav\u00fdmi kousky. N\u011bkdy jde o\u00a0\u00fasp\u011bch, t\u0159eba kdy\u017e BYD nechal&hellip;\n","protected":false},"author":2,"featured_media":186292,"comment_status":"","ping_status":"","sticky":false,"template":"","format":"standard","meta":{"footnotes":"","_share_on_mastodon":"0"},"categories":[12],"tags":[67,68,202,36228,5170,5101],"class_list":["post-186291","post","type-post","status-publish","format-standard","has-post-thumbnail","category-byznys","tag-business","tag-byznys","tag-cina","tag-kaskaderi","tag-tunel","tag-voyah"],"share_on_mastodon":{"url":"https:\/\/pubeurope.com\/@cz\/117129165679551758","error":""},"_links":{"self":[{"href":"https:\/\/www.europesays.com\/cz\/wp-json\/wp\/v2\/posts\/186291","targetHints":{"allow":["GET"]}}],"collection":[{"href":"https:\/\/www.europesays.com\/cz\/wp-json\/wp\/v2\/posts"}],"about":[{"href":"https:\/\/www.europesays.com\/cz\/wp-json\/wp\/v2\/types\/post"}],"author":[{"embeddable":true,"href":"https:\/\/www.europesays.com\/cz\/wp-json\/wp\/v2\/users\/2"}],"replies":[{"embeddable":true,"href":"https:\/\/www.europesays.com\/cz\/wp-json\/wp\/v2\/comments?post=186291"}],"version-history":[{"count":0,"href":"https:\/\/www.europesays.com\/cz\/wp-json\/wp\/v2\/posts\/186291\/revisions"}],"wp:featuredmedia":[{"embeddable":true,"href":"https:\/\/www.europesays.com\/cz\/wp-json\/wp\/v2\/media\/186292"}],"wp:attachment":[{"href":"https:\/\/www.europesays.com\/cz\/wp-json\/wp\/v2\/media?parent=186291"}],"wp:term":[{"taxonomy":"category","embeddable":true,"href":"https:\/\/www.europesays.com\/cz\/wp-json\/wp\/v2\/categories?post=186291"},{"taxonomy":"post_tag","embeddable":true,"href":"https:\/\/www.europesays.com\/cz\/wp-json\/wp\/v2\/tags?post=186291"}],"curies":[{"name":"wp","href":"https:\/\/api.w.org\/{rel}","templated":true}]}}