{"id":18697,"date":"2026-03-09T09:50:10","date_gmt":"2026-03-09T09:50:10","guid":{"rendered":"https:\/\/www.europesays.com\/cz\/18697\/"},"modified":"2026-03-09T09:50:10","modified_gmt":"2026-03-09T09:50:10","slug":"zahradkari-berou-utokem-chytrou-vychytavku-z-action-za-49-kc-usetri-vam-spoustu-prace-i-casu","status":"publish","type":"post","link":"https:\/\/www.europesays.com\/cz\/18697\/","title":{"rendered":"Zahr\u00e1dk\u00e1\u0159i berou \u00fatokem chytrou vychyt\u00e1vku z Action za 49 K\u010d. U\u0161et\u0159\u00ed v\u00e1m spoustu pr\u00e1ce i \u010dasu"},"content":{"rendered":"<p class=\"MsoNormal\">Po\u010det zahr\u00e1dk\u00e1\u0159\u016f v\u00a0\u010cesku roste. I\u00a0ve velk\u00fdch<br \/>\nm\u011bstech stoup\u00e1 po\u010det \u017e\u00e1dost\u00ed t\u00fdkaj\u00edc\u00edch se komunitn\u00edch zahrad. Podle<br \/>\nstatistik se t\u00e9to aktivit\u011b v\u011bnuje 55\u00a0% tuzemsk\u00fdch rodin. Podle odborn\u00edk\u016f se p\u0159itom mimo jin\u00e9<br \/>\njedn\u00e1 o\u00a0\u00fa\u010dinn\u00fd boj proti epidemii obezity. Zahr\u00e1dk\u00e1\u0159i se<br \/>\nv\u011bnuj\u00ed fyzick\u00e9 aktivit\u011b na \u010derstv\u00e9m vzduchu a nav\u00edc \u010dast\u011bji konzumuj\u00ed<br \/>\n\u010derstv\u00e9 ovoce a zeleninu. Aktu\u00e1ln\u011b si lze ka\u017edop\u00e1dn\u011b po\u0159\u00eddit spoustu<br \/>\nzaj\u00edmav\u00fdch pom\u016fcek, a to v\u010detn\u011b v\u00fdsevn\u00fdch\u00a0p\u00e1s\u016f.<\/p>\n<p>V\u00fdsevn\u00e9 p\u00e1sy jako prakti\u010dt\u00ed pomocn\u00edci<\/p>\n<p class=\"MsoNormal\">V\u00fdsevn\u00e9 p\u00e1sy jsou skv\u011blou pom\u016fckou pro zahr\u00e1dk\u00e1\u0159e,<br \/>\na to v\u010detn\u011b naprost\u00fdch za\u010d\u00e1te\u010dn\u00edk\u016f. Mo\u017en\u00e1 jste o\u00a0nich nikdy<br \/>\nnesly\u0161eli, ale jedn\u00e1 se<br \/>\no\u00a0prou\u017eek z\u00a0vodorozpustn\u00e9ho materi\u00e1lu, na n\u011bm\u017e jsou semena uchycena u\u017e<br \/>\nve spr\u00e1vn\u00e9m rozestupu. Proto odpadaj\u00ed starosti s\u00a0t\u00edm, jak daleko<br \/>\nje od sebe um\u00edstit. Nav\u00edc v\u00e1m ubyde pr\u00e1ce s\u00a0p\u0159\u00edpadn\u00fdm jednocen\u00edm, pokud<br \/>\nsemena nasejete p\u0159\u00edli\u0161 bl\u00edzko k\u00a0sob\u011b. Uplatn\u011bn\u00ed p\u0159itom mohou nal\u00e9zt<br \/>\nu\u00a0bylinek, kvetouc\u00edch rostlin i\u00a0zeleniny.<\/p>\n<p class=\"MsoNormal\">Pro\u010d by<br \/>\nrostlinky nem\u011bly b\u00fdt p\u0159\u00edli\u0161 bl\u00edzko u\u00a0sebe? Proto\u017ee by si<br \/>\nvz\u00e1jemn\u011b konkurovaly, co se sv\u011btla, vody a \u017eivin z\u00a0p\u016fdy t\u00fd\u010de. To by<br \/>\nm\u011blo negativn\u00ed vliv na jejich r\u016fst a zdrav\u00ed, stejn\u011b jako na\u00a0\u00farodu.<\/p>\n<p><a data-fancybox=\"gallery\" href=\"https:\/\/energozrouti.cz\/storage-webp\/8\/TrZ0MrzznCp9XnF1gbwHOlSOFTm4TO1dFVZR8gkEY8xkVvhlxgcHKlbW2WX6nIrLwVenrRWjhDlGwpU8MEyLyLNRNTAQsRWm7B46_big.webp\" rel=\"nofollow noopener\" target=\"_blank\"><br \/>\n            <img decoding=\"async\" loading=\"lazy\" class=\"img-responsive\" src=\"https:\/\/www.europesays.com\/cz\/wp-content\/uploads\/2026\/03\/TrZ0MrzznCp9XnF1gbwHOlSOFTm4TO1dFVZR8gkEY8xkVvhlxgcHKlbW2WX6nIrLwVenrRWjhDlGwpU8MEyLyLNRNTAQsRWm7B46.webp\" title=\"V\u00fdsevn\u00fd p\u00e1s je praktick\u00fd pomocn\u00edk pro zahr\u00e1dk\u00e1\u0159e\"\/><br \/>\n            <\/a>V\u00fdsevn\u00fd p\u00e1s je praktick\u00fd pomocn\u00edk pro zahr\u00e1dk\u00e1\u0159e<br \/>\n            , &#8230;<\/p>\n<p>Kdy v\u00fdsevn\u00e9 p\u00e1sy pou\u017e\u00edt?<\/p>\n<p class=\"MsoNormal\">V\u00fdsevn\u00e9 p\u00e1sy se vyplat\u00ed p\u0159edev\u0161\u00edm u\u00a0dra\u017e\u0161\u00edch<br \/>\nsemen, u\u00a0kter\u00fdch m\u016f\u017ee b\u00fdt \u0161koda, \u017ee po vykl\u00ed\u010den\u00ed a r\u016fstu budete muset<br \/>\nn\u011bkter\u00e9 rostlinky ze z\u00e1honu odstranit. Obvykle se jedn\u00e1 o\u00a0bio semena,<br \/>\np\u0159\u00edpadn\u011b o\u00a0semena exotick\u00fdch \u010di speci\u00e1ln\u011b vy\u0161lecht\u011bn\u00fdch rostlin.<br \/>\nUplatn\u011bn\u00ed ov\u0161em mohou nal\u00e9zt vlastn\u011b kdykoli. \u00dapln\u00ed laici nap\u0159\u00edklad nemus\u00ed \u0159e\u0161it,<br \/>\njak daleko od sebe semena um\u00edstit. Tahle pom\u016fcka tak m\u016f\u017ee usnadnit<br \/>\nzahradnick\u00e9 za\u010d\u00e1tky, co\u017e ur\u010dit\u011b nen\u00ed od\u00a0v\u011bci.<\/p>\n<p class=\"MsoNormal\">Pro jak\u00e1<br \/>\nsemena jsou v\u00fdsevn\u00e9 p\u00e1sy nejvhodn\u011bj\u0161\u00ed? P\u0159edev\u0161\u00edm pro ta<br \/>\ndrobn\u011bj\u0161\u00ed, tedy t\u0159eba pro mrkev, bylinky nebo listovou zeleninu. Hodit se<br \/>\nov\u0161em mohou i\u00a0pro st\u0159edn\u011b velk\u00e1 semena jako nap\u0159\u00edklad okurky, d\u00fdn\u011b \u010di<br \/>\ntykve. Velk\u00e1 semena (fazole, kuku\u0159ice) jsou naopak p\u0159\u00edli\u0161 objemn\u00e1 a nav\u00edc<br \/>\nse vys\u00e9vaj\u00ed sn\u00e1ze ne\u017e ta men\u0161\u00ed. U\u00a0nich tedy v\u00fdsevn\u00fd p\u00e1s nen\u00ed<br \/>\npot\u0159eba.<\/p>\n<p>V\u00fdsevn\u00fd p\u00e1s nyn\u00ed za necelou pades\u00e1tikorunu<\/p>\n<p class=\"MsoNormal\">Obchodn\u00ed \u0159et\u011bzec Action v\u00a0sou\u010dasn\u00e9 dob\u011b nab\u00edz\u00ed<br \/>\nv\u00fdsevn\u00fd p\u00e1s v\u00a0roli My Garden, a to za cenu pouh\u00fdch 49\u00a0korun. Balen\u00ed<br \/>\nnav\u00edc obsahuje v\u00edce ne\u017e jednu zahr\u00e1dk\u00e1\u0159skou pot\u0159ebu. Krom\u011b p\u00e1su o\u00a0rozm\u011brech 60\u00a0\u00d7<br \/>\n10\u00a0centimetr\u016f v\u00a0n\u011bm naleznete i\u00a0kv\u011btin\u00e1\u010dek a dv\u011b gumi\u010dky.<br \/>\nTuhle sadu lze tedy vyu\u017e\u00edt pro p\u0159edp\u011bstov\u00e1n\u00ed i\u00a0p\u011bstov\u00e1n\u00ed<br \/>\nsemen.\u00a0<\/p>\n<p><a data-fancybox=\"gallery\" href=\"https:\/\/energozrouti.cz\/storage-webp\/9\/H7v272t8yZg2kATXVHmcKWyK4ILyqZQYM89PNKbA0U2vrg1Kn5KinOu7iA86xYWQWC0d79xdvHF5LY8mwY3LbR3hlsvTRGBeOXcv_big.webp\" rel=\"nofollow noopener\" target=\"_blank\"><br \/>\n            <img decoding=\"async\" loading=\"lazy\" class=\"img-responsive\" src=\"https:\/\/www.europesays.com\/cz\/wp-content\/uploads\/2026\/03\/H7v272t8yZg2kATXVHmcKWyK4ILyqZQYM89PNKbA0U2vrg1Kn5KinOu7iA86xYWQWC0d79xdvHF5LY8mwY3LbR3hlsvTRGBeOXcv.webp\" title=\"V\u00fdsevn\u00fd p\u00e1s v roli My Garden dostanete i s dal\u0161\u00edm vybaven\u00edm\"\/><br \/>\n            <\/a>V\u00fdsevn\u00fd p\u00e1s v roli My Garden dostanete i s dal\u0161\u00edm vybaven\u00edm<br \/>\n            , &#8230;<\/p>\n<p class=\"MsoNormal\">Jak v\u00fdsevn\u00fd<br \/>\np\u00e1s pou\u017e\u00edt? P\u016fdu nejprve prokyp\u0159ete. N\u00e1sledn\u011b si p\u0159ipravte<br \/>\n1\u00a0a\u017e 2\u00a0cm hlubok\u00e9 r\u00fdhy, do nich\u017e ho um\u00edst\u011bte, zalijte a zahr\u0148te<br \/>\nzeminou. Tu opatrn\u011b p\u0159itla\u010dte a je\u0161t\u011b jednou m\u00edrn\u011b zalijte. Pou\u017e\u00edt lze<br \/>\ni\u00a0vrstvu kompostu, ale rad\u011bji ne moc vysokou. Maxim\u00e1ln\u011b kolem p\u016fl<br \/>\ncentimetru.<\/p>\n<p>Vyrobte si v\u00fdsevn\u00fd p\u00e1s sv\u00e9pomoc\u00ed<\/p>\n<p class=\"MsoNormal\">V\u00fdsevn\u00fd p\u00e1s My Garden se\u017eenete za pouhopouh\u00fdch<br \/>\n49\u00a0korun, a to i\u00a0s\u00a0dal\u0161\u00edm vybaven\u00edm. Takovou pom\u016fcku na semena si ov\u0161em lze<br \/>\nvyrobit i\u00a0jednodu\u0161e doma. Jak konkr\u00e9tn\u011b postupovat?<\/p>\n<p>\tP\u0159ipravte si semena, toaletn\u00ed pap\u00edr a \u201elepidlo\u201c (nap\u0159\u00edklad vodu<br \/>\n\ts\u00a0moukou). D\u00e1le n\u011bjak\u00e9 m\u011b\u0159idlo a \u0161t\u011btec. Nic v\u00edc vlastn\u011b<br \/>\n\tnepot\u0159ebujete.<\/p>\n<p>\tOdtrhn\u011bte toaletn\u00ed pap\u00edr v\u00a0takov\u00e9 d\u00e9lce, v\u00a0jak\u00e9<br \/>\n\tpot\u0159ebujete. Pak zkontrolujte,<br \/>\n\tjak\u00e9 maj\u00ed b\u00fdt rozestupy mezi semeny. Tyhle informace najdete na<br \/>\n\tobalu \u010di na internetu.<\/p>\n<p>\tPak pono\u0159te \u0161t\u011btec do \u201epasty\u201c z\u00a0vody s\u00a0moukou a<br \/>\n\ttakto p\u0159ilepte semena na toaletn\u00ed pap\u00edr. Rozestupy ur\u010dete p\u0159ipraven\u00fdm<br \/>\n\tm\u011b\u0159idlem.<\/p>\n<p>\tNakonec u\u017e jen m\u016f\u017eete vlastnoru\u010dn\u011b vyroben\u00e9 p\u00e1sky<br \/>\n\tozna\u010dit, toaletn\u00ed pap\u00edr slo\u017eit<br \/>\n\tna polovinu a srolovat. V\u0161e bude p\u0159ipraveno, ne\u017e bude panovat<br \/>\n\tvhodn\u00e1 doba k\u00a0set\u00ed.<\/p>\n","protected":false},"excerpt":{"rendered":"Po\u010det zahr\u00e1dk\u00e1\u0159\u016f v\u00a0\u010cesku roste. I\u00a0ve velk\u00fdch m\u011bstech stoup\u00e1 po\u010det \u017e\u00e1dost\u00ed t\u00fdkaj\u00edc\u00edch se komunitn\u00edch zahrad. Podle statistik se t\u00e9to&hellip;\n","protected":false},"author":2,"featured_media":18698,"comment_status":"","ping_status":"","sticky":false,"template":"","format":"standard","meta":{"footnotes":"","_share_on_mastodon":"0"},"categories":[12],"tags":[9384,67,68,9385,2005],"class_list":["post-18697","post","type-post","status-publish","format-standard","has-post-thumbnail","category-byznys","tag-action","tag-business","tag-byznys","tag-vysevny-pas","tag-zahrada"],"share_on_mastodon":{"url":"https:\/\/pubeurope.com\/@cz\/116198599904270799","error":""},"_links":{"self":[{"href":"https:\/\/www.europesays.com\/cz\/wp-json\/wp\/v2\/posts\/18697","targetHints":{"allow":["GET"]}}],"collection":[{"href":"https:\/\/www.europesays.com\/cz\/wp-json\/wp\/v2\/posts"}],"about":[{"href":"https:\/\/www.europesays.com\/cz\/wp-json\/wp\/v2\/types\/post"}],"author":[{"embeddable":true,"href":"https:\/\/www.europesays.com\/cz\/wp-json\/wp\/v2\/users\/2"}],"replies":[{"embeddable":true,"href":"https:\/\/www.europesays.com\/cz\/wp-json\/wp\/v2\/comments?post=18697"}],"version-history":[{"count":0,"href":"https:\/\/www.europesays.com\/cz\/wp-json\/wp\/v2\/posts\/18697\/revisions"}],"wp:featuredmedia":[{"embeddable":true,"href":"https:\/\/www.europesays.com\/cz\/wp-json\/wp\/v2\/media\/18698"}],"wp:attachment":[{"href":"https:\/\/www.europesays.com\/cz\/wp-json\/wp\/v2\/media?parent=18697"}],"wp:term":[{"taxonomy":"category","embeddable":true,"href":"https:\/\/www.europesays.com\/cz\/wp-json\/wp\/v2\/categories?post=18697"},{"taxonomy":"post_tag","embeddable":true,"href":"https:\/\/www.europesays.com\/cz\/wp-json\/wp\/v2\/tags?post=18697"}],"curies":[{"name":"wp","href":"https:\/\/api.w.org\/{rel}","templated":true}]}}