{"id":187307,"date":"2026-08-21T16:59:16","date_gmt":"2026-08-21T16:59:16","guid":{"rendered":"https:\/\/www.europesays.com\/cz\/187307\/"},"modified":"2026-08-21T16:59:16","modified_gmt":"2026-08-21T16:59:16","slug":"bratr-proti-bratrovi-cizinsti-se-utkaji-o-senat-ve-stejnem-obvodu","status":"publish","type":"post","link":"https:\/\/www.europesays.com\/cz\/187307\/","title":{"rendered":"Bratr proti bratrovi. \u010ci\u017ein\u0161t\u00ed se utkaj\u00ed o\u00a0Sen\u00e1t ve stejn\u00e9m obvodu"},"content":{"rendered":"<p class=\"c_bB\">Na kandid\u00e1tn\u00ed listin\u011b jsou oba brat\u0159i mezi dev\u00edtkou uchaze\u010d\u016f o\u00a0k\u0159eslo, kter\u00e9 se uvoln\u00ed po Miroslav\u011b N\u011bmcov\u00e9 (ODS). \u201eJ\u00e1 m\u00e1m taky velmi r\u00e1d bratra, ale politicky se se mnou zcela roze\u0161el. Na jeho n\u00e1zory nem\u00e1m v\u016fbec \u017e\u00e1dn\u00fd vliv a\u00a0on nem\u00e1 v\u016fbec \u017e\u00e1dn\u00fd vliv na mne,\u201c \u0159ekl Jan \u010ci\u017einsk\u00fd Novink\u00e1m. <\/p>\n<p class=\"c_bB\">Neobvykl\u00fd souboj podle n\u011bj m\u016f\u017ee m\u00edt i\u00a0jednu v\u00fdhodu: \u201eAspo\u0148 si n\u00e1s lid\u00e9 nespletou, proto\u017ee bude jasn\u00e9, kdo je kde.\u201c <\/p>\n<p class=\"c_bB\">S\u00e1m kandidaturu zd\u016fvod\u0148uje i\u00a0sv\u00fdmi zku\u0161enostmi z\u00a0Prahy 7, kde d\u011bl\u00e1 l\u00e9ta starostu. \u201eV\u00edm, \u017ee ta kombinace starosta a\u00a0sen\u00e1tor pro to centrum m\u011bsta bude nejlep\u0161\u00ed,\u201c uvedl s\u00a0t\u00edm, \u017ee o\u00a0\u017e\u00e1dnou kumulaci funkc\u00ed podle n\u011bj nejde. V\u00a0celost\u00e1tn\u00ed politice chce prosazovat t\u00e9mata, kter\u00e1 jsou v\u00a0z\u00e1jmu t\u00e9 komun\u00e1ln\u00ed.<\/p>\n<p><a data-dot=\"atm-link\" target=\"_self\" href=\"https:\/\/www.novinky.cz\/clanek\/volby-do-senatu-o-senat-na-podzim-zabojuje-154-kandidatu-40593902\" class=\"c_N\" rel=\"nofollow noopener\"><img fetchpriority=\"high\" height=\"2304\" width=\"4096\" src=\"https:\/\/www.europesays.com\/cz\/wp-content\/uploads\/2026\/08\/1787331556_553_UADNi.jpeg\" loading=\"eager\" decoding=\"sync\" class=\"c_t c_r\"\/><\/a><\/p>\n<p class=\"c_bB\">Pavel \u010ci\u017einsk\u00fd, kter\u00fd byl v\u00a0minulosti kr\u00e1tce starostou Prahy 1\u00a0a\u00a0d\u0159\u00edve p\u016fsobil ve stejn\u00e9m politick\u00e9m uskupen\u00ed jako jeho bratr, kandiduje za Levici. P\u016fvodn\u011b se po\u010d\u00edtalo s\u00a0jeho kandidaturou v\u00a0jin\u00e9m pra\u017esk\u00e9m obvodu. Nakonec se podle n\u011bj s\u00a0bratrem dohodli, \u017ee se st\u0159etnou p\u0159\u00edmo. <\/p>\n<p class=\"c_bB\">\u201eI bratr vlastn\u011b nakonec preferoval, abych kandidoval v\u00a0Praze 1, tak\u017ee jsme se dohodli,\u201c vysv\u011btlil Pavel. S\u00e1m p\u0159ipou\u0161t\u00ed, \u017ee jeho \u0161ance nejsou velk\u00e9: \u201eStrana Levice samoz\u0159ejm\u011b je mal\u00e1, tak\u017ee \u0161ance jsou mal\u00e9, ale jde o\u00a0to zkr\u00e1tka, abych byl n\u011bjak vid\u011bt.\u201c <\/p>\n<p class=\"c_bB\">Osobn\u00ed rozkol s\u00a0vlastn\u00edm bratrem za politick\u00fdm st\u0159etem podle n\u011bj nen\u00ed. \u201eOsobn\u011b jsme zadob\u0159e,\u201c \u0159ekl Pavel.<\/p>\n<p class=\"c_bB\">Politick\u00e9 n\u00e1zory maj\u00ed pom\u011brn\u011b rozd\u00edln\u00e9. Pavel \u010ci\u017einsk\u00fd uvedl, \u017ee z\u00a0Prahy Sob\u011b ode\u0161el p\u0159edev\u0161\u00edm kv\u016fli zahrani\u010dn\u011bpolitick\u00fdm ot\u00e1zk\u00e1m. V\u00a0Sen\u00e1tu by pak cht\u011bl prosazovat levicovou politiku. <\/p>\n<p class=\"c_bB\">\u201eLevicov\u00e1 politika je u\u00a0n\u00e1s v\u00a0trosk\u00e1ch, pr\u00e1v\u011b proto je pot\u0159eba na n\u00ed pracovat,\u201c  zd\u016fvodnil sv\u00e9 anga\u017em\u00e1 Pavel. Upozornil ale z\u00e1rove\u0148, \u017ee nap\u0159\u00edklad s\u00a0levicov\u00fdm uskupen\u00edm Sta\u010dilo! nesouzn\u00ed a\u00a0n\u011bkter\u00e9 jeho n\u00e1zory ozna\u010dil za pravicov\u00e9.<\/p>\n<p class=\"c_bB\">Jan, jen\u017e kandiduje za Prahu Sob\u011b a\u00a0vyjednal si i\u00a0podporu Zelen\u00fdch a\u00a0KDU-\u010cSL, chce v\u00a0p\u0159\u00edpad\u011b zvolen\u00ed vstoupit do sen\u00e1torsk\u00e9ho klubu lidovc\u016f. Za tuto stranu byl u\u017e v\u00a0minulosti poslancem.<\/p>\n<p><a data-dot=\"atm-link\" target=\"_self\" href=\"https:\/\/www.novinky.cz\/clanek\/ekonomika-senat-vratil-eet-do-snemovny-40593437\" class=\"c_N\" rel=\"nofollow noopener\"><img height=\"2304\" width=\"4096\" src=\"https:\/\/www.europesays.com\/cz\/wp-content\/uploads\/2026\/08\/1787331556_518_alena-schillerova.jpeg\" loading=\"eager\" decoding=\"sync\" class=\"c_t c_r\"\/><\/a><\/p>\n","protected":false},"excerpt":{"rendered":"Na kandid\u00e1tn\u00ed listin\u011b jsou oba brat\u0159i mezi dev\u00edtkou uchaze\u010d\u016f o\u00a0k\u0159eslo, kter\u00e9 se uvoln\u00ed po Miroslav\u011b N\u011bmcov\u00e9 (ODS). \u201eJ\u00e1&hellip;\n","protected":false},"author":2,"featured_media":187308,"comment_status":"","ping_status":"","sticky":false,"template":"","format":"standard","meta":{"footnotes":"","_share_on_mastodon":"0"},"categories":[30],"tags":[7311,98,99,2567,1017,2571,960],"class_list":["post-187307","post","type-post","status-publish","format-standard","has-post-thumbnail","category-praha","tag-kandidati","tag-prague","tag-praha","tag-praha-1","tag-praha-6","tag-praha-7","tag-senat"],"share_on_mastodon":{"url":"https:\/\/pubeurope.com\/@cz\/117134568092365351","error":""},"_links":{"self":[{"href":"https:\/\/www.europesays.com\/cz\/wp-json\/wp\/v2\/posts\/187307","targetHints":{"allow":["GET"]}}],"collection":[{"href":"https:\/\/www.europesays.com\/cz\/wp-json\/wp\/v2\/posts"}],"about":[{"href":"https:\/\/www.europesays.com\/cz\/wp-json\/wp\/v2\/types\/post"}],"author":[{"embeddable":true,"href":"https:\/\/www.europesays.com\/cz\/wp-json\/wp\/v2\/users\/2"}],"replies":[{"embeddable":true,"href":"https:\/\/www.europesays.com\/cz\/wp-json\/wp\/v2\/comments?post=187307"}],"version-history":[{"count":0,"href":"https:\/\/www.europesays.com\/cz\/wp-json\/wp\/v2\/posts\/187307\/revisions"}],"wp:featuredmedia":[{"embeddable":true,"href":"https:\/\/www.europesays.com\/cz\/wp-json\/wp\/v2\/media\/187308"}],"wp:attachment":[{"href":"https:\/\/www.europesays.com\/cz\/wp-json\/wp\/v2\/media?parent=187307"}],"wp:term":[{"taxonomy":"category","embeddable":true,"href":"https:\/\/www.europesays.com\/cz\/wp-json\/wp\/v2\/categories?post=187307"},{"taxonomy":"post_tag","embeddable":true,"href":"https:\/\/www.europesays.com\/cz\/wp-json\/wp\/v2\/tags?post=187307"}],"curies":[{"name":"wp","href":"https:\/\/api.w.org\/{rel}","templated":true}]}}