{"id":187347,"date":"2026-08-21T17:46:11","date_gmt":"2026-08-21T17:46:11","guid":{"rendered":"https:\/\/www.europesays.com\/cz\/187347\/"},"modified":"2026-08-21T17:46:11","modified_gmt":"2026-08-21T17:46:11","slug":"otres-v-biatlonu-olympijsky-sampion-hrozi-koncem-kariery","status":"publish","type":"post","link":"https:\/\/www.europesays.com\/cz\/187347\/","title":{"rendered":"Ot\u0159es v\u00a0biatlonu. Olympijsk\u00fd \u0161ampion hroz\u00ed koncem kari\u00e9ry"},"content":{"rendered":"<p class=\"b_bF\">31let\u00fd rod\u00e1k z\u00a0Grenoblu se bezprost\u0159edn\u011b po skon\u010den\u00ed uplynul\u00e9 sezony vrhl na milovanou cyklistiku. Od kv\u011btna z\u00e1vod\u00ed za Team Decathlon-CMA CGM, v\u00a0jeho\u017e dresu aktu\u00e1ln\u011b z\u00e1pol\u00ed na Tour du Limousin. Nejde ale nejsp\u00ed\u0161 jen o\u00a0letn\u00ed kratochv\u00edli, Jacquelin re\u00e1ln\u011b uva\u017euje o\u00a0tom, \u017ee u\u00a0kola z\u016fstane natrvalo.<\/p>\n<p class=\"b_bF\">\u201eTe\u010f nem\u016f\u017eu \u0159\u00edct, jestli se (k biatlonu) vr\u00e1t\u00edm. Samoz\u0159ejm\u011b m\u00e1m po\u0159\u00e1d n\u011bkde vzadu v\u00a0hlav\u011b start na olympi\u00e1d\u011b 2030.\u00a0Ale o\u00a0cest\u011b na ni je\u0161t\u011b nebylo rozhodnuto a\u00a0p\u0159\u00edpadn\u011b se bude hodn\u011b li\u0161it od zbytku biatlonov\u00e9ho sv\u011bta,\u201c sv\u011b\u0159il se v\u00a0rozhovoru pro Nordic Mag a\u00a0list Liberation, \u017ee ZOH na dom\u00e1c\u00ed p\u016fd\u011b ve francouzsk\u00fdch Alp\u00e1ch pro n\u011bj p\u0159eci jen z\u016fst\u00e1vaj\u00ed jist\u00fdm l\u00e1kadlem.<\/p>\n<p><a data-dot=\"atm-link\" target=\"_self\" href=\"https:\/\/www.sport.cz\/clanek\/zimni-sporty-biatlon-zlomenina-biatlonovy-sampion-drsne-narazil-a-celi-ultimatu-5475784\" class=\"b_V g_ia\" rel=\"nofollow noopener\"><img fetchpriority=\"high\" height=\"2730\" width=\"3641\" src=\"https:\/\/www.europesays.com\/cz\/wp-content\/uploads\/2026\/08\/jaquelin.jpeg\" loading=\"eager\" decoding=\"sync\" class=\"b_B b_z\"\/><\/a><\/p>\n<p class=\"b_bF\">\u201ePokud se ale vr\u00e1t\u00edm, bude to jen v\u00a0p\u0159\u00edpad\u011b, \u017ee o\u00a0tom budu stoprocentn\u011b p\u0159esv\u011bd\u010den\u00fd a\u00a0budu tou\u017eit vyhr\u00e1vat tituly s\u00a0motivac\u00ed dvacetilet\u00e9ho kluka. Pokud to nebudu takto c\u00edtit, nebudu se do biatlonu vracet. Nech\u00e1m sv\u00e9 m\u00edsto rad\u011bji mlad\u0161\u00edm, kte\u0159\u00ed do toho budou d\u00e1vat v\u0161echno,\u201c pokra\u010doval \u010dty\u0159n\u00e1sobn\u00fd olympijsk\u00fd medailista.<\/p>\n<p lang=\"fr\" dir=\"ltr\">\ud83d\udeb4 <a href=\"https:\/\/x.com\/hashtag\/TDL2026?src=hash&amp;ref_src=twsrc%5Etfw\" rel=\"nofollow\">#TDL2026<\/a> | \ud83d\udd25 Apr\u00e8s la Polynormande dimanche, \u00c9milien Jacquelin encha\u00eene avec le Tour du Limousin !<\/p>\n<p>\ud83d\udcaa Le Grenoblois a fait forte impression sur la 1\u00e8re \u00e9tape en se mettant au service de Noa Isidore, vainqueur du jour. <a href=\"https:\/\/t.co\/kMxSe1JS7L\" rel=\"nofollow\">pic.twitter.com\/kMxSe1JS7L<\/a><\/p>\n<p>\u2014 francetvsport (@francetvsport) <a href=\"https:\/\/x.com\/francetvsport\/status\/2089743436966469693?ref_src=twsrc%5Etfw\" rel=\"nofollow\">August 18, 2026<\/a><\/p>\n<p class=\"b_bF\">Nijak nezast\u00edr\u00e1, \u017ee aktu\u00e1ln\u011b m\u00e1 u\u00a0n\u011bj naprostou prioritu cyklistika. \u201e\u017diju si sv\u016fj sen. Moment\u00e1ln\u011b beru v\u011bci den za dnem a\u00a0ani nev\u00edm, co budu d\u011blat v\u00a0z\u00e1\u0159\u00ed,\u201c p\u0159iznal, \u017ee nov\u00e9 sportovn\u00ed odv\u011btv\u00ed ho zcela pohltilo.<\/p>\n<p class=\"b_bF\">\u201eV b\u0159eznu b\u011bhem posledn\u00ed zast\u00e1vky Sv\u011btov\u00e9ho poh\u00e1ru v\u00a0biatlonu, jsem v\u011bd\u011bl, \u017ee se p\u0159esunu k\u00a0n\u011b\u010demu, co bylo u\u017e dlouhou dobu bl\u00edzko m\u00e9mu srdci. Uv\u011bdomoval jsem si, \u017ee jde mo\u017en\u00e1 o\u00a0m\u016fj posledn\u00ed z\u00e1vod. Proto ty slzy, kdy\u017e jsem st\u00e1l na p\u00f3diu,\u201c vysv\u011btlil, co mu b\u011b\u017eelo hlavou na slavn\u00e9m Holmenkollenu, kde vybojoval st\u0159\u00edbro ve sprintu a\u00a0bronz ve st\u00edha\u010dce.<\/p>\n<p class=\"b_bF\">Veden\u00ed francouzsk\u00e9 reprezentace dalo Jacquelinovi ultim\u00e1tum do konce srpna, kdy se mus\u00ed definitivn\u011b rozhodnout, zda chce b\u00fdt sou\u010d\u00e1st\u00ed biatlonov\u00e9ho n\u00e1rodn\u00edho t\u00fdmu pro p\u0159\u00ed\u0161t\u00ed sezonu.<\/p>\n<p><a data-dot=\"atm-link\" target=\"_self\" href=\"https:\/\/www.sport.cz\/clanek\/zimni-sporty-lyzovani-biatlon-prinesl-pohromu-hvezdy-v-norsku-varuji-pred-temnou-budoucnosti-5514668\" class=\"b_V g_ia\" rel=\"nofollow noopener\"><img height=\"1198\" width=\"1598\" src=\"https:\/\/www.europesays.com\/cz\/wp-content\/uploads\/2026\/08\/1787334371_674_hedegart.jpeg\" loading=\"eager\" decoding=\"sync\" class=\"b_B b_z\"\/><\/a><script async src=\"https:\/\/platform.twitter.com\/widgets.js\" charset=\"utf-8\"><\/script><\/p>\n","protected":false},"excerpt":{"rendered":"31let\u00fd rod\u00e1k z\u00a0Grenoblu se bezprost\u0159edn\u011b po skon\u010den\u00ed uplynul\u00e9 sezony vrhl na milovanou cyklistiku. Od kv\u011btna z\u00e1vod\u00ed za Team&hellip;\n","protected":false},"author":2,"featured_media":187348,"comment_status":"","ping_status":"","sticky":false,"template":"","format":"standard","meta":{"footnotes":"","_share_on_mastodon":"0"},"categories":[15],"tags":[1109,94,93],"class_list":["post-187347","post","type-post","status-publish","format-standard","has-post-thumbnail","category-sport","tag-biatlon","tag-sport","tag-sports"],"share_on_mastodon":{"url":"https:\/\/pubeurope.com\/@cz\/117134752990368073","error":""},"_links":{"self":[{"href":"https:\/\/www.europesays.com\/cz\/wp-json\/wp\/v2\/posts\/187347","targetHints":{"allow":["GET"]}}],"collection":[{"href":"https:\/\/www.europesays.com\/cz\/wp-json\/wp\/v2\/posts"}],"about":[{"href":"https:\/\/www.europesays.com\/cz\/wp-json\/wp\/v2\/types\/post"}],"author":[{"embeddable":true,"href":"https:\/\/www.europesays.com\/cz\/wp-json\/wp\/v2\/users\/2"}],"replies":[{"embeddable":true,"href":"https:\/\/www.europesays.com\/cz\/wp-json\/wp\/v2\/comments?post=187347"}],"version-history":[{"count":0,"href":"https:\/\/www.europesays.com\/cz\/wp-json\/wp\/v2\/posts\/187347\/revisions"}],"wp:featuredmedia":[{"embeddable":true,"href":"https:\/\/www.europesays.com\/cz\/wp-json\/wp\/v2\/media\/187348"}],"wp:attachment":[{"href":"https:\/\/www.europesays.com\/cz\/wp-json\/wp\/v2\/media?parent=187347"}],"wp:term":[{"taxonomy":"category","embeddable":true,"href":"https:\/\/www.europesays.com\/cz\/wp-json\/wp\/v2\/categories?post=187347"},{"taxonomy":"post_tag","embeddable":true,"href":"https:\/\/www.europesays.com\/cz\/wp-json\/wp\/v2\/tags?post=187347"}],"curies":[{"name":"wp","href":"https:\/\/api.w.org\/{rel}","templated":true}]}}