{"id":188438,"date":"2026-08-22T20:30:14","date_gmt":"2026-08-22T20:30:14","guid":{"rendered":"https:\/\/www.europesays.com\/cz\/188438\/"},"modified":"2026-08-22T20:30:14","modified_gmt":"2026-08-22T20:30:14","slug":"sparta-artis-prejela-ale-priske-tym-kritizoval-chybu-pri-stridani-vzal-na-sebe","status":"publish","type":"post","link":"https:\/\/www.europesays.com\/cz\/188438\/","title":{"rendered":"Sparta Artis p\u0159ejela, ale Priske t\u00fdm kritizoval. Chybu p\u0159i st\u0159\u00edd\u00e1n\u00ed vzal na sebe"},"content":{"rendered":"<p>Co se v\u00e1m nel\u00edbilo?<\/p>\n<p class=\"b_bF\">V\u017edycky jsme kriti\u010dt\u00ed. Dali jsme \u010dty\u0159i g\u00f3ly a\u00a0v ur\u010dit\u00fdch aspektech dominovali, ale taky jsme tam,\u00a0zvl\u00e1\u0161\u0165 na za\u010d\u00e1tku druh\u00e9ho polo\u010dasu, povolili Artisu  n\u011bkolik \u0161anc\u00ed, to mus\u00edme zlep\u0161it. V\u00fdsledek je d\u016fle\u017eit\u00fd, ale stav\u00edme t\u00fdm, kter\u00fd by m\u011bl b\u00fdt ma\u0161ina a\u00a0nem\u011bli bychom soupe\u0159i umo\u017e\u0148ovat tolik p\u0159\u00edle\u017eitost\u00ed. V\u00a0tomhle mus\u00edme b\u00fdt lep\u0161\u00ed.<\/p>\n<p>Po vst\u0159elen\u00ed rychl\u00e9 prvn\u00ed branky to p\u016fsobilo, jako byste se trochu zat\u00e1hli a\u00a0sp\u00ed\u0161 br\u00e1nili veden\u00ed, \u010d\u00edm to bylo?<\/p>\n<p class=\"b_bF\">Nec\u00edt\u00edm to tak, ale byli jsme v\u00a0t\u00e9 \u010d\u00e1sti z\u00e1pasu p\u0159\u00edli\u0161 pomal\u00ed a\u00a0d\u011blali jsme mnoho jednoduch\u00fdch chyb. Nevytvo\u0159ili jsme si \u0161ance, s\u00a0\u010d\u00edm\u017e ur\u010dit\u011b nejsem spokojen\u00fd. Kdy\u017e jsme dali g\u00f3l na 3:0, byli jsme vyrovnan\u00ed ve statistice velk\u00fdch \u0161anc\u00ed, co\u017e se nesm\u00ed st\u00e1vat. <\/p>\n<p>Ve druh\u00e9 p\u016fli jste chybn\u011b vyst\u0159\u00eddali, kdy\u017e Ebrima Singhateh nahradil Brunese, ale st\u0159\u00eddat m\u011bl Alc\u00f3cer. Co se tam stalo?<\/p>\n<p class=\"b_bF\">Bylo to nedorozum\u011bn\u00ed s\u00a0m\u00fdmi kolegy a\u00a0zodpov\u011bdnost jde na m\u011b. <\/p>\n<p><a data-dot=\"atm-link\" target=\"_self\" href=\"https:\/\/www.sport.cz\/clanek\/fotbal-ceska-1-liga-sparta-poprve-uspela-na-hristi-soupere-5517248\" class=\"b_V g_ia\" rel=\"nofollow noopener\"><img fetchpriority=\"high\" height=\"1080\" width=\"1440\" src=\"https:\/\/www.europesays.com\/cz\/wp-content\/uploads\/2026\/08\/1787430612_673_acs.png\" loading=\"eager\" decoding=\"sync\" class=\"b_B b_z\"\/><\/a>Nebylo to ale nakonec paradoxn\u011b poveden\u00e9 st\u0159\u00edd\u00e1n\u00ed, proto\u017ee Signateh byl kv\u016fli tomu na hrotu a\u00a0zanedlouho jste d\u00edky n\u011bmu m\u011bli penaltu?<\/p>\n<p class=\"b_bF\">Mysl\u00edm si, \u017ee ano. Samoz\u0159ejm\u011b jsem se u\u017e v\u00a0\u0161atn\u011b omluvil kluk\u016fm i\u00a0koleg\u016fm z\u00a0realiza\u010dn\u00edho t\u00fdmu. Asi to tak m\u011blo b\u00fdt. Mo\u017en\u00e1 to byl z\u00e1sah vy\u0161\u0161\u00ed moci. Nemysl\u00edm, \u017ee Jonathan odehr\u00e1l sv\u016fj nejlep\u0161\u00ed z\u00e1pas, tak\u017ee to bylo  v\u00a0tu chv\u00edli spr\u00e1vn\u00e9 rozhodnut\u00ed.<\/p>\n<p>V\u00e1\u0161 klub definitivn\u011b opustil po \u010dty\u0159ech letech stoper Asger S\u00f6rensen. Jak citeln\u00e1 je to ztr\u00e1ta?<\/p>\n<p class=\"b_bF\">\u010cas uk\u00e1\u017ee. M\u011bl v\u00a0posledn\u00edch sezon\u00e1ch velk\u00fd vliv na klub, ale jsou tu hr\u00e1\u010di, kte\u0159\u00ed ho m\u016f\u017eou nahradit. Jak Jarda Zelen\u00fd, tak Tobias Guddal dnes odehr\u00e1li velmi dobr\u00fd z\u00e1pas, tak\u017ee hr\u00e1\u010de jako n\u00e1hradu m\u00e1me. Ur\u010dit\u011b je\u0161t\u011b ale n\u011bjac\u00ed nov\u00ed hr\u00e1\u010di p\u0159ijdou. Je to velk\u00e9 mno\u017estv\u00ed zm\u011bn, kter\u00fdmi proch\u00e1z\u00edme, ale jsou to kroky spr\u00e1vn\u00fdm sm\u011brem. <\/p>\n<p>Kapit\u00e1nem byl po jeho odchodu proti Artisu Adam Karabec. Jak se sv\u00e9 role podle v\u00e1s zhostil?<\/p>\n<p class=\"b_bF\">Zvl\u00e1dnul to velmi dob\u0159e, vlastn\u011b mysl\u00edm, \u017ee je velmi dobr\u00fdm l\u00eddrem. Hodn\u011b vysp\u011bl, s\u00e1m na sebe nakl\u00e1d\u00e1 zodpov\u011bdnost. Je jedn\u00edm z\u00a0adept\u016f  na to, aby byl kapit\u00e1nem v\u00a0dal\u0161\u00ed \u010d\u00e1sti sezony.<\/p>\n<p>Kdy se definitivn\u011b rozhodne o\u00a0st\u00e1l\u00e9m\u00a0kapit\u00e1novi?<a data-dot=\"atm-link\" target=\"_self\" href=\"https:\/\/www.sport.cz\/clanek\/fotbal-ceska-1-liga-fotbalovou-spartu-opousti-dalsi-klicovy-hrac-5516796\" class=\"b_V g_ia\" rel=\"nofollow noopener\"><img height=\"2731\" width=\"3641\" src=\"https:\/\/www.europesays.com\/cz\/wp-content\/uploads\/2026\/08\/1787430613_853_fotbal-sparta.jpeg\" loading=\"eager\" decoding=\"sync\" class=\"b_B b_z\"\/><\/a>Po skoro p\u016flroce nastoupil po zran\u011bn\u00ed aspo\u0148 na \u010dtrn\u00e1ct minut Patrik Vydra, jak se v\u00e1m jevil?<\/p>\n<p class=\"b_bF\">Pot\u0159ebuje n\u011bjak\u00fd \u010das, aby byl p\u0159ipraven\u00fd na sto procent, co\u017e bylo zjevn\u00e9 z\u00a0dne\u0161n\u00edho v\u00fdkonu. Nepl\u00e1noval jsem mu d\u00e1t tolik minut, ale ten z\u00e1pas se t\u00edm zp\u016fsobem vyv\u00edjel. Tento t\u00fdden absolvoval dva pln\u00e9 tr\u00e9ninky s\u00a0t\u00fdmem a\u00a0chyb\u00ed mu z\u00e1pasov\u00e9 tempo. Jsem \u0161\u0165astn\u00fd, \u017ee je zp\u00e1tky, ale je jasn\u00e9, \u017ee zabere \u010das, aby byl kompletn\u011b fit.<\/p>\n<p>V souvislosti s\u00a0Johnem Mercadem se hovo\u0159ilo o\u00a0nab\u00eddce z\u00a0Braz\u00edlie. Bylo t\u0159eba s\u00a0n\u00edm o\u00a0tom mluvit, aby byl spr\u00e1vn\u011b nastaven\u00fd a\u00a0nenechal se rozhodit?<\/p>\n<p class=\"b_bF\">Je pravda, \u017ee spekulace tam byly, stejn\u011b jako z\u00e1jem. Mysl\u00edm, \u017ee pro n\u011bho je st\u00e1le p\u0159\u00edli\u0161 brzy, je tu teprve kr\u00e1tkou dobu a\u00a0bude to trvat, ne\u017e se vyvine a\u00a0posune na \u00farove\u0148, aby mohl odej\u00edt pry\u010d. M\u011bli jsme s\u00a0n\u00edm s\u00a0Tom\u00e1\u0161em Rosick\u00fdm meetingy, ale z\u00a0fotbalov\u00e9ho hlediska. Zkou\u0161\u00edme n\u011bkter\u00e9 v\u011bci, na kter\u00fdch m\u016f\u017ee zapracovat. Celkov\u011b jsem r\u00e1d, jak hraje. Jsou i\u00a0situace, kdy si mohl v\u00e9st l\u00edp. V\u011b\u0159\u00edm, \u017ee sv\u016fj potenci\u00e1l napln\u00ed.<\/p>\n<p><a data-dot=\"atm-link\" target=\"_self\" href=\"https:\/\/www.sport.cz\/clanek\/fotbal-ceska-1-liga-spartu-ceka-duel-s-novackem-do-edenu-se-po-trestu-vrati-fanousci-5516288\" class=\"b_V g_ia\" rel=\"nofollow noopener\"><img height=\"2559\" width=\"3412\" src=\"https:\/\/www.europesays.com\/cz\/wp-content\/uploads\/2026\/08\/ccd5.mpo.jpeg\" loading=\"eager\" decoding=\"sync\" class=\"b_B b_z\"\/><\/a><\/p>\n","protected":false},"excerpt":{"rendered":"Co se v\u00e1m nel\u00edbilo? V\u017edycky jsme kriti\u010dt\u00ed. Dali jsme \u010dty\u0159i g\u00f3ly a\u00a0v ur\u010dit\u00fdch aspektech dominovali, ale taky jsme&hellip;\n","protected":false},"author":2,"featured_media":188439,"comment_status":"","ping_status":"","sticky":false,"template":"","format":"standard","meta":{"footnotes":"","_share_on_mastodon":"0"},"categories":[10],"tags":[1198,2201,17,21,16,18,19,22,20],"class_list":["post-188438","post","type-post","status-publish","format-standard","has-post-thumbnail","category-zpravy","tag-ac-sparta-praha","tag-brian-priske","tag-headlines","tag-hlavni-udalosti","tag-news","tag-top-news","tag-top-stories","tag-udalosti-dne","tag-zpravy"],"share_on_mastodon":{"url":"https:\/\/pubeurope.com\/@cz\/117141060406558963","error":""},"_links":{"self":[{"href":"https:\/\/www.europesays.com\/cz\/wp-json\/wp\/v2\/posts\/188438","targetHints":{"allow":["GET"]}}],"collection":[{"href":"https:\/\/www.europesays.com\/cz\/wp-json\/wp\/v2\/posts"}],"about":[{"href":"https:\/\/www.europesays.com\/cz\/wp-json\/wp\/v2\/types\/post"}],"author":[{"embeddable":true,"href":"https:\/\/www.europesays.com\/cz\/wp-json\/wp\/v2\/users\/2"}],"replies":[{"embeddable":true,"href":"https:\/\/www.europesays.com\/cz\/wp-json\/wp\/v2\/comments?post=188438"}],"version-history":[{"count":0,"href":"https:\/\/www.europesays.com\/cz\/wp-json\/wp\/v2\/posts\/188438\/revisions"}],"wp:featuredmedia":[{"embeddable":true,"href":"https:\/\/www.europesays.com\/cz\/wp-json\/wp\/v2\/media\/188439"}],"wp:attachment":[{"href":"https:\/\/www.europesays.com\/cz\/wp-json\/wp\/v2\/media?parent=188438"}],"wp:term":[{"taxonomy":"category","embeddable":true,"href":"https:\/\/www.europesays.com\/cz\/wp-json\/wp\/v2\/categories?post=188438"},{"taxonomy":"post_tag","embeddable":true,"href":"https:\/\/www.europesays.com\/cz\/wp-json\/wp\/v2\/tags?post=188438"}],"curies":[{"name":"wp","href":"https:\/\/api.w.org\/{rel}","templated":true}]}}