{"id":188635,"date":"2026-08-23T05:41:11","date_gmt":"2026-08-23T05:41:11","guid":{"rendered":"https:\/\/www.europesays.com\/cz\/188635\/"},"modified":"2026-08-23T05:41:11","modified_gmt":"2026-08-23T05:41:11","slug":"sparta-v-brne-zkazila-stridani-priske-se-zlobil-pak-rekl-je-to-ma-zodpovednost-idnes-cz","status":"publish","type":"post","link":"https:\/\/www.europesays.com\/cz\/188635\/","title":{"rendered":"Sparta v Brn\u011b zkazila st\u0159\u00edd\u00e1n\u00ed. Priske se zlobil, pak \u0159ekl: Je to m\u00e1 zodpov\u011bdnost &#8211; iDNES.cz"},"content":{"rendered":"<p><a href=\"https:\/\/news.google.com\/rss\/articles\/CBMitAFBVV95cUxNRjQyMmEzaTRMNndUT2FzM1BZOVZaOWYtV2M3dGVmV0llVVpsR0NQVWI4YjV5cHRzV0xrYkhGTkxYV0hnWnUzQVpsQld3Y2VjNTRxWWl1N3h3NzRwZUpXQkxLTFQ0NUhEM1pNOGUxREE4ZVMyaTFnRnN0dHdIRlVVQ1ZSaTVWX3h0S2ZCc21JNGZ0VzJ4X3RqZzZPSmtyUzFPbWUwTmNueDkxUFFIVlNCZHJpNFI?oc=5\" target=\"_blank\" rel=\"nofollow noopener\">Sparta v Brn\u011b zkazila st\u0159\u00edd\u00e1n\u00ed. Priske se zlobil, pak \u0159ekl: Je to m\u00e1 zodpov\u011bdnost<\/a>&nbsp;&nbsp;iDNES.cz<a href=\"https:\/\/news.google.com\/rss\/articles\/CBMi4wFBVV95cUxQQk9LSktfX21EQ2NuMjU4SHVISHpPbmxaeE9peVhsSjl0X0RPWEZncGo2NkJqOGJ2WGpJNm5zX0JiSzg1SkNtcnR0LXVBbE5vY09xU3J4V2lNRXo0M0dIWTZ4LXBZSHM0S3U1cnRFZWxUNXBRdnZCakZpTWVKODczc2VtRWQ2QTh3aml5Tkw4UW9nMFJDWGlfN0NyTm4zcDMwaWxFYy1EYWZiWlJrd0pqbVBKNzR3SFlxMC0tSVdQU0lxOWVKNGpEeERHdU41ZjFqd2VWZGFlaXYxb3VGbGZmejBwaw?oc=5\" target=\"_blank\" rel=\"nofollow noopener\">Sparta na Artisu: nejrychlej\u0161\u00ed \u010desk\u00fd stoper v lize, poveden\u00e9 standardky a vyto\u010den\u00fd Priske<\/a>&nbsp;&nbsp;iSport.cz<a href=\"https:\/\/news.google.com\/rss\/articles\/CBMi0AFBVV95cUxNSFpIaTFCeExfSW5JUDZ5YVNUZjM0YkxGT1JCTHVadXlKLThzdDZmakhIWU1PVE85aDFfNWtLcmEtSEtuMzd3NjJhazVRb2IzTnQ0NkFRTnFycFVUZERFUzZ3dTZyckJUcU9qczlyeV85MU1MODV1ZmlWNzUwRDd2TTZJZUJKX3B6QjJucGYyUU94SFZIM0xTWk5rVW1TQS1EMWpnMWJmUnlqVXlxeXR1R1ZIZFNWUmRIR1hmVkQwbFI1OFRLcEdOWmtvUW9KVGRN?oc=5\" target=\"_blank\" rel=\"nofollow noopener\">V\u00fdsledek je lep\u0161\u00ed ne\u017e p\u0159edveden\u00e1 hra. Na roli kapit\u00e1na nejsem, tvrd\u00ed opora Sparty<\/a>&nbsp;&nbsp;Sport.cz<a href=\"https:\/\/news.google.com\/rss\/articles\/CBMitAFBVV95cUxNYjRQYTV3ZXY3MUlWNjJWVktWMjh3cEphc0ZkUVNkbW9yVVNyT1hwSG5taXd2aHRjcG50RnZMN2NtMUJDbXYxRXNmX0t6NG0zZnJRTG4zamhZanVxbi1TVzB5TlFSV3BmazQ2ZWVRb3R2Y24wOGN2MGRVWThybThQbVJJM3R0VWpZQV9zbkdWYWtZYk1SYWUtckxaT0lMWkxOa3hBRWJRRE9VMThTSlg2UGFsQ1U?oc=5\" target=\"_blank\" rel=\"nofollow noopener\">Artis &#8211; Sparta 0:4, host\u00e9 se naladili na derby, poprv\u00e9 zv\u00edt\u011bzili venku<\/a>&nbsp;&nbsp;iDNES.cz<a href=\"https:\/\/news.google.com\/rss\/articles\/CBMiiwJBVV95cUxOczJ4dV9sSFNvbWI2VHBWWjBBbzJYc0lmdXZjRE9yc0ZRUTNoYjdpeVlfVkZlZnBwLWtOcW0xNUVZSjFLLVkyUjB5d09IcWFTQnZTTlJ5dXBwNlBFaEJEc1ZfUEZlcVkwcnRLYi03bl9qMzBYZ1IzRDRRSmlpbUxwR2lpQVJoZFNUeXE3WGJUYmxIQ3NNSzAxdGtZLVNCX2cxV0VVdnB5TzI4M0RRdVBPbHdOejN3dnhEcXJZTm5UdVFfV2d3eGtrbG9qR0RCMlZsODUxNl9TVnFybTBMazBjdWNYcmtfb0dRckhlUk1zUVZrdENuMWtUdG54SE14YUhXYk9nanhDeERLbFk?oc=5\" target=\"_blank\" rel=\"nofollow noopener\">Spadli jsme na \u00farove\u0148 soupe\u0159e! Priske nebyl spokojen ani po debaklu<\/a>&nbsp;&nbsp;eFotbal<\/p>\n","protected":false},"excerpt":{"rendered":"Sparta v Brn\u011b zkazila st\u0159\u00edd\u00e1n\u00ed. Priske se zlobil, pak \u0159ekl: Je to m\u00e1 zodpov\u011bdnost&nbsp;&nbsp;iDNES.czSparta na Artisu: nejrychlej\u0161\u00ed \u010desk\u00fd&hellip;\n","protected":false},"author":2,"featured_media":188636,"comment_status":"","ping_status":"","sticky":false,"template":"","format":"standard","meta":{"footnotes":"","_share_on_mastodon":"0"},"categories":[15],"tags":[1198,2201,1162,4792,44138,99,94,93],"class_list":["post-188635","post","type-post","status-publish","format-standard","has-post-thumbnail","category-sport","tag-ac-sparta-praha","tag-brian-priske","tag-jihomoravsky-kraj","tag-john-mercado","tag-miroslav-baranek","tag-praha","tag-sport","tag-sports"],"share_on_mastodon":{"url":"https:\/\/pubeurope.com\/@cz\/117143226809717249","error":""},"_links":{"self":[{"href":"https:\/\/www.europesays.com\/cz\/wp-json\/wp\/v2\/posts\/188635","targetHints":{"allow":["GET"]}}],"collection":[{"href":"https:\/\/www.europesays.com\/cz\/wp-json\/wp\/v2\/posts"}],"about":[{"href":"https:\/\/www.europesays.com\/cz\/wp-json\/wp\/v2\/types\/post"}],"author":[{"embeddable":true,"href":"https:\/\/www.europesays.com\/cz\/wp-json\/wp\/v2\/users\/2"}],"replies":[{"embeddable":true,"href":"https:\/\/www.europesays.com\/cz\/wp-json\/wp\/v2\/comments?post=188635"}],"version-history":[{"count":0,"href":"https:\/\/www.europesays.com\/cz\/wp-json\/wp\/v2\/posts\/188635\/revisions"}],"wp:featuredmedia":[{"embeddable":true,"href":"https:\/\/www.europesays.com\/cz\/wp-json\/wp\/v2\/media\/188636"}],"wp:attachment":[{"href":"https:\/\/www.europesays.com\/cz\/wp-json\/wp\/v2\/media?parent=188635"}],"wp:term":[{"taxonomy":"category","embeddable":true,"href":"https:\/\/www.europesays.com\/cz\/wp-json\/wp\/v2\/categories?post=188635"},{"taxonomy":"post_tag","embeddable":true,"href":"https:\/\/www.europesays.com\/cz\/wp-json\/wp\/v2\/tags?post=188635"}],"curies":[{"name":"wp","href":"https:\/\/api.w.org\/{rel}","templated":true}]}}