{"id":188873,"date":"2026-08-23T10:36:11","date_gmt":"2026-08-23T10:36:11","guid":{"rendered":"https:\/\/www.europesays.com\/cz\/188873\/"},"modified":"2026-08-23T10:36:11","modified_gmt":"2026-08-23T10:36:11","slug":"levna-zelenina-laka-samosberaci-obsadili-pole-nedaleko-olomouce-nekteri-jeste-za-tmy","status":"publish","type":"post","link":"https:\/\/www.europesays.com\/cz\/188873\/","title":{"rendered":"Levn\u00e1 zelenina l\u00e1k\u00e1. Samosb\u011bra\u010di obsadili pole nedaleko Olomouce, n\u011bkte\u0159\u00ed je\u0161t\u011b za tmy"},"content":{"rendered":"<p class=\"c_bB\">Kilo mrkve nab\u00eddl farm\u00e1\u0159 za dev\u011bt korun, kilo petr\u017eele za patn\u00e1ct, \u010derven\u00e9 \u0159epy za dev\u011bt, cibule za dev\u011bt. Stejn\u011b st\u00e1l sb\u011bra\u010de i\u00a0kilogram raj\u010dat.<\/p>\n<p class=\"c_bB\">Ceny jsou v\u00a0porovn\u00e1n\u00ed s\u00a0t\u011bmi v\u00a0obchodech l\u00e1kav\u00e9. \u201eMysl\u00edm ale, \u017ee to nen\u00ed jedin\u00e9, co k\u00a0n\u00e1m na samosb\u011bry lidi l\u00e1k\u00e1, pro\u010d se ka\u017ed\u00fd rok vracej\u00ed. Sna\u017e\u00edm se jim nab\u00edzet to, co v\u00a0obchod\u011b nekoup\u00ed, tedy kvalitn\u011bj\u0161\u00ed a\u00a0chu\u0165ov\u011b zaj\u00edmav\u011bj\u0161\u00ed odr\u016fdy zeleniny. Rozhodn\u011b nenab\u00edz\u00edm nic, co bych s\u00e1m nejedl,\u201c \u0159ekl Novink\u00e1m Ka\u0161par, kter\u00fd farma\u0159\u00ed na jeden\u00e1cti hektarech spolu se svou man\u017eelkou Janou.<\/p>\n<p class=\"c_bB\">To, \u017ee je zelenina na poli levn\u011bj\u0161\u00ed ne\u017e v\u00a0obchodech, nen\u00ed podle n\u011bj zadarmo. \u201e\u010clov\u011bk si to mus\u00ed p\u0159i sb\u011bru odpracovat. Sklize\u0148 d\u011bl\u00e1 t\u0159icet, \u010dty\u0159icet procent n\u00e1klad\u016f. To si m\u00e1lokdo uv\u011bdomuje. Z\u00e1rove\u0148 v\u0161ak lid\u00e9 maj\u00ed bonus i\u00a0v tom, \u017ee si na poli vyberou, co cht\u011bj\u00ed,\u201c zd\u016fraznil farm\u00e1\u0159.<\/p>\n<p class=\"c_bB\">Samosb\u011br zeleniny p\u0159ipravil poprv\u00e9 p\u0159ed sedmi lety, jako jeden z\u00a0prvn\u00edch v\u00a0\u010cesku. \u201eP\u0159edt\u00edm se d\u011blaly jen samosb\u011bry jahod, dnes u\u017e i\u00a0sada\u0159i zji\u0161\u0165uj\u00ed, \u017ee je to pro n\u011b v\u00fdhodn\u00e1 pomoc p\u0159i prodeji,\u201c poznamenal Ka\u0161par.<\/p>\n<p><img fetchpriority=\"high\" height=\"3000\"   width=\"4000\" src=\"https:\/\/www.europesays.com\/cz\/wp-content\/uploads\/2026\/08\/samosber-zelenina-vojnice-olomoucko.jpeg\" loading=\"eager\" decoding=\"sync\" class=\"c_t c_r\"\/>Foto: Miloslav Hradil, Novinky<\/p>\n<p class=\"c_bB\">Pole u\u00a0Vojnice bylo v\u00a0ned\u011bli pln\u00e9 lid\u00ed<\/p>\n<p class=\"c_bB\">Nezakr\u00fdv\u00e1 p\u0159itom, \u017ee prvotn\u00edm impulsem byla snaha zbavit se obt\u00ed\u017en\u00e9ho sh\u00e1n\u011bn\u00ed brig\u00e1dn\u00edk\u016f. \u201eSehnat brig\u00e1dn\u00edky byl rok od roku v\u011bt\u0161\u00ed probl\u00e9m. Lid\u00e9, kte\u0159\u00ed l\u00e9ta d\u011blali v\u00a0zem\u011bd\u011blstv\u00ed, st\u00e1rnou a\u00a0mlad\u0161\u00ed o\u00a0pr\u00e1ci na poli z\u00e1jem p\u0159\u00edli\u0161 nemaj\u00ed,\u201c \u0159\u00edk\u00e1 farm\u00e1\u0159.<\/p>\n<p class=\"c_bB\">P\u0159ipou\u0161t\u00ed, \u017ee \u0161el do rizika. \u201eNev\u011bd\u011bl jsem, zda lid\u00e9 budou m\u00edt o\u00a0samosb\u011br z\u00e1jem. Ob\u00e1val jsem se, \u017ee to z\u00e1kazn\u00edka p\u0159\u00edli\u0161 neoslov\u00ed, ale z\u00e1jem je velk\u00fd. P\u0159ed\u010dil o\u010dek\u00e1v\u00e1n\u00ed,\u201c podotkl zem\u011bd\u011blec.<\/p>\n<p class=\"c_bB\">Tak\u00e9 letos je z\u00e1jem obrovsk\u00fd. Mezi t\u011bmi, kte\u0159\u00ed p\u0159ijeli v\u00a0ned\u011bli do Vojnice na samosb\u011br, p\u0159eva\u017eovali podle zji\u0161t\u011bn\u00ed Novinek lid\u00e9 z\u00a0Olomoucka, P\u0159erovska \u010di Prost\u011bjovska. V\u00fdjimkou v\u0161ak nebyli ani ti, kte\u0159\u00ed dorazili ze vzd\u00e1len\u011bj\u0161\u00edch m\u00edst.<\/p>\n<p class=\"c_bB\">\u201eP\u0159ijeli jsme sem od Krom\u011b\u0159\u00ed\u017ee,\u201c sv\u011b\u0159il se Novink\u00e1m Martin Koutn\u00fd, kter\u00fd do Vojnice vyrazil ve st\u0159edu \u010dasn\u011b r\u00e1no s\u00a0man\u017eelkou. Do auta naskl\u00e1dali v\u00a0p\u0159epravk\u00e1ch a\u00a0velk\u00fdch ta\u0161k\u00e1ch zhruba 170\u00a0kilogram\u016f cibule, mrkve, petr\u017eele a\u00a0\u010derven\u00e9 \u0159epy.<\/p>\n<p class=\"c_bB\">\u201eByli jsme tu ji\u017e loni a\u00a0p\u0159edloni a\u00a0ur\u010dit\u011b p\u0159ijedeme i\u00a0p\u0159\u00ed\u0161t\u00ed rok, proto\u017ee se to vyplat\u00ed. Nejen kv\u016fli cen\u011b. Na\u0161e zku\u0161enost je takov\u00e1, \u017ee zdej\u0161\u00ed zelenina je kvalitn\u011bj\u0161\u00ed ne\u017e ta v\u00a0obchodech,\u201c doplnil Koutn\u00fd.<\/p>\n<p><img height=\"3000\"   width=\"4000\" src=\"https:\/\/www.europesays.com\/cz\/wp-content\/uploads\/2026\/08\/1787481370_685_samosber-zelenina-vojnice-olomoucko.jpeg\" loading=\"eager\" decoding=\"sync\" class=\"c_t c_r\"\/>Foto: Miloslav Hradil, Novinky<\/p>\n<p class=\"c_bB\">Nejv\u011bt\u0161\u00ed z\u00e1jem m\u011bli lid\u00e9 na poli o\u00a0cibuli.<\/p>\n<p class=\"c_bB\">\u201eNejv\u011bt\u0161\u00ed z\u00e1jem je tradi\u010dn\u011b o\u00a0cibuli, co\u017e je pochopiteln\u00e9, proto\u017ee je vedle brambor nejpot\u0159ebn\u011bj\u0161\u00ed zeleninou v\u00a0kuchyni. Z\u00e1jem je i\u00a0o petr\u017eel, mrkev, ale tak\u00e9 o\u00a0ke\u010dupov\u00e9 odr\u016fdy raj\u010dat. Hodn\u011b se zved\u00e1 z\u00e1jem o\u00a0\u010dervenou \u0159epu. Mysl\u00edm, \u017ee je to t\u00edm, \u017ee st\u00e1le v\u00edce lid\u00ed zji\u0161\u0165uje, jak\u00fd m\u00e1 \u0161\u0165\u00e1va z\u00a0n\u00ed p\u0159\u00ednos pro zdrav\u00ed organismu,\u201c konstatoval Ka\u0161par.<\/p>\n<p class=\"c_bB\">N\u011bkte\u0159\u00ed sb\u011bra\u010di dorazili k\u00a0poli i\u00a0dod\u00e1vkov\u00fdmi auty. \u201eP\u00e1r soused\u016f n\u00e1s po\u017e\u00e1dalo, jestli bychom jim tak\u00e9 n\u011bjakou zeleninu nep\u0159ivezli. Nakonec jsme si museli napsat seznam po\u017eadavk\u016f. T\u0159eba cibule, kterou jsme tu sb\u00edrali loni, n\u00e1m ve sklep\u011b vydr\u017eela a\u017e do leto\u0161n\u00edho jara,\u201c sd\u011blil Novink\u00e1m Jaroslav Sn\u00e1\u0161el z\u00a0obce pobl\u00ed\u017e Prost\u011bjova, kter\u00fd do Vojnice vyrazil s\u00a0man\u017eelkou a\u00a0synem.<\/p>\n<p class=\"c_bB\">Leto\u0161n\u00ed \u00faroda je podle farm\u00e1\u0159e kv\u016fli extr\u00e9mn\u00edmu suchu a\u00a0vysok\u00fdm teplot\u00e1m slab\u0161\u00ed. Plody jsou men\u0161\u00ed a\u00a0s t\u00edm souvis\u00ed i\u00a0ni\u017e\u0161\u00ed celkov\u00e9 v\u00fdnosy plodin. \u201eNejv\u00edc sucho ovlivnilo v\u00fdnos u\u00a0cibule. Douf\u00e1m, \u017ee to letos byl jen exces. Uvid\u00edme,\u201c dodal Ka\u0161par.<\/p>\n<p class=\"c_bB\">\u201eJe fakt, \u017ee t\u0159eba loni byla cibule ur\u010dit\u011b o\u00a0n\u011bco v\u011bt\u0161\u00ed, ale to mn\u011b v\u016fbec nevad\u00ed. Jen sb\u011br trv\u00e1 tro\u0161ku d\u00e9le,\u201c \u0159ekla k\u00a0tomu Novink\u00e1m Jana Pokorn\u00e1 z\u00a0Olomouce.<\/p>\n<p><a data-dot=\"atm-link\" target=\"_self\" href=\"https:\/\/www.novinky.cz\/clanek\/domaci-zpravy-jihomoravsky-kraj-samosber-je-fenomenem-vyplati-se-farmarum-i-zakaznikum-40527181\" class=\"c_N\" rel=\"nofollow noopener\"><img height=\"2268\" width=\"4032\" src=\"https:\/\/www.europesays.com\/cz\/wp-content\/uploads\/2026\/08\/farmar-samosber.mpo.jpeg\" loading=\"eager\" decoding=\"sync\" class=\"c_t c_r\"\/><\/a><\/p>\n","protected":false},"excerpt":{"rendered":"Kilo mrkve nab\u00eddl farm\u00e1\u0159 za dev\u011bt korun, kilo petr\u017eele za patn\u00e1ct, \u010derven\u00e9 \u0159epy za dev\u011bt, cibule za dev\u011bt.&hellip;\n","protected":false},"author":2,"featured_media":188874,"comment_status":"","ping_status":"","sticky":false,"template":"","format":"standard","meta":{"footnotes":"","_share_on_mastodon":"0"},"categories":[7],"tags":[43,42,41,40,6307,44181,44182],"class_list":["post-188873","post","type-post","status-publish","format-standard","has-post-thumbnail","category-cesko","tag-ceska-republika","tag-cesko","tag-czech-republic","tag-czechia","tag-olomoucko","tag-samosber-zeleniny","tag-vojnice-tesetice"],"share_on_mastodon":{"url":"https:\/\/pubeurope.com\/@cz\/117144387028169494","error":""},"_links":{"self":[{"href":"https:\/\/www.europesays.com\/cz\/wp-json\/wp\/v2\/posts\/188873","targetHints":{"allow":["GET"]}}],"collection":[{"href":"https:\/\/www.europesays.com\/cz\/wp-json\/wp\/v2\/posts"}],"about":[{"href":"https:\/\/www.europesays.com\/cz\/wp-json\/wp\/v2\/types\/post"}],"author":[{"embeddable":true,"href":"https:\/\/www.europesays.com\/cz\/wp-json\/wp\/v2\/users\/2"}],"replies":[{"embeddable":true,"href":"https:\/\/www.europesays.com\/cz\/wp-json\/wp\/v2\/comments?post=188873"}],"version-history":[{"count":0,"href":"https:\/\/www.europesays.com\/cz\/wp-json\/wp\/v2\/posts\/188873\/revisions"}],"wp:featuredmedia":[{"embeddable":true,"href":"https:\/\/www.europesays.com\/cz\/wp-json\/wp\/v2\/media\/188874"}],"wp:attachment":[{"href":"https:\/\/www.europesays.com\/cz\/wp-json\/wp\/v2\/media?parent=188873"}],"wp:term":[{"taxonomy":"category","embeddable":true,"href":"https:\/\/www.europesays.com\/cz\/wp-json\/wp\/v2\/categories?post=188873"},{"taxonomy":"post_tag","embeddable":true,"href":"https:\/\/www.europesays.com\/cz\/wp-json\/wp\/v2\/tags?post=188873"}],"curies":[{"name":"wp","href":"https:\/\/api.w.org\/{rel}","templated":true}]}}