{"id":189073,"date":"2026-08-23T14:44:21","date_gmt":"2026-08-23T14:44:21","guid":{"rendered":"https:\/\/www.europesays.com\/cz\/189073\/"},"modified":"2026-08-23T14:44:21","modified_gmt":"2026-08-23T14:44:21","slug":"vylet-na-plzensko-pres-ovocny-raj-vyhledy-a-zamek-se-salem-jako-ze-schonbrunnu","status":"publish","type":"post","link":"https:\/\/www.europesays.com\/cz\/189073\/","title":{"rendered":"V\u00fdlet na Plze\u0148sko. P\u0159es ovocn\u00fd r\u00e1j, v\u00fdhledy a\u00a0z\u00e1mek se s\u00e1lem jako ze Sch\u00f6nbrunnu"},"content":{"rendered":"<p class=\"e_bX\">P\u0159em\u00eds\u0165ovat se mezi historick\u00fdmi pam\u00e1tkami autem je ur\u010dit\u011b snaz\u0161\u00ed. Nahradit tuhle zvyklost p\u011b\u0161\u00ed v\u00fdpravou m\u00e1 v\u0161ak hodn\u011b co do sebe.<\/p>\n<p class=\"e_bX\">Vlaky sem nejezd\u00ed, k\u00a0bl\u00edzk\u00e9 \u017eelezni\u010dn\u00ed trati se v\u0161ak lze dostat autobusov\u00fdmi linkami. Ten, komu by jejich frekvence nevyhovovala, zvl\u00e1\u0161\u0165 o\u00a0v\u00edkendech, m\u016f\u017ee si p\u0159ivolat taxislu\u017ebu nap\u0159\u00edklad z\u00a0nedalek\u00e9ho Nepomuku.<\/p>\n<p class=\"e_bX\">Tento ortodoxn\u00edmi turisty opovrhovan\u00fd zp\u016fsob dopravy se mi ji\u017e n\u011bkolikr\u00e1t osv\u011bd\u010dil. Za p\u00e1r stovek takov\u00fd luxus stoj\u00ed, zvl\u00e1\u0161\u0165 ve dvou a\u00a0v\u00edce lidech, kdy\u017e nohy u\u017e net\u00e1hnou.<\/p>\n<p>Za dobrotami z\u00a0ovoce<\/p>\n<p class=\"e_bX\">Z Plzn\u011b do Neb\u00edlov je to dvacet kilometr\u016f, autobus sem jede p\u016fl hodinky\u00a0\u2013 pokud jej ve \u0160t\u011bnovic\u00edch nezbrzd\u00ed dav p\u0159istupuj\u00edc\u00edch \u0161kol\u00e1k\u016f. Jejich projevy na\u0161t\u011bst\u00ed pom\u00e1h\u00e1 udr\u017eet na uzd\u011b p\u0159\u00edtomnost u\u010ditelek, kter\u00e9 cestuj\u00ed do stejn\u00fdch vesnic jako jejich \u017e\u00e1ci.<\/p>\n<p class=\"e_bX\">Vystoupit se vyplat\u00ed o\u00a0zast\u00e1vku d\u0159\u00edv, ne\u017e by napov\u00eddal pohled do mapy. Jmenuje se to tady Na raj\u010di a\u00a0je to odtud kousek do prodejny spole\u010dnosti Sady Neb\u00edlovy. Reg\u00e1ly jsou pln\u00e9 \u010derstv\u00e9ho i\u00a0su\u0161en\u00e9ho ovoce, marmel\u00e1d, sirup\u016f, limon\u00e1d a\u00a0mo\u0161t\u016f, tak\u017ee odej\u00edt odsud s\u00a0pr\u00e1zdnou je t\u011b\u017ek\u00e9. Proto\u017ee je tu i\u00a0pal\u00edrna, nechyb\u00ed ani lahve s\u00a0ko\u0159alkou.<\/p>\n<p><img fetchpriority=\"high\" height=\"1536\"   width=\"2048\" src=\"https:\/\/www.europesays.com\/cz\/wp-content\/uploads\/2026\/08\/plzensko.jpeg\" loading=\"eager\" decoding=\"sync\" class=\"e_aa e_Z\"\/>Foto: Marek \u0160\u00e1lek, Seznam Zpr\u00e1vy<\/p>\n<p class=\"e_bX\">Posezen\u00ed u\u00a0Sad\u016f Neb\u00edlov.<\/p>\n<p class=\"e_bX\">T\u00e9m\u011b\u0159 pades\u00e1t hektar\u016f okoln\u00edch sad\u016f pat\u0159\u00ed spole\u010dnosti Lukrema, kter\u00e1 se krom\u011b obvykl\u00e9ho zem\u011bd\u011blstv\u00ed v\u011bnuje p\u011bstov\u00e1n\u00ed jablek, \u0161vestek, hru\u0161ek, t\u0159e\u0161n\u00ed, kanadsk\u00fdch bor\u016fvek a\u00a0jahod. Je tu venkovn\u00ed posezen\u00ed a\u00a0fotokoutek, d\u011bti si mohou p\u016fj\u010dit minitrakt\u016frek.<\/p>\n<p><img height=\"1536\"   width=\"2048\" src=\"https:\/\/www.europesays.com\/cz\/wp-content\/uploads\/2026\/08\/1787496258_870_plzensko.jpeg\" loading=\"eager\" decoding=\"sync\" class=\"e_aa e_Z\"\/>Foto: Marek \u0160\u00e1lek, Seznam Zpr\u00e1vy<\/p>\n<p class=\"e_bX\">Sady Neb\u00edlovy.<\/p>\n<p>S\u00e1l podobn\u00fd Sch\u00f6nbrunnu \u010di kl\u00e1\u0161teru v\u00a0Melku<\/p>\n<p class=\"e_bX\">Ze sada\u0159sk\u00e9ho obchodu jsou to t\u0159i minuty ch\u016fze z\u00a0kopce k\u00a0neb\u00edlovsk\u00e9mu z\u00e1mku. Hned naproti hlavn\u00ed br\u00e1ny, kterou v\u00a0den m\u00e9 n\u00e1v\u0161t\u011bvy zv\u011bdav\u011b hl\u00eddal \u017eiv\u00fd p\u00e1v, je Hostinec U\u00a0Bend\u016f. Otv\u00edr\u00e1 ov\u0161em a\u017e pozd\u011bji odpoledne, do t\u00e9 doby je mo\u017en\u00e9 se spokojit se z\u00e1meckou kav\u00e1rnou jm\u00e9nem Tuwora.<\/p>\n<p class=\"e_bX\">P\u0159\u00edb\u011bh z\u00e1mku je pohnut\u00fd a\u00a0nem\u016f\u017ee za to jen \u201evl\u00e1da lidu\u201c, jak se logicky nab\u00edz\u00ed: \u201eKdy\u017e v\u00a0roce 1784\u00a0Vojt\u011bch Czernin po otci zd\u011bdil panstv\u00ed, na\u0161el dlouho neob\u00fdvanou barokn\u00ed rezidenci v\u00a0zubo\u017een\u00e9m stavu, n\u011bkter\u00fdm \u010d\u00e1stem hrozilo z\u0159\u00edcen\u00ed,\u201c dozv\u00edd\u00e1m se.<\/p>\n<p class=\"e_bX\">Mlad\u00fd \u0161lechtic nechal z\u00e1mek velkoryse opravit a\u00a0zvelebit, krom\u011b jin\u00fdch povolal mal\u00ed\u0159e Anton\u00edna Tuvoru (n\u011bkdy tak\u00e9 Anton Tuwora)\u00a0\u2013 pr\u00e1v\u011b jeho jm\u00e9no nese kav\u00e1rna. V\u00a0j\u00eddeln\u011b, kter\u00e1 slou\u017eila i\u00a0jako tane\u010dn\u00ed s\u00e1l, vytvo\u0159il na plo\u0161e 400\u00a0metr\u016f \u010dtvere\u010dn\u00edch fantaskn\u00ed subtropick\u00e9 krajiny s\u00a0bujnou vegetac\u00ed a\u00a0zv\u00ed\u0159aty, jejich obdoba je k\u00a0vid\u011bn\u00ed v\u00a0c\u00edsa\u0159sk\u00fdch apartm\u00e1nech v\u00edde\u0148sk\u00e9ho Sch\u00f6nbrunnu nebo v\u00a0zahradn\u00edm pavilonu kl\u00e1\u0161tera v\u00a0Melku na Dunaji.<\/p>\n<p><img height=\"1536\"   width=\"2048\" src=\"https:\/\/www.europesays.com\/cz\/wp-content\/uploads\/2026\/08\/1787496259_356_plzensko.jpeg\" loading=\"eager\" decoding=\"sync\" class=\"e_aa e_Z\"\/>Foto: Marek \u0160\u00e1lek, Seznam Zpr\u00e1vy<a data-dot=\"mol-article-card-media\" aria-hidden=\"true\" tabindex=\"-1\" href=\"https:\/\/www.seznamzpravy.cz\/clanek\/magazin-cestovani-koupaliste-z-50-let-i-nejmensi-historicke-mesto-proc-vyrazit-do-severniho-plzenska-311115\" class=\"e_n f_l8\" rel=\"nofollow noopener\" target=\"_blank\"><img height=\"1237\"   width=\"2200\" src=\"https:\/\/www.europesays.com\/cz\/wp-content\/uploads\/2026\/08\/lom-severni-plzensko.jpeg\" loading=\"eager\" decoding=\"sync\" class=\"e_aa e_Z\"\/><\/a><\/p>\n<p class=\"e_bX\">Z\u00e1mek t\u00edm v\u0161ak nem\u011bl vyhr\u00e1no. Po smrti Vojt\u011bcha Czernina v\u00a0roce 1816\u00a0zd\u011bdili panstv\u00ed Vald\u0161tejnov\u00e9, kte\u0159\u00ed Neb\u00edlovy p\u0159estali vyu\u017e\u00edvat jako pansk\u00e9 s\u00eddlo. \u010c\u00e1st z\u00e1mku nechali p\u0159em\u011bnit na lihovar, po roce 1860\u00a0byl odvezen mobili\u00e1\u0159 a\u00a0interi\u00e9ry slou\u017eily jako sklady obil\u00ed, vznikly zde i\u00a0chl\u00edvy pro dobytek.<\/p>\n<p class=\"e_bX\">D\u00e1l u\u017e to jelo v\u00a0nechvaln\u011b zn\u00e1m\u00fdch kolej\u00edch: po p\u0159evzet\u00ed moci komunisty v\u00a0roce 1948\u00a0byl z\u00e1mek p\u0159id\u011blen n\u00e1rodn\u00edmu v\u00fdboru.<\/p>\n<p class=\"e_bX\">Z\u00e1pis z\u00a0kroniky: \u201eBylo rozhodnuto o\u00a0oprav\u011b v\u011b\u017ee \u0161indelovou krytinou. Stavebn\u00ed kombin\u00e1t Klatovy nem\u00e1 pot\u0159ebn\u00fdch 60\u00a0m3\u00a0borov\u00e9ho d\u0159eva, technick\u00fd refer\u00e1t tak\u00e9 nem\u016f\u017ee zaru\u010dit, \u017ee je se\u017eene. Kontaktov\u00e1na fa D\u0159evona Praha, ale ani ta nem\u00e1 dostatek d\u0159eva na \u0161indele. Proto bude krytina z\u00a0pozinkovan\u00e9ho plechu.\u201c<\/p>\n<p class=\"e_bX\">V roce 1955\u00a0u\u017e se propadaly stropy, v\u00a0zachovalej\u0161\u00ed \u010d\u00e1sti \u00fa\u0159adoval n\u00e1rodn\u00ed v\u00fdbor, byl tu obchod Jednoty spolu se sedmi byty. \u201eBytov\u00e9 pom\u011bry v\u00a0obci jsou uspokojiv\u00e9\u00a0\u2013 mnoz\u00ed si na\u0161li byt v\u00a0z\u00e1mku, kde si upravili sv\u011btnice a\u00a0deset let neplat\u00ed n\u00e1jem,\u201c zapsal kronik\u00e1\u0159.<\/p>\n<p class=\"e_bX\">V z\u00e1meck\u00e9 zahrad\u011b byla vybour\u00e1na font\u00e1na kv\u016fli vzniku koupali\u0161t\u011b a\u00a0hokejov\u00e9ho stadionu. Tane\u010dn\u00ed s\u00e1l s\u00a0malbami slou\u017eil jako s\u00fdpka, v\u00a0dal\u0161\u00ed \u010d\u00e1sti byla uskladn\u011bna um\u011bl\u00e1 hnojiva a\u00a0gar\u00e1\u017eovaly tu traktory.<\/p>\n<p>D\u011bdictv\u00ed \u201eBati v\u00a0r\u016f\u017e\u00edch\u201c<\/p>\n<p class=\"e_bX\">V roce 1993\u00a0z\u00edskala z\u00e1mek v\u00a0restituci obec Neb\u00edlovy, o\u00a0dva roky pozd\u011bji ho darovala st\u00e1tu. Po \u010d\u00e1ste\u010dn\u00fdch oprav\u00e1ch jej St\u00e1tn\u00ed pam\u00e1tkov\u00fd \u00fastav v\u00a0roce 1998\u00a0otev\u0159el pro n\u00e1v\u0161t\u011bvn\u00edky.<\/p>\n<p class=\"e_bX\">Tuworovy malby jsou zp\u011bt v\u00a0p\u016fvodn\u00ed kr\u00e1se, by\u0165 zbytek zadn\u00edho traktu zat\u00edm p\u016fsob\u00ed syrov\u011b. Velkolep\u00e9 prostory bez obvykl\u00fdch na\u010din\u010danost\u00ed v\u0161ak maj\u00ed sv\u00e9 kouzlo, kter\u00e9mu pom\u00e1haj\u00ed r\u016f\u017ee pnouc\u00ed se pod\u00e9l neom\u00edtnut\u00fdch zd\u00ed.<\/p>\n<p><img height=\"1536\"   width=\"2048\" src=\"https:\/\/www.europesays.com\/cz\/wp-content\/uploads\/2026\/08\/1787496260_673_plzensko.jpeg\" loading=\"eager\" decoding=\"sync\" class=\"e_aa e_Z\"\/>Foto: Marek \u0160\u00e1lek, Seznam Zpr\u00e1vy<\/p>\n<p class=\"e_bX\">Park z\u00e1mku Neb\u00edlovy je pln\u00fd r\u016f\u017e\u00ed.<\/p>\n<p class=\"e_bX\">Kv\u011btinov\u00fd r\u00e1j pokra\u010duje v\u00a0parku, kde kvetou nap\u0159\u00edklad r\u016f\u017ee bourbonky, damasc\u00e9ny \u010di stol\u00edstky. V\u0161echny zdej\u0161\u00ed r\u016f\u017ee poch\u00e1zej\u00ed ze \u0161kolek Miloslava \u0160\u00edpa ve Skali\u010danech pobl\u00ed\u017e nedalek\u00e9 Blatn\u00e9, kde maj\u00ed r\u016f\u017ee v\u00edce ne\u017e stoletou tradici. Je to z\u00e1sluha Jana B\u00f6hma (1888\u20131959), p\u0159ezd\u00edvan\u00e9ho \u201eBa\u0165a v\u00a0r\u016f\u017e\u00edch\u201c, kter\u00fd zde vy\u0161lechtil sto dvacet nov\u00fdch druh\u016f a\u00a0v dob\u011b nejv\u011bt\u0161\u00ed sl\u00e1vy zam\u011bstn\u00e1val na plant\u00e1\u017e\u00edch i\u00a0v administrativ\u011b osmdes\u00e1t lid\u00ed, na blatensk\u00e9 v\u00fdstavy r\u016f\u017e\u00ed byly vypravov\u00e1ny zvl\u00e1\u0161tn\u00ed vlaky.<\/p>\n<p class=\"e_bX\">Rekonstrukce z\u00e1mku postupuje zvolna, ale viditeln\u011b. Ve voln\u011b p\u0159\u00edstupn\u00e9m parku se d\u00e1 odpo\u010dinout na lavi\u010dk\u00e1ch i\u00a0v tr\u00e1v\u011b, zmizelo koupali\u0161t\u011b i\u00a0kluzi\u0161t\u011b.<\/p>\n<p>V\u00fdhledy z\u00a0n\u00e1vr\u0161\u00ed i\u00a0koup\u00e1n\u00ed s\u00a0bistrem<\/p>\n<p class=\"e_bX\">Na prohl\u00eddku z\u00e1mku nen\u00ed \u010das. Autobus z\u00a0dvacet kilometr\u016f vzd\u00e1len\u00fdch \u017dinkov jede za p\u011bt hodin, a\u00a0jestli potk\u00e1m cestou hospodu nebo koup\u00e1n\u00ed, bude to tak tak. Prob\u011bhnu v\u00fdstavu v\u00a0z\u00e1meck\u00e9 galerii, koup\u00edm lahev vody a\u00a0trad\u00e1 na jih.<\/p>\n<p><a data-dot=\"mol-article-card-media\" aria-hidden=\"true\" tabindex=\"-1\" href=\"https:\/\/www.seznamzpravy.cz\/clanek\/magazin-cestovani-kam-na-vylet-okoli-prahy-vlakem-230128\" class=\"e_n f_l8\" rel=\"nofollow noopener\" target=\"_blank\"><img height=\"843\"   width=\"1500\" src=\"https:\/\/www.europesays.com\/cz\/wp-content\/uploads\/2026\/08\/praha-prokopske-udoli-semmering-viadukt-viadukty-vlak.jpeg\" loading=\"eager\" decoding=\"sync\" class=\"e_aa e_Z\"\/><\/a><\/p>\n<p class=\"e_bX\">Stoup\u00e1n\u00ed z\u00a0Neb\u00edlov mi chce usnadnit pan\u00ed ve favoritu\u00a0\u2013 p\u0159ibrzd\u00ed a\u00a0nab\u00eddne svezen\u00ed. M\u00e1m ale v\u00a0pl\u00e1nu j\u00edt po \u010derven\u00e9, kter\u00e1 za chv\u00edli ze silnice odbo\u010duje a\u00a0nechci si hned polevovat. Proto jen pod\u011bkuji.<\/p>\n<p class=\"e_bX\">Odm\u011bnou je mi objev malebn\u00e9ho n\u00e1vr\u0161\u00ed Prusiny s\u00a0kostelem a\u00a0b\u00fdvalou farn\u00ed \u0161kolou z\u00a0roku 1774, kdy Marie Terezie zavedla povinnou \u0161koln\u00ed doch\u00e1zku. Dnes tu s\u00eddl\u00ed komunitn\u00ed \u0161kola Holubn\u00edk, zalo\u017een\u00e1 rodi\u010di, kte\u0159\u00ed necht\u011bli d\u00e1vat sv\u00e9 d\u011bti do \u0161koly a\u00a0p\u0159itom cht\u011bli, aby m\u011bly kamar\u00e1dy.<\/p>\n<p class=\"e_bX\">Dal\u0161\u00ed cesta m\u00e1 za p\u0159\u00edjemn\u011bj\u0161\u00edho po\u010das\u00ed ur\u010dit\u011b p\u016fvab. Ve t\u0159iat\u0159iceti stupn\u00edch v\u0161ak nen\u00ed bez utrpen\u00ed, proto\u017ee st\u00ednem p\u0159\u00edli\u0161 neopl\u00fdv\u00e1. Ment\u00e1ln\u011b nejn\u00e1ro\u010dn\u011bj\u0161\u00ed \u00fasek p\u0159edstavuje n\u00e1vr\u0161\u00ed protnut\u00e9 sto\u017e\u00e1ry vysok\u00e9ho nap\u011bt\u00ed.<\/p>\n<p class=\"e_bX\">Prvn\u00ed nad\u011bji na hospodu p\u0159edstavuj\u00ed a\u017e Letiny, ale \u017e\u00e1dnou tam nenach\u00e1z\u00edm v\u00a0provozu. Vysvobozen\u00ed nab\u00eddne a\u017e po\u017e\u00e1rn\u00ed n\u00e1dr\u017e na konci vesnice, kter\u00e1 v\u00a0l\u00e9t\u011b slou\u017e\u00ed jako koupali\u0161t\u011b. Na jej\u00edm travnat\u00e9m b\u0159ehu je bistro U\u00a0\u017eab\u00e1ku, krom\u011b n\u00e1poj\u016f jsou zde k\u00a0m\u00e1n\u00ed lango\u0161e, pizza a\u00a0kebab.<\/p>\n<p><img height=\"1536\"   width=\"2048\" src=\"https:\/\/www.europesays.com\/cz\/wp-content\/uploads\/2026\/08\/1787496260_45_plzensko.jpeg\" loading=\"eager\" decoding=\"sync\" class=\"e_aa e_Z\"\/>Foto: Marek \u0160\u00e1lek, Seznam Zpr\u00e1vy<\/p>\n<p class=\"e_bX\">Mn\u011b mus\u00ed sta\u010dit kr\u00e1tk\u00e1 koupel, proto\u017ee mi na posledn\u00edch sedm kilometr\u016f zb\u00fdv\u00e1 jen hodina a\u00a0p\u00e1r minut. Prvorepublikov\u00e9 l\u00e1zn\u011b, kter\u00e9 slou\u017e\u00ed jako za\u0159\u00edzen\u00ed soci\u00e1ln\u00ed p\u00e9\u010de, zahl\u00e9dnu jen koutkem oka, nebo\u0165 se d\u00e1v\u00e1m do m\u00edrn\u00e9ho b\u011bhu\u00a0\u2013 t\u011bch p\u00e1r temp restartovalo cel\u00e9 t\u011blo a\u00a0chci u\u0161et\u0159it za taxi.<\/p>\n<p>P\u0159es nejvy\u0161\u0161\u00ed bod do c\u00edlov\u00fdch \u017dinkov<\/p>\n<p class=\"e_bX\">N\u00e1sledn\u00e9 stopades\u00e1timetrov\u00e9 p\u0159ev\u00fd\u0161en\u00ed p\u0159in\u00e1\u0161\u00ed v\u00fdhledy na Chodsko, \u0160umavu i\u00a0Brdy. Cesta vede loukami a\u00a0t\u011bsn\u011b pod vrcholem \u010cih\u00e1tka, co\u017e je nejvy\u0161\u0161\u00ed bod cel\u00e9 trasy (615\u00a0m. n. m.).<\/p>\n<p class=\"e_bX\">Zakr\u00e1tko u\u017e dor\u00e1\u017e\u00edm do \u017dinkov. Maj\u00ed hezk\u00e9 n\u00e1m\u011bst\u00ed\u010dko a\u00a0je na n\u011bm i\u00a0zast\u00e1vka autobusu, na kterou m\u00ed\u0159\u00edm. Hlavn\u00ed atrakc\u00ed je tu z\u00e1meck\u00fd are\u00e1l, vzd\u00e1len\u00fd je\u0161t\u011b p\u016fldruh\u00e9ho kilometru po b\u0159ehu rybn\u00edka Labu\u0165. J\u00e1 ho zn\u00e1m z\u00a0minulosti, prohl\u00eddku jsme se \u017eenou absolvovali loni na podzim, kdy nov\u00ed majitel\u00e9 z\u00e1mek po t\u00e9m\u011b\u0159 dvaceti letech zp\u0159\u00edstupnili.<\/p>\n<p class=\"e_bX\">Tentokr\u00e1t ho jen v\u00a0duchu pozdrav\u00edm na d\u00e1lku a\u00a0nased\u00e1m na posledn\u00ed dne\u0161n\u00ed spoj. Ten, kdo by v\u0161ak na v\u00fdlet vyrazil d\u0159\u00edv, nevadilo by mu utratit za taxi anebo m\u011bl n\u011bkde nocleh a\u00a0v\u00fdlet si rozd\u011blil na dva dny, nem\u011bl by z\u00e1mek vynechat.<\/p>\n<p>Pohnut\u00e9 osudy Z\u00e1mku \u017dinkovy a\u00a0jeho majitel\u016f<img height=\"1536\"   width=\"2048\" src=\"https:\/\/www.europesays.com\/cz\/wp-content\/uploads\/2026\/08\/zamek-zinkovy.jpeg\" loading=\"eager\" decoding=\"sync\" class=\"e_aa e_Z\"\/>Foto: Marek \u0160\u00e1lek, Seznam Zpr\u00e1vyStavba z\u00e1mku a\u00a0rodina Wessel\u00fdch<\/p>\n<p class=\"e_bX\">A\u017e k\u00fd\u010dovit\u011b vyhl\u00ed\u017eej\u00edc\u00ed stavba s\u00a0mnoha v\u011b\u017ei\u010dkami je d\u00edlem v\u00edde\u0148sk\u00e9ho stavitele a\u00a0investora do \u017eeleznic a\u00a0uheln\u00fdch dol\u016f Karla Wesselyho, kter\u00fd z\u00e1mek koupil v\u00a0roce 1897\u00a0a\u00a0nechal ho p\u0159estav\u011bt. V\u00a0t\u00e9 dob\u011b se zbohatl\u00ed podnikatel\u00e9 sna\u017eili vyrovnat \u201estar\u00e9\u201c \u0161lecht\u011b, Karl proto nehled\u011bl na rozpo\u010det a\u00a0vytvo\u0159il pro rodinu honosn\u00e9 s\u00eddlo v\u00a0duchu novorenesance.<\/p>\n<p class=\"e_bX\">K panstv\u00ed tehdy pat\u0159ilo p\u0159es t\u0159i tis\u00edce hektar\u016f p\u016fdy, pivovar, cihelna, parn\u00ed pila, ml\u00e9k\u00e1rna a\u00a0tov\u00e1rna na v\u00fdrobu sirup\u016f. K\u00a0vytvo\u0159en\u00ed krajin\u00e1\u0159sk\u00e9ho parku byl p\u0159izv\u00e1n architekt Carl Gustav Svensson ze \u0160v\u00e9dska. Po smrti Wesselyho zd\u011bdil z\u00e1mek syn Ernst, kter\u00fd jej ov\u0161em proh\u00fd\u0159il. V\u00a0roce 1914\u00a0musel v\u0161echno prodat a\u00a0pot\u00e9 sp\u00e1chal sebevra\u017edu, jeho matka Eleanora do\u017eila v\u00a0chudobinci.<\/p>\n<p>V rukou rodiny \u0160kod\u016f<\/p>\n<p class=\"e_bX\">V roce 1916\u00a0koupil \u017einkovsk\u00e9 panstv\u00ed Karel \u0160koda\u00a0\u2013 syn zakladatele \u0160kodov\u00fdch z\u00e1vod\u016f, kter\u00e9 se za prvn\u00ed sv\u011btov\u00e9 v\u00e1lky orientovaly na v\u00fdrobu zbran\u00ed a\u00a0munice a\u00a0staly se nejv\u011bt\u0161\u00edm pr\u016fmyslov\u00fdm podnikem Rakousko-Uherska. V\u00a0roce 1921\u00a0se Karel rozvedl s\u00a0Hedvikou \u0160kodovou, a\u00a0proto\u017ee jako \u201ezbroja\u0159 monarchie\u201c nebyl v\u00a0nov\u00e9m \u010deskoslovensk\u00e9m st\u00e1t\u011b v\u00edt\u00e1n, st\u00e1hl se do \u0160v\u00fdcarska a\u00a0pozd\u011bji do V\u00eddn\u011b.<\/p>\n<p class=\"e_bX\">Kdy\u017e Karel v\u00a0roce 1929\u00a0zem\u0159el, hlavou rodiny a\u00a0spr\u00e1vcem se stal 21let\u00fd syn Emil\u00a0\u2013 nejstar\u0161\u00ed z\u00a0potomk\u016f, ale st\u00e1le je\u0161t\u011b mladi\u010dk\u00fd. Podle pam\u011btn\u00edk\u016f \u017eil skromn\u011b, na \u017dinkovech pob\u00fdval v\u00a0pokoji n\u011bkdej\u0161\u00edho slu\u017eebn\u00edka. P\u0159esto nakonec upadl do nemilosti.<\/p>\n<p class=\"e_bX\">Z dochovan\u00fdch sv\u011bdectv\u00ed vypl\u00fdv\u00e1, \u017ee to nebyl kolaborant, ba naopak\u00a0\u2013 na \u017dinkovech nap\u0159\u00edklad poskytl \u00fato\u010di\u0161t\u011b pra\u017esk\u00e9mu advok\u00e1tovi Emilu Schneebergerovi, zapojen\u00e9mu do odboje. Kdy\u017e se ov\u0161em dostal do hled\u00e1\u010dku gestapa, z\u00a0obav o\u00a0osud rodiny i\u00a0majetku p\u0159ijal n\u011bmeckou st\u00e1tn\u00ed p\u0159\u00edslu\u0161nost.<\/p>\n<p class=\"e_bX\">Byl tud\u00ed\u017e odveden do wehrmachtu a\u00a0slou\u017eil jako tlumo\u010dn\u00edk u\u00a0zajat\u00fdch anglick\u00fdch a\u00a0francouzsk\u00fdch d\u016fstojn\u00edk\u016f. Kdy\u017e jezdil nav\u0161t\u00edvit sv\u00e9 p\u0159\u00e1tele, p\u0159evl\u00e9kal se pr\u00fd v\u00a0aut\u011b z\u00a0uniformy, aby se nemusel styd\u011bt. Z\u00a0nepochopiteln\u00fdch d\u016fvod\u016f nicm\u00e9n\u011b v\u00a0posledn\u00edch m\u011bs\u00edc\u00edch v\u00e1lky vstoupil do NSDAP.<\/p>\n<p class=\"e_bX\">P\u0159i osvobozov\u00e1n\u00ed kraje nab\u00eddl Emil \u0160koda z\u00e1mek spojenc\u016fm jako prozat\u00edmn\u00ed velitelstv\u00ed. Nicm\u00e9n\u011b osm\u00e9ho kv\u011btna 1945, hned po odjezdu americk\u00e9 arm\u00e1dy, byl zat\u010den jako kolaborant a\u00a0internov\u00e1n ve sb\u011brn\u00e9m t\u00e1bo\u0159e v\u00a0Plzni, kde pom\u00e1hal odkl\u00edzet sutiny ze \u0160kodov\u00fdch z\u00e1vod\u016f poni\u010den\u00fdch n\u00e1lety. Po h\u00e1dce s\u00a0dozorcem byl brut\u00e1ln\u011b zbit a\u00a08.\u00a0\u010dervna zem\u0159el. Bylo mu teprve \u0161estat\u0159icet let.<\/p>\n<p>Od totality k\u00a0dne\u0161ku<\/p>\n<p class=\"e_bX\">Za totality slou\u017eil z\u00e1mek v\u00a0\u017dinkovech jako zotavovna Revolu\u010dn\u00edho odborov\u00e9ho hnut\u00ed (ROH). Kdy\u017e dnes p\u016fjdete na prohl\u00eddku, je ve skupin\u011b n\u00e1v\u0161t\u011bvn\u00edk\u016f obvykle alespo\u0148 jeden z\u00a0rekreant\u016f, kter\u00fd na to nostalgicky zavzpom\u00edn\u00e1.<\/p>\n<p class=\"e_bX\">V roce 1999\u00a0cel\u00fd are\u00e1l koupila spole\u010dnost Crown Estates, kter\u00e1 v\u00a0roce roce 2008\u00a0zah\u00e1jila jeho p\u0159estavbu na kongresov\u00e9 centrum. Ve h\u0159e tehdy bylo i\u00a0dal\u0161\u00ed os\u00eddlen\u00ed z\u00e1mku americk\u00fdmi voj\u00e1ky\u00a0\u2013 v\u00a0souvislosti s\u00a0pl\u00e1novan\u00fdm radarem v\u00a0Brdech se uva\u017eovalo o\u00a0um\u00edst\u011bn\u00ed p\u0159\u00edslu\u0161n\u00e9 pos\u00e1dky pr\u00e1v\u011b do \u017dinkov.<\/p>\n<p class=\"e_bX\">Majitel\u00e9 v\u0161ak m\u011bli velk\u00e9 o\u010di a\u00a0po letech bezvl\u00e1d\u00ed se z\u00e1mek ocitl v\u00a0realitn\u00ed nab\u00eddce auk\u010dn\u00ed spole\u010dnosti Christie\u2019s\u00a0\u2013 za vyvol\u00e1vac\u00ed cenu 200\u00a0milion\u016f korun. Vloni jej koupila akciov\u00e1 spole\u010dnost L\u00e1zn\u011b Pod\u011bbrady.<\/p>\n<p class=\"e_bX\">\u017dinkovy maj\u00ed velk\u00fd potenci\u00e1l a\u00a0nov\u00ed majitel\u00e9 jej za\u010d\u00ednaj\u00ed vyu\u017e\u00edvat. Funguje tu kav\u00e1rna a\u00a0restaurace, byl otev\u0159en n\u00e1v\u0161t\u011bvnick\u00fd okruh, ubytovat se m\u016f\u017eete v\u00a0b\u00fdval\u00e9 kon\u00edrn\u011b \u010di v\u00a0bungalovech s\u00a0honosn\u00fdmi n\u00e1zvy Lake Villa a\u00a0Forest Villa. T\u00e9m\u011b\u0159 ka\u017ed\u00fd v\u00edkend se tady kon\u00e1 kulturn\u00ed nebo gastronomick\u00e1 ud\u00e1lost.<\/p>\n<p class=\"e_bX\">Celkov\u00fd dojem jen kaz\u00ed nev\u00e1bn\u00fd rybn\u00edk, kter\u00fd pat\u0159\u00ed Ryb\u00e1\u0159sk\u00e9mu svazu. O\u00a0romantick\u00e9 plavb\u011b v\u00a0lodi\u010dce si tak m\u016f\u017eete jen nechat zd\u00e1t.<\/p>\n","protected":false},"excerpt":{"rendered":"P\u0159em\u00eds\u0165ovat se mezi historick\u00fdmi pam\u00e1tkami autem je ur\u010dit\u011b snaz\u0161\u00ed. Nahradit tuhle zvyklost p\u011b\u0161\u00ed v\u00fdpravou m\u00e1 v\u0161ak hodn\u011b co&hellip;\n","protected":false},"author":2,"featured_media":189074,"comment_status":"","ping_status":"","sticky":false,"template":"","format":"standard","meta":{"footnotes":"","_share_on_mastodon":"0"},"categories":[7],"tags":[43,42,41,40,1535,1536,1837,3912,3914],"class_list":["post-189073","post","type-post","status-publish","format-standard","has-post-thumbnail","category-cesko","tag-ceska-republika","tag-cesko","tag-czech-republic","tag-czechia","tag-plzensko","tag-plzensky-kraj","tag-tipy-na-vylety","tag-vylety-po-cesku","tag-zamky"],"share_on_mastodon":{"url":"https:\/\/pubeurope.com\/@cz\/117145362199903815","error":""},"_links":{"self":[{"href":"https:\/\/www.europesays.com\/cz\/wp-json\/wp\/v2\/posts\/189073","targetHints":{"allow":["GET"]}}],"collection":[{"href":"https:\/\/www.europesays.com\/cz\/wp-json\/wp\/v2\/posts"}],"about":[{"href":"https:\/\/www.europesays.com\/cz\/wp-json\/wp\/v2\/types\/post"}],"author":[{"embeddable":true,"href":"https:\/\/www.europesays.com\/cz\/wp-json\/wp\/v2\/users\/2"}],"replies":[{"embeddable":true,"href":"https:\/\/www.europesays.com\/cz\/wp-json\/wp\/v2\/comments?post=189073"}],"version-history":[{"count":0,"href":"https:\/\/www.europesays.com\/cz\/wp-json\/wp\/v2\/posts\/189073\/revisions"}],"wp:featuredmedia":[{"embeddable":true,"href":"https:\/\/www.europesays.com\/cz\/wp-json\/wp\/v2\/media\/189074"}],"wp:attachment":[{"href":"https:\/\/www.europesays.com\/cz\/wp-json\/wp\/v2\/media?parent=189073"}],"wp:term":[{"taxonomy":"category","embeddable":true,"href":"https:\/\/www.europesays.com\/cz\/wp-json\/wp\/v2\/categories?post=189073"},{"taxonomy":"post_tag","embeddable":true,"href":"https:\/\/www.europesays.com\/cz\/wp-json\/wp\/v2\/tags?post=189073"}],"curies":[{"name":"wp","href":"https:\/\/api.w.org\/{rel}","templated":true}]}}