{"id":189233,"date":"2026-08-23T18:10:07","date_gmt":"2026-08-23T18:10:07","guid":{"rendered":"https:\/\/www.europesays.com\/cz\/189233\/"},"modified":"2026-08-23T18:10:07","modified_gmt":"2026-08-23T18:10:07","slug":"skvely-uspech-vobornikova-po-bezchybne-strelbe-ovladla-exhibici-v-drazdanech","status":"publish","type":"post","link":"https:\/\/www.europesays.com\/cz\/189233\/","title":{"rendered":"Skv\u011bl\u00fd \u00fasp\u011bch. Voborn\u00edkov\u00e1 po bezchybn\u00e9 st\u0159elb\u011b ovl\u00e1dla exhibici v\u00a0Dr\u00e1\u017e\u010fanech"},"content":{"rendered":"<p class=\"b_bF\">\u0160estadvacetilet\u00e1 Voborn\u00edkov\u00e1 usp\u011bla p\u0159i sv\u00e9m premi\u00e9rov\u00e9m startu na m\u011bstsk\u00e9 exhibici v\u00a0Dr\u00e1\u017e\u010fanech d\u00edky bezchybn\u00e9 st\u0159elb\u011b. Ze \u010dty\u0159 polo\u017eek nemusela ani na jedno trestn\u00e9 kolo. Druh\u00e1 Gandlerov\u00e1 krou\u017eila \u010dty\u0159ikr\u00e1t, t\u0159et\u00ed Italka Lisa Vittozziov\u00e1 chybovala p\u011btkr\u00e1t a\u00a0ztratila 17\u00a0sekund. Voborn\u00edkov\u00e1 ovl\u00e1dla exhibi\u010dn\u00ed z\u00e1vod v\u00a0Dr\u00e1\u017e\u010fanech jako prvn\u00ed \u010ce\u0161ka v\u00a0historii.<\/p>\n<p class=\"b_bF\">Hornig vb\u00edhal do z\u00e1v\u011bre\u010dn\u00e9ho kola p\u00e1t\u00fd, nakonec ho p\u0159edstihli N\u011bmec Philipp Nawrath a\u00a0\u0160v\u00e9d Martin Ponsiluoma. Na v\u00edt\u011bzn\u00e9ho Strelowa ztratil sedmadvacetilet\u00fd \u010desk\u00fd reprezentant 27,9\u00a0sekundy.<\/p>\n<p><a data-dot=\"atm-link\" target=\"_self\" href=\"https:\/\/www.sport.cz\/clanek\/zimni-sporty-biatlon-otres-v-biatlonu-olympijsky-sampion-hrozi-koncem-kariery-5515677\" class=\"b_V g_ia\" rel=\"nofollow noopener\"><img fetchpriority=\"high\" height=\"830\" width=\"1107\" src=\"https:\/\/www.europesays.com\/cz\/wp-content\/uploads\/2026\/08\/1787508607_4_jacquelin.jpeg\" loading=\"eager\" decoding=\"sync\" class=\"b_B b_z\"\/><\/a><\/p>\n","protected":false},"excerpt":{"rendered":"\u0160estadvacetilet\u00e1 Voborn\u00edkov\u00e1 usp\u011bla p\u0159i sv\u00e9m premi\u00e9rov\u00e9m startu na m\u011bstsk\u00e9 exhibici v\u00a0Dr\u00e1\u017e\u010fanech d\u00edky bezchybn\u00e9 st\u0159elb\u011b. Ze \u010dty\u0159 polo\u017eek nemusela&hellip;\n","protected":false},"author":2,"featured_media":189234,"comment_status":"","ping_status":"","sticky":false,"template":"","format":"standard","meta":{"footnotes":"","_share_on_mastodon":"0"},"categories":[10],"tags":[1109,17,21,16,3102,18,19,22,2288,20],"class_list":["post-189233","post","type-post","status-publish","format-standard","has-post-thumbnail","category-zpravy","tag-biatlon","tag-headlines","tag-hlavni-udalosti","tag-news","tag-tereza-vobornikova","tag-top-news","tag-top-stories","tag-udalosti-dne","tag-vitezslav-hornig","tag-zpravy"],"share_on_mastodon":{"url":"https:\/\/pubeurope.com\/@cz\/117146172659245888","error":""},"_links":{"self":[{"href":"https:\/\/www.europesays.com\/cz\/wp-json\/wp\/v2\/posts\/189233","targetHints":{"allow":["GET"]}}],"collection":[{"href":"https:\/\/www.europesays.com\/cz\/wp-json\/wp\/v2\/posts"}],"about":[{"href":"https:\/\/www.europesays.com\/cz\/wp-json\/wp\/v2\/types\/post"}],"author":[{"embeddable":true,"href":"https:\/\/www.europesays.com\/cz\/wp-json\/wp\/v2\/users\/2"}],"replies":[{"embeddable":true,"href":"https:\/\/www.europesays.com\/cz\/wp-json\/wp\/v2\/comments?post=189233"}],"version-history":[{"count":0,"href":"https:\/\/www.europesays.com\/cz\/wp-json\/wp\/v2\/posts\/189233\/revisions"}],"wp:featuredmedia":[{"embeddable":true,"href":"https:\/\/www.europesays.com\/cz\/wp-json\/wp\/v2\/media\/189234"}],"wp:attachment":[{"href":"https:\/\/www.europesays.com\/cz\/wp-json\/wp\/v2\/media?parent=189233"}],"wp:term":[{"taxonomy":"category","embeddable":true,"href":"https:\/\/www.europesays.com\/cz\/wp-json\/wp\/v2\/categories?post=189233"},{"taxonomy":"post_tag","embeddable":true,"href":"https:\/\/www.europesays.com\/cz\/wp-json\/wp\/v2\/tags?post=189233"}],"curies":[{"name":"wp","href":"https:\/\/api.w.org\/{rel}","templated":true}]}}