{"id":189235,"date":"2026-08-23T18:11:18","date_gmt":"2026-08-23T18:11:18","guid":{"rendered":"https:\/\/www.europesays.com\/cz\/189235\/"},"modified":"2026-08-23T18:11:18","modified_gmt":"2026-08-23T18:11:18","slug":"meteorologove-uz-vi-jaka-bude-cela-zima-2026-2027-stredni-evropa-se-bude-vymykat-normalu-2","status":"publish","type":"post","link":"https:\/\/www.europesays.com\/cz\/189235\/","title":{"rendered":"Meteorologov\u00e9 u\u017e v\u00ed, jak\u00e1 bude cel\u00e1 zima 2026\/2027. St\u0159edn\u00ed Evropa se bude vymykat norm\u00e1lu"},"content":{"rendered":"<p>Kdy\u017e se meteorologov\u00e9 pod\u00edvaj\u00ed na mapu nadch\u00e1zej\u00edc\u00ed zimy, jedno m\u00edsto jim vysko\u010d\u00ed [\u2026]<\/p>\n<p>Kdy\u017e se meteorologov\u00e9 pod\u00edvaj\u00ed na mapu nadch\u00e1zej\u00edc\u00ed zimy, jedno m\u00edsto jim vysko\u010d\u00ed do o\u010d\u00ed v\u00edc ne\u017e v\u0161echna ostatn\u00ed. Je j\u00edm st\u0159ed Evropy v\u010detn\u011b \u010ceska. Prvn\u00ed sez\u00f3nn\u00ed v\u00fdhled na zimu 2026\/2027 je na sv\u011bt\u011b a\u00a0napov\u00edd\u00e1, v\u00a0\u010dem se leto\u0161n\u00ed zima od t\u00e9 \u201eu\u010debnicov\u00e9\u201c bude li\u0161it. Na jeden konkr\u00e9tn\u00ed sc\u00e9n\u00e1\u0159 se ale spol\u00e9hat ned\u00e1 a\u00a0je dobr\u00e9 v\u011bd\u011bt pro\u010d.<\/p>\n<p>Nadpr\u016fm\u011brn\u011b tepl\u00e1 zima a\u00a0st\u0159ed Evropy v\u00a0\u010dele<\/p>\n<p>Hlavn\u00ed vzkaz v\u00fdhledu je srozumiteln\u00fd. Nadch\u00e1zej\u00edc\u00ed zima nejsp\u00ed\u0161 vyjde tepleji, ne\u017e odpov\u00edd\u00e1 dlouhodob\u00e9mu pr\u016fm\u011bru. Nejsiln\u011bji se to m\u00e1 projevit pr\u00e1v\u011b ve st\u0159edu kontinentu a\u00a0na Balk\u00e1n\u011b, kde bude odchylka od norm\u00e1lu podle model\u016f nejv\u00fdrazn\u011bj\u0161\u00ed. Proto \u010cesko na teplotn\u00ed map\u011b tak vy\u010dn\u00edv\u00e1.<\/p>\n<p>Nejde o ojedin\u011bl\u00fd odhad jednoho pracovi\u0161t\u011b. Na teplotn\u011b nadpr\u016fm\u011brn\u00e9 zim\u011b ve st\u0159edn\u00ed Evrop\u011b i\u00a0v\u00a0Alp\u00e1ch se shoduj\u00ed prakticky v\u0161echny hlavn\u00ed sv\u011btov\u00e9 p\u0159edpov\u011bdn\u00ed modely, americk\u00e9 i\u00a0evropsk\u00e9. \u0158ada m\u00edrn\u00fdch zim za sebou t\u00edm p\u00e1dem nejsp\u00ed\u0161 je\u0161t\u011b povyroste. \u010c\u00e1st severn\u00ed Evropy p\u0159itom m\u016f\u017ee dopadnout chladn\u011bji, tak\u017ee rozd\u00edl mezi severem a\u00a0jihem kontinentu bude letos v\u00fdrazn\u00fd.<\/p>\n<p class=\"creepy-voluto__inline-paragraph\">P\u0159e\u010dt\u011bte si tak\u00e9: <a href=\"https:\/\/www.outdoortipy.cz\/tyhle-chyby-pri-baleni-kufru-na-dovolenou-delaji-cesi-ve-velkem-zbytecne-jim-pritom-zabiraji-misto\/\" rel=\"nofollow noopener\" target=\"_blank\">Tyhle chyby p\u0159i balen\u00ed kufru na dovolenou d\u011blaj\u00ed \u010ce\u0161i ve velk\u00e9m. Zbyte\u010dn\u011b jim p\u0159itom zab\u00edraj\u00ed m\u00edsto<\/a><\/p>\n<p>Za v\u0161\u00edm stoj\u00ed mimo\u0159\u00e1dn\u011b siln\u00e9 El Ni\u00f1o<\/p>\n<p>Motorem cel\u00e9 situace je El Ni\u00f1o, tepl\u00e1 f\u00e1ze p\u0159\u00edrodn\u00edho cyklu v\u00a0tropick\u00e9m Pacifiku. Letos se rozj\u00ed\u017ed\u00ed nezvykle siln\u011b. Podle americk\u00e9ho klimatick\u00e9ho \u00fa\u0159adu NOAA je zhruba 96procentn\u00ed pravd\u011bpodobnost, \u017ee vydr\u017e\u00ed po celou zimu severn\u00ed polokoule. Evropsk\u00fd model ECMWF ho nav\u00edc \u0159ad\u00ed mezi v\u016fbec nejsiln\u011bj\u0161\u00ed epizody v\u00a0historii m\u011b\u0159en\u00ed.<\/p>\n<p>Tady je ov\u0161em na m\u00edst\u011b opatrnost. Na po\u010das\u00ed ve st\u0159edn\u00ed Evrop\u011b El Ni\u00f1o nep\u016fsob\u00ed p\u0159\u00edmo. Pacifik je daleko a\u00a0jeho vliv se k\u00a0n\u00e1m dost\u00e1v\u00e1 oklikou, p\u0159es zm\u011bny v\u00a0proud\u011bn\u00ed nad severn\u00edm Atlantikem. Tak\u00e9 podle britsk\u00e9ho Met Office jsou dopady na evropsk\u00e9 po\u010das\u00ed sp\u00ed\u0161 nep\u0159\u00edm\u00e9. Ani rekordn\u011b siln\u00e9 El Ni\u00f1o tak samo o sob\u011b neur\u010d\u00ed, jak p\u0159esn\u011b bude u\u00a0n\u00e1s zima vypadat.<\/p>\n<p>Kl\u00ed\u010dem k\u00a0mraz\u016fm z\u016fst\u00e1v\u00e1 pol\u00e1rn\u00ed v\u00edr<\/p>\n<p>Jestli si letos u\u017eijeme opravdovou zimu, rozhodne z velk\u00e9 \u010d\u00e1sti pol\u00e1rn\u00ed v\u00edr. Je to ob\u0159\u00ed cykl\u00f3na nad Arktidou, kter\u00e1 v\u00a0sob\u011b dr\u017e\u00ed mraziv\u00fd vzduch. Kdy\u017e je siln\u00e1, chlad z\u016fst\u00e1v\u00e1 na severu. Kdy\u017e zesl\u00e1bne, arktick\u00fd vzduch se m\u016f\u017ee p\u0159el\u00edt a\u017e nad st\u0159edn\u00ed Evropu.<\/p>\n<p class=\"creepy-voluto__inline-paragraph\">P\u0159e\u010dt\u011bte si tak\u00e9: <a href=\"https:\/\/www.outdoortipy.cz\/cesi-vubec-nevi-ze-pri-cestovani-se-zviraty-musi-dodrzovat-tato-pravidla-v-opacnem-pripade-jim-hrozi-pokuta-az-50-000-kc\/\" rel=\"nofollow noopener\" target=\"_blank\">\u010ce\u0161i v\u016fbec nev\u00ed, \u017ee p\u0159i cestov\u00e1n\u00ed se zv\u00ed\u0159aty mus\u00ed dodr\u017eovat tato pravidla. V\u00a0opa\u010dn\u00e9m p\u0159\u00edpad\u011b jim hroz\u00ed pokuta a\u017e 50\u00a0000\u00a0K\u010d<\/a><\/p>\n<p>\u201eSlab\u00fd pol\u00e1rn\u00ed v\u00edr h\u016f\u0159e zadr\u017euje studen\u00fd vzduch [\u2026] a\u00a0p\u0159in\u00e1\u0161\u00ed k\u00a0n\u00e1m siln\u00e9 mrazy,\u201c vysv\u011btlila pro Den\u00edk meteorolo\u017eka Dagmar Honsov\u00e1.<\/p>\n<p>A pr\u00e1v\u011b siln\u00e9 El Ni\u00f1o pravd\u011bpodobnost naru\u0161en\u00ed v\u00edru zvy\u0161uje. Meteorologov\u00e9 proto letos jeho stav sleduj\u00ed obzvl\u00e1\u0161\u0165 bedliv\u011b. Oslaben\u00ed v\u00edru by toti\u017e dok\u00e1zalo p\u0159in\u00e9st mraziv\u00e9 epizody i\u00a0doprost\u0159ed jinak tepl\u00e9 zimy.<\/p>\n<p>Zima pln\u00e1 prudk\u00fdch v\u00fdkyv\u016f<\/p>\n<p>S \u010d\u00edm po\u010d\u00edtat rozhodn\u011b nelze, je klidn\u00e1 a\u00a0vyrovnan\u00e1 sez\u00f3na. Odborn\u00edci se sp\u00ed\u0161 shoduj\u00ed, \u017ee zima p\u0159inese prudk\u00e9 v\u00fdkyvy. Po nezvykle tepl\u00fdch dnech m\u016f\u017ee ze dne na den ude\u0159it mr\u00e1z s\u00a0chumelenic\u00ed a\u00a0stejn\u011b rychle se po\u010das\u00ed zase obr\u00e1t\u00ed.<\/p>\n<p class=\"creepy-voluto__inline-paragraph\">P\u0159e\u010dt\u011bte si tak\u00e9: <a href=\"https:\/\/www.outdoortipy.cz\/meteorologove-uz-maji-predpoved-na-cely-podzim-2026-cekaji-nas-drsne-zmeny\/\" rel=\"nofollow noopener\" target=\"_blank\">Meteorologov\u00e9 u\u017e maj\u00ed p\u0159edpov\u011b\u010f na cel\u00fd podzim 2026.\u00a0\u010cekaj\u00ed n\u00e1s drsn\u00e9 zm\u011bny<\/a><\/p>\n<p>Za\u010d\u00e1tek zimy m\u016f\u017ee b\u00fdt vlhk\u00fd, v\u011btrn\u00fd a\u00a0sp\u00ed\u0161 m\u00edrn\u00fd. Pozd\u011bji se daj\u00ed \u010dekat klidn\u011bj\u0161\u00ed a\u00a0chladn\u011bj\u0161\u00ed epizody. Vrchol mraz\u016f obvykle nast\u00e1v\u00e1 v\u00a0lednu, a\u00a0pokud v\u00edr opravdu zesl\u00e1bne, m\u016f\u017ee b\u00fdt letos v\u00fdrazn\u011bj\u0161\u00ed. Ani celkov\u011b tepl\u00e1 zima proto nevylu\u010duje sn\u00edh a\u00a0mr\u00e1z. P\u0159ijdou sp\u00ed\u0161 v\u00a0n\u00e1razech ne\u017e jako souvisl\u00e9 zimn\u00ed obdob\u00ed.<\/p>\n<p>Za sn\u011bhem se bude muset v\u00fd\u0161 do hor<\/p>\n<p>Pro milovn\u00edky b\u00edl\u00e9 nad\u00edlky v\u00fdhled tak r\u016f\u017eov\u00fd nen\u00ed. Rozs\u00e1hl\u00e9 sn\u011b\u017een\u00ed v\u00a0n\u00ed\u017ein\u00e1ch je p\u0159i tepl\u00e9 zim\u011b m\u00e1lo pravd\u011bpodobn\u00e9 a\u00a0spolehliv\u011b zasn\u011b\u017een\u00e9 z\u016fst\u00e1vaj\u00ed hlavn\u011b vy\u0161\u0161\u00ed polohy. V\u00a0\u010desk\u00fdch hor\u00e1ch se hranice, nad kterou sn\u00edh p\u0159es zimu vydr\u017e\u00ed, za posledn\u00ed roky posunula zhruba na 800 a\u017e 1\u00a0000 metr\u016f nad mo\u0159em.<\/p>\n<p>      <img fetchpriority=\"high\" decoding=\"async\" width=\"1920\" height=\"1280\" src=\"https:\/\/www.europesays.com\/cz\/wp-content\/uploads\/2026\/08\/meteorologove-uz-vi-jaka-bude-cela-zima-2026-2027-stredni-evropa-se-bude-vymykat-normalu-content.jpg\" alt=\"P\u0159i tepl\u00e9 zim\u011b najdou milovn\u00edci sn\u011bhu jistotu a\u017e ve velehor\u00e1ch, ve vysok\u00fdch parti\u00edch Tater nebo Alp. Ilustra\u010dn\u00ed foto. Zdroj: Magnific.\" class=\"wp-image-15922\"  \/><\/p>\n<p>      P\u0159i tepl\u00e9 zim\u011b najdou milovn\u00edci sn\u011bhu jistotu a\u017e ve velehor\u00e1ch, ve vysok\u00fdch parti\u00edch Tater nebo Alp. Ilustra\u010dn\u00ed foto. Zdroj: Magnific.<\/p>\n<p>Na opravdu vydatnou nad\u00edlku ani to ale nesta\u010d\u00ed, tu nab\u00edzej\u00ed a\u017e velehory. Kdo chce m\u00edt jistotu, zam\u00ed\u0159\u00ed sp\u00ed\u0161 do vysok\u00fdch parti\u00ed Tater nebo Alp, kde sn\u00edh dr\u017e\u00ed po v\u011bt\u0161inu sez\u00f3ny.<\/p>\n<p class=\"creepy-voluto__inline-paragraph\">P\u0159e\u010dt\u011bte si tak\u00e9: <a href=\"https:\/\/www.outdoortipy.cz\/genialni-trik-zkusenych-cestovatelu-na-dno-kufru-davaji-toaletni-papir-a-90-lidi-nechape-proc\/\" rel=\"nofollow noopener\" target=\"_blank\">Geni\u00e1ln\u00ed trik zku\u0161en\u00fdch cestovatel\u016f. Na dno kufru d\u00e1vaj\u00ed toaletn\u00ed pap\u00edr a\u00a090\u00a0% lid\u00ed nech\u00e1pe pro\u010d<\/a><\/p>\n<p>\u0160ance na sn\u00edh podle nadmo\u0159sk\u00e9 v\u00fd\u0161ky shrnuje n\u00e1sleduj\u00edc\u00ed p\u0159ehled:<\/p>\n<p>Poloha\u0160ance na sn\u00edh p\u0159es zimuN\u00ed\u017einyRozs\u00e1hl\u00e9 sn\u011b\u017een\u00ed je p\u0159i tepl\u00e9 zim\u011b m\u00e1lo pravd\u011bpodobn\u00e9\u010cesk\u00e9 hory (zhruba 800 a\u017e 1\u00a0000\u00a0m n. m.)Nad touto hranic\u00ed sn\u00edh p\u0159es zimu vydr\u017e\u00edVelehory (vysok\u00e9 partie Tater nebo Alp)Sn\u00edh dr\u017e\u00ed po v\u011bt\u0161inu sez\u00f3ny<\/p>\n<p>Nakonec je dobr\u00e9 dr\u017eet na pam\u011bti jednu v\u011bc. Jde o sez\u00f3nn\u00ed v\u00fdhled, tedy o odhad pravd\u011bpodobn\u00e9ho v\u00fdvoje. Spolehliv\u011b se po\u010das\u00ed d\u00e1 ur\u010dit jen na p\u00e1r dn\u00ed dop\u0159edu. V\u00fdhled na celou zimu ukazuje hlavn\u011b trend a\u00a0pravd\u011bpodobnosti, kter\u00e9 se je\u0161t\u011b mohou posunout.<\/p>\n<p class=\"creepy-voluto__inline-paragraph\">P\u0159e\u010dt\u011bte si tak\u00e9: <a href=\"https:\/\/www.outdoortipy.cz\/chorvati-maji-smulu-a-muzou-si-za-to-sami-cesi-letos-nechavaji-letoviska-prazdna-a-miri-jinam\/\" rel=\"nofollow noopener\" target=\"_blank\">Chorvati maj\u00ed sm\u016flu a\u00a0m\u016f\u017eou si za to sami. \u010ce\u0161i letos nech\u00e1vaj\u00ed letoviska pr\u00e1zdn\u00e1 a\u00a0m\u00ed\u0159\u00ed jinam<\/a><\/p>\n<p>Zdroje: https:\/\/www.i-meteo.cz\/super-el-nino-2026-co-znamena-anomalni-oteplovani-ticheho-oceanu-pro-pocasi-v-cesku, https:\/\/snow.cz\/clanek\/5640-pocasi-2026-27-zima-bude-teplejsi-ale-hlavne-turbulentnejsi-nez-jindy-co-lze-vycist-z-predpovedi-a-statistiky, https:\/\/www.denik.cz\/pocasi\/zima-2026-2027-predpoved-pocasi\/, https:\/\/www.hrot24.cz\/clanek\/el-nino-2026-zesileni-dopady-cesko-evropa-pocasi-Hp6Qe, https:\/\/www.severe-weather.eu\/long-range-2\/super-el-nino-reaching-record-strength-winter-2026-2027-forecast-atmospheric-signal-united-states-canada-europe-fa\/, https:\/\/tn.nova.cz\/zpravodajstvi\/clanek\/654575-prvni-vyhled-pocasi-na-celou-zimu-stredni-evropa-na-mape-vyrazne-vycniva<\/p>\n<p>            Ohodno\u0165te tento p\u0159\u00edsp\u011bvek    <\/p>\n","protected":false},"excerpt":{"rendered":"Kdy\u017e se meteorologov\u00e9 pod\u00edvaj\u00ed na mapu nadch\u00e1zej\u00edc\u00ed zimy, jedno m\u00edsto jim vysko\u010d\u00ed [\u2026] Kdy\u017e se meteorologov\u00e9 pod\u00edvaj\u00ed na&hellip;\n","protected":false},"author":2,"featured_media":189236,"comment_status":"","ping_status":"","sticky":false,"template":"","format":"standard","meta":{"footnotes":"","_share_on_mastodon":"0"},"categories":[3],"tags":[2038,109,108,106,18881],"class_list":["post-189235","post","type-post","status-publish","format-standard","has-post-thumbnail","category-evropa","tag-clanek","tag-europa","tag-europe","tag-evropa","tag-homepage"],"share_on_mastodon":{"url":"https:\/\/pubeurope.com\/@cz\/117146175820234881","error":""},"_links":{"self":[{"href":"https:\/\/www.europesays.com\/cz\/wp-json\/wp\/v2\/posts\/189235","targetHints":{"allow":["GET"]}}],"collection":[{"href":"https:\/\/www.europesays.com\/cz\/wp-json\/wp\/v2\/posts"}],"about":[{"href":"https:\/\/www.europesays.com\/cz\/wp-json\/wp\/v2\/types\/post"}],"author":[{"embeddable":true,"href":"https:\/\/www.europesays.com\/cz\/wp-json\/wp\/v2\/users\/2"}],"replies":[{"embeddable":true,"href":"https:\/\/www.europesays.com\/cz\/wp-json\/wp\/v2\/comments?post=189235"}],"version-history":[{"count":0,"href":"https:\/\/www.europesays.com\/cz\/wp-json\/wp\/v2\/posts\/189235\/revisions"}],"wp:featuredmedia":[{"embeddable":true,"href":"https:\/\/www.europesays.com\/cz\/wp-json\/wp\/v2\/media\/189236"}],"wp:attachment":[{"href":"https:\/\/www.europesays.com\/cz\/wp-json\/wp\/v2\/media?parent=189235"}],"wp:term":[{"taxonomy":"category","embeddable":true,"href":"https:\/\/www.europesays.com\/cz\/wp-json\/wp\/v2\/categories?post=189235"},{"taxonomy":"post_tag","embeddable":true,"href":"https:\/\/www.europesays.com\/cz\/wp-json\/wp\/v2\/tags?post=189235"}],"curies":[{"name":"wp","href":"https:\/\/api.w.org\/{rel}","templated":true}]}}