{"id":189435,"date":"2026-08-23T23:43:19","date_gmt":"2026-08-23T23:43:19","guid":{"rendered":"https:\/\/www.europesays.com\/cz\/189435\/"},"modified":"2026-08-23T23:43:19","modified_gmt":"2026-08-23T23:43:19","slug":"vypsana-fixa-pokrtila-desku-ideal-koncert-nezkazil-lijak-ani-hrozici-bourka","status":"publish","type":"post","link":"https:\/\/www.europesays.com\/cz\/189435\/","title":{"rendered":"Vypsan\u00e1 fiXa pok\u0159tila desku &#8222;Ide\u00e1l&#8220;. Koncert nezkazil lij\u00e1k ani hroz\u00edc\u00ed bou\u0159ka"},"content":{"rendered":"<p>P\u0159esn\u011b po roce se Vypsan\u00e1 fiXa vr\u00e1tila do pra\u017esk\u00e9ho are\u00e1lu A7, aby zde na\u017eivo p\u0159ehr\u00e1la a pok\u0159tila albovou novinku &#8222;Ide\u00e1l&#8220;. Dorazila \u0159ada host\u016f v\u010detn\u011b Supice ze T\u0159\u00ed sester, k\u0159tilo se doslova letem vzduchem a premi\u00e9ru si odbyl videoklip &#8222;Pelik\u00e1n&#8220;. Bl\u00ed\u017e\u00edc\u00ed se ne\u010dekan\u00e1 bou\u0159ka nakonec vzala do zaje\u010d\u00edch.<\/p>\n<p>Live: Vypsan\u00e1 fixa<\/p>\n<p>&#13;<br \/>\nm\u00edsto: Are\u00e1l7, Praha<br \/>&#13;<br \/>\ndatum: 20. srpna 2026<br \/>&#13;<br \/>\nsetlist: Dobr\u00e9 s\u00edly, Beautiful girl, Fakin party, Pelik\u00e1n, Velryba, Darling, Terenc, Legenda, \u0160t\u011bst\u00ed Jimi Dixona, Neur\u010dit\u00e9 obavy, M\u011bla kr\u00e1tkou ofinu, Ivan Trojan, Holka s lebkou, Komik lobotomik, Kostel, biohazard, McDonald, Samurajsk\u00e9 me\u010de, Kolob\u011bh, Bylo to jist\u00fd, Ma\u017eoretka, \u010cty\u0159i slunce, Dom\u00e1c\u00ed motokrosa\u0159, Drogov\u00fd ve\u010d\u00edrek, Antidepresivn\u00ed rybi\u010dka, Detaily, 1982, 3 mal\u00fd opi\u010dky, Limity, Trampol\u00edna, Nina, Dezol\u00e1t, Iluze&#13;\n<\/p>\n<p>Pane\u010dku, takov\u00e9 dlouh\u00e9 fronty jsem u\u017e dlouho neza\u017eila. U t\u00e9to pardubick\u00e9 party ze San Piega jde ale o pom\u011brn\u011b b\u011b\u017en\u00fd z\u00e1jem. <a href=\"https:\/\/musicserver.cz\/interpret\/Vypsana-fiXa\/\" class=\"intos\" rel=\"nofollow noopener\" target=\"_blank\">Vypsan\u00e1 fiXa<\/a> je jednou z m\u00e1la kapel, kter\u00e1 funguje t\u0159icet let a st\u00e1le dok\u00e1\u017ee nach\u00e1zet recept na to, jak p\u0159it\u00e1hnout mladou generaci. Je\u0161t\u011b ne\u017e za\u010dal samotn\u00fd set, na velk\u00e9 LED obrazovce jsme mohli vid\u011bt premi\u00e9ru klipu &#8222;Pelik\u00e1n&#8220;.<\/p>\n<p><a href=\"https:\/\/musicserver.cz\/img\/big\/243706.jpg\" class=\"fancikauto\" title=\"\u00a9 Petr Klapper\" rel=\"nofollow noopener\" target=\"_blank\"><br \/>\n   <img decoding=\"async\" src=\"https:\/\/www.europesays.com\/cz\/wp-content\/uploads\/2026\/08\/243706.jpg\" title=\"Vypsan\u00e1 fixa, Are\u00e1l7, Praha, 20.8.2026\" alt=\"Vypsan\u00e1 fixa, Are\u00e1l7, Praha, 20.8.2026\" border=\"0\" \/><\/a><br \/>\n   \u00a9 Petr KlapperV\u00fdjime\u010dn\u011b byl p\u0159ipraven setlist, co\u017e u skupiny neb\u00fdv\u00e1 zvykem, ale tentokr\u00e1t necht\u011bla na nic zapomenout. Jako prvn\u00ed vsadili muzikanti na p\u00edse\u0148 &#8222;Dobr\u00e9 s\u00edly&#8220;, kter\u00e1 otev\u00edr\u00e1 i novou studiovku. Pot\u00e9 u\u017e skladby po sob\u011b ne\u0161ly chronologicky &#8211; mezi novinky ob\u010das za\u0159adili n\u011bjakou dob\u0159e zn\u00e1mou hitovku.<\/p>\n<p>&#8222;Terenc&#8220; tak p\u0159ijel pro v\u0161echny, kte\u0159\u00ed la\u010dn\u00ed po z\u00e1chran\u011b. I kdy\u017e <a href=\"https:\/\/musicserver.cz\/interpret\/Mardi\/\" class=\"intos\" rel=\"nofollow noopener\" target=\"_blank\">M\u00e1rdi<\/a> tvrdil, \u017ee p\u0159ehraj\u00ed celou nahr\u00e1vku, mus\u00edm mu vytknout, \u017ee z\u00e1v\u011bre\u010dn\u00e9 country polo\u017ece &#8222;B\u00edl\u00fd je d\u00fdm&#8220; nedali prostor. Zazn\u011bla alespo\u0148 z repr\u00e1k\u016f p\u0159i odchodu z are\u00e1lu.<\/p>\n<p><a href=\"https:\/\/musicserver.cz\/img\/big\/243708.jpg\" class=\"fancikauto\" title=\"\u00a9 Petr Klapper\" rel=\"nofollow noopener\" target=\"_blank\"><br \/>\n   <img decoding=\"async\" src=\"https:\/\/www.europesays.com\/cz\/wp-content\/uploads\/2026\/08\/243708.jpg\" title=\"Vypsan\u00e1 fixa, Are\u00e1l7, Praha, 20.8.2026\" alt=\"Vypsan\u00e1 fixa, Are\u00e1l7, Praha, 20.8.2026\" border=\"0\" \/><\/a><br \/>\n   \u00a9 Petr KlapperCo by to bylo za k\u0159est, kdyby se nek\u0159tilo. Rol\u00ed kmotr\u016f se zhostily sam\u00e9 legendy. <a href=\"https:\/\/musicserver.cz\/interpret\/Petr-Janda\/\" class=\"intos\" rel=\"nofollow noopener\" target=\"_blank\">Petr Janda<\/a> sice z pracovn\u00edch d\u016fvod\u016f nedorazil, ale poslal alespo\u0148 video se zdravic\u00ed a p\u0159\u00e1n\u00edm. V jeho studiu toti\u017e vznikala t\u0159etina desky a v p\u00edsni &#8222;Legenda&#8220; mu pat\u0159\u00ed kytarov\u00e9 s\u00f3lo. Jednalo se o jejich prvn\u00ed spolupr\u00e1ci.<\/p>\n<p>Na p\u00f3dium dorazili tak\u00e9 \u010dlenov\u00e9 akrobatick\u00e9ho t\u00fdmu Flying Bulls, se kter\u00fdmi kapela nato\u010dil pr\u00e1v\u011b klip &#8222;Pelik\u00e1n&#8220;. Kdo jin\u00fd by m\u011bl j\u00edt za kmotra, kdy\u017e na albu l\u00e9taj\u00ed pt\u00e1ci &#8211; a tito piloti d\u011blaj\u00ed ve vzduchu lep\u0161\u00ed man\u00e9vry ne\u017e kdejac\u00ed ope\u0159enci. <\/p>\n<p>Samoz\u0159ejm\u011b nemohl chyb\u011bt ani producentsk\u00fd tandem: <a href=\"https:\/\/musicserver.cz\/interpret\/ondrej-jezek\/\" class=\"intos\" rel=\"nofollow noopener\" target=\"_blank\">Ond\u0159ej Je\u017eek<\/a> a <a href=\"https:\/\/musicserver.cz\/interpret\/Dusan-Neuwerth\/\" class=\"intos\" rel=\"nofollow noopener\" target=\"_blank\">Du\u0161an Neuwerth<\/a>. Tito dva vzali do rukou dva pergameny, kter\u00e9 se pr\u00fd objevuj\u00ed jednou za sto let. Byly na nich nejsp\u00ed\u0161 inici\u00e1ly kapely &#8211; tou dobou jsem se ale schov\u00e1vala p\u0159ed de\u0161t\u011bm a d\u011bn\u00ed sledovala jen jedn\u00edm okem, proto to nemohu tvrdit s jistotou. Tak\u00e9 do\u0161lo na t\u0159pytiv\u00e9 konfety.<\/p>\n<p><a href=\"https:\/\/musicserver.cz\/img\/big\/243703.jpg\" class=\"fancikauto\" title=\"\u00a9 Petr Klapper\" rel=\"nofollow noopener\" target=\"_blank\"><br \/>\n   <img decoding=\"async\" src=\"https:\/\/www.europesays.com\/cz\/wp-content\/uploads\/2026\/08\/243703.jpg\" title=\"Vypsan\u00e1 fixa, Are\u00e1l7, Praha, 20.8.2026\" alt=\"Vypsan\u00e1 fixa, Are\u00e1l7, Praha, 20.8.2026\" border=\"0\" \/><\/a><br \/>\n   \u00a9 Petr KlapperT\u0159i piloti, z nich\u017e ka\u017ed\u00fd dr\u017eel v ruce jedno album, nem\u011bli \u010d\u00edm k\u0159t\u00edt, a tak nosi\u010de pok\u0159tili vzduchem &#8211; letem mezi fanou\u0161ky. K tomu se p\u0159idala i dopadaj\u00edc\u00ed voda.<\/p>\n<p>Hudebn\u011b p\u0159i\u0161ly koncert obohatit nejprve dv\u011b \u017eeny, ka\u017ed\u00e1 zvl\u00e1\u0161\u0165. Supice ze <a href=\"https:\/\/musicserver.cz\/interpret\/Tri-sestry\/\" class=\"intos\" rel=\"nofollow noopener\" target=\"_blank\">T\u0159\u00ed sester<\/a> zpest\u0159ila hrou na tahac\u00ed harmoniku p\u00edse\u0148 &#8222;M\u011bla kr\u00e1tkou ofinu&#8220;. Frontman ji v\u011bnoval v\u0161em d\u00e1m\u00e1m, kter\u00e9 p\u0159ed akc\u00ed nav\u0161t\u00edvily kade\u0159nici, s ironick\u00fdm dodatkem, \u017ee to kv\u016fli po\u010das\u00ed bylo stejn\u011b k ni\u010demu.<\/p>\n<p>Supice na p\u00f3diu z\u016fstala i na \u00f3du na zn\u00e1m\u00e9ho herce &#8222;Ivana Trojana&#8220;. Na housle pak skupinu doprovodila Tereza v kusech &#8222;Bylo to jist\u00fd&#8220; a &#8222;Kolob\u011bh&#8220; &#8211; ten asi moc \u010dasto na\u017eivo hr\u00e1t nebudou. S houslemi dostala skladba je\u0161t\u011b v\u011bt\u0161\u00ed melancholick\u00e9 gr\u00e1dy. Ob\u011b d\u00e1my pak spojily s\u00edly v z\u00e1v\u011bre\u010dn\u00e9 &#8222;Iluzi&#8220;.<\/p>\n<p><a href=\"https:\/\/musicserver.cz\/img\/big\/243705.jpg\" class=\"fancikauto\" title=\"\u00a9 Petr Klapper\" rel=\"nofollow noopener\" target=\"_blank\"><br \/>\n   <img decoding=\"async\" src=\"https:\/\/www.europesays.com\/cz\/wp-content\/uploads\/2026\/08\/243705.jpg\" title=\"Vypsan\u00e1 fixa, Are\u00e1l7, Praha, 20.8.2026\" alt=\"Vypsan\u00e1 fixa, Are\u00e1l7, Praha, 20.8.2026\" border=\"0\" \/><\/a><br \/>\n   \u00a9 Petr KlapperAby to bylo aspo\u0148 \u010d\u00e1ste\u010dn\u011b genderov\u011b vyv\u00e1\u017een\u00e9, nechyb\u011bl ani Ji\u0159\u00ed Hrdina. Ten se p\u0159idal u\u017e klasicky p\u0159i songu &#8222;Detaily&#8220;, kde se zp\u00edv\u00e1: &#8222;Hrdinov\u00e9 nekecaj a jdou do tmy. Hrdinov\u00e9 nekecaj a jdou tam, kam nechce nikdo.&#8220; V \u00favodu nav\u00edc zazn\u00edv\u00e1: &#8222;M\u011bsto je hork\u00fd, srpnov\u00fd.&#8220; Kdy jindy se to hod\u00ed v\u00edc ne\u017e v p\u0159edve\u010der 21. srpna. Ji\u0159\u00ed Hrdina samoz\u0159ejm\u011b obohatil i kapeln\u00ed hymnu &#8222;1982&#8220;, bez kter\u00e9 by set nebyl \u00fapln\u00fd.<\/p>\n<p>Pak u\u017e p\u0159i\u0161ly na \u0159adu klasick\u00e9 koncertn\u00ed ritu\u00e1ly. P\u0159i p\u00edsni &#8222;Komik lobotomik&#8220; m\u00e1valy nad hlavami des\u00edtky rukou tri\u010dky (nejen) s n\u00e1pisem &#8222;Yesterday&#8220;. Bylo jich tolik, a\u017e to M\u00e1rdiho dojalo. P\u0159i &#8222;Drogov\u00e9m ve\u010d\u00edrku&#8220; zase ti v\u011bt\u0161\u00ed vzali men\u0161\u00ed na z\u00e1da, a\u0165 alespo\u0148 na jednu p\u00edsni\u010dku po\u0159\u00e1dn\u011b vid\u00ed. &#8222;Antidepresivn\u00ed rybi\u010dku&#8220; jsme pro zm\u011bnu v\u0161ichni odzp\u00edvali vsed\u011b.<\/p>\n<p>I kdy\u017e to kv\u016fli intenzivn\u00edmu de\u0161ti, kter\u00fd nejv\u00edc bi\u010doval are\u00e1l pr\u00e1v\u011b kolem k\u0159t\u00edc\u00edho ritu\u00e1lu, vypadalo v\u0161elijak, dlouho pl\u00e1novanou akci to na\u0161t\u011bst\u00ed nenaru\u0161ilo. Fix\u00ed lid, pt\u00e1ci, kte\u0159\u00ed proletuj\u00ed celou nahr\u00e1vkou, a <a href=\"https:\/\/musicserver.cz\/clanek\/79362\/vypsana-fixa-3-maly-opicky\/\" rel=\"nofollow noopener\" target=\"_blank\">&#8222;3 mal\u00fd opi\u010dky&#8220;<\/a>, kter\u00e9 zah\u00e1n\u011bj\u00ed zlo, bl\u00ed\u017e\u00edc\u00ed se bou\u0159ku odehnali a ta nakonec are\u00e1l jen lehce l\u00edzla.<\/p>\n<p><a href=\"https:\/\/musicserver.cz\/img\/big\/243704.jpg\" class=\"fancikauto\" title=\"\u00a9 Petr Klapper\" rel=\"nofollow noopener\" target=\"_blank\"><br \/>\n   <img decoding=\"async\" src=\"https:\/\/www.europesays.com\/cz\/wp-content\/uploads\/2026\/08\/243704.jpg\" title=\"Vypsan\u00e1 fixa, Are\u00e1l7, Praha, 20.8.2026\" alt=\"Vypsan\u00e1 fixa, Are\u00e1l7, Praha, 20.8.2026\" border=\"0\" \/><\/a><br \/>\n   \u00a9 Petr KlapperFixa mohla hr\u00e1t o n\u011bco v\u00edc nahlas, to je ale dlouhodob\u00fd probl\u00e9m tohoto m\u00edsta. Jako zaj\u00edmavost pak frontman na s\u00edt\u011b napsal: &#8222;Venkovn\u00ed koncerty v Praze maj\u00ed sv\u00e9 v\u00fdzvy. Povolen\u00e1 hlasitost je 90 decibel\u016f. B\u011bhem na\u0161eho setu do\u0161lo k okam\u017eiku, kdy jsme v\u016fbec nehr\u00e1li a nechali jsme zp\u00edvat pouze v\u00e1s. Nam\u011b\u0159en\u00e1 hodnota? 102 decibel\u016f! Fanou\u0161ci Vypsan\u00e9 fiXy p\u0159ekonali povolen\u00e9 hodnoty.&#8220;<\/p>\n<p>Nebo snad p\u0159ekonali &#8222;Limity&#8220;? Ty ale koncerty t\u00e9to party nemaj\u00ed. Fanou\u0161ci se pod p\u00f3diem vrhali st\u0159emhlav na sv\u00e9 pa\u0159\u00edc\u00ed kolegy a nech\u00e1vali se un\u00e1\u0161et na jejich rukou. I j\u00e1 jsem se pomysln\u011b nechala v\u00e9st melancholi\u00ed m\u00e9 obl\u00edben\u00e9 kapely, kter\u00e1 tu svobodn\u011b proletuje u\u017e t\u0159i dek\u00e1dy.<\/p>\n<p>K\u0159est na\u0161t\u011bst\u00ed dopadl, jak se slu\u0161\u00ed a pat\u0159\u00ed &#8211; zna\u010dka <a href=\"https:\/\/musicserver.cz\/clanek\/79541\/vypsana-fixa-ideal\/\" rel=\"nofollow noopener\" target=\"_blank\">&#8222;Ide\u00e1l&#8220;<\/a>. <a href=\"https:\/\/musicserver.cz\/clanek\/78467\/vypsana-fixa-bylo-to-jisty\/\" rel=\"nofollow noopener\" target=\"_blank\">&#8222;Bylo to jist\u00fd&#8220;<\/a>, \u017ee jsme nav\u0161t\u00edvili <a href=\"https:\/\/musicserver.cz\/clanek\/78937\/vypsana-fixa-fakin-party\/\" rel=\"nofollow noopener\" target=\"_blank\">&#8222;Fakin party&#8220;<\/a> v tom nejlep\u0161\u00edm slova smyslu a ne\u017eili jsme v \u017e\u00e1dn\u00e9 &#8222;Iluzi&#8220;. Z\u00e1rove\u0148 kapela oslavila sv\u00e9 narozeniny a ozn\u00e1mila tradi\u010dn\u00ed p\u0159edv\u00e1no\u010dn\u00ed koncert ve Velk\u00e9m s\u00e1le Lucerny, kter\u00fd letos p\u0159ipad\u00e1 na 19. prosince.   <img loading=\"lazy\" decoding=\"async\" src=\"https:\/\/www.europesays.com\/cz\/wp-content\/uploads\/2026\/08\/79597.gif\" width=\"1\" height=\"1\" alt=\"\" align=\"right\" \/><\/p>\n","protected":false},"excerpt":{"rendered":"P\u0159esn\u011b po roce se Vypsan\u00e1 fiXa vr\u00e1tila do pra\u017esk\u00e9ho are\u00e1lu A7, aby zde na\u017eivo p\u0159ehr\u00e1la a pok\u0159tila albovou&hellip;\n","protected":false},"author":2,"featured_media":189436,"comment_status":"","ping_status":"","sticky":false,"template":"","format":"standard","meta":{"footnotes":"","_share_on_mastodon":"0"},"categories":[30],"tags":[8086,8087,8085,98,99,195],"class_list":["post-189435","post","type-post","status-publish","format-standard","has-post-thumbnail","category-praha","tag-cs","tag-dvd","tag-musicserver","tag-prague","tag-praha","tag-recenze"],"share_on_mastodon":{"url":"https:\/\/pubeurope.com\/@cz\/117147481618639258","error":""},"_links":{"self":[{"href":"https:\/\/www.europesays.com\/cz\/wp-json\/wp\/v2\/posts\/189435","targetHints":{"allow":["GET"]}}],"collection":[{"href":"https:\/\/www.europesays.com\/cz\/wp-json\/wp\/v2\/posts"}],"about":[{"href":"https:\/\/www.europesays.com\/cz\/wp-json\/wp\/v2\/types\/post"}],"author":[{"embeddable":true,"href":"https:\/\/www.europesays.com\/cz\/wp-json\/wp\/v2\/users\/2"}],"replies":[{"embeddable":true,"href":"https:\/\/www.europesays.com\/cz\/wp-json\/wp\/v2\/comments?post=189435"}],"version-history":[{"count":0,"href":"https:\/\/www.europesays.com\/cz\/wp-json\/wp\/v2\/posts\/189435\/revisions"}],"wp:featuredmedia":[{"embeddable":true,"href":"https:\/\/www.europesays.com\/cz\/wp-json\/wp\/v2\/media\/189436"}],"wp:attachment":[{"href":"https:\/\/www.europesays.com\/cz\/wp-json\/wp\/v2\/media?parent=189435"}],"wp:term":[{"taxonomy":"category","embeddable":true,"href":"https:\/\/www.europesays.com\/cz\/wp-json\/wp\/v2\/categories?post=189435"},{"taxonomy":"post_tag","embeddable":true,"href":"https:\/\/www.europesays.com\/cz\/wp-json\/wp\/v2\/tags?post=189435"}],"curies":[{"name":"wp","href":"https:\/\/api.w.org\/{rel}","templated":true}]}}