{"id":189599,"date":"2026-08-24T06:38:13","date_gmt":"2026-08-24T06:38:13","guid":{"rendered":"https:\/\/www.europesays.com\/cz\/189599\/"},"modified":"2026-08-24T06:38:13","modified_gmt":"2026-08-24T06:38:13","slug":"az-na-stan-vsem-opozicnim-stranam-ubyva-clenu-nejvic-jich-mizi-z-top-09","status":"publish","type":"post","link":"https:\/\/www.europesays.com\/cz\/189599\/","title":{"rendered":"A\u017e na STAN v\u0161em opozi\u010dn\u00edm stran\u00e1m ub\u00fdv\u00e1 \u010dlen\u016f, nejv\u00edc jich miz\u00ed z\u00a0TOP 09"},"content":{"rendered":"<p class=\"c_bB\">\u201eM\u00e1me 239\u00a0nov\u00fdch \u010dlen\u016f od sjezdu. To je v\u00edc ne\u017e za rok 2024\u00a0a\u00a02025\u00a0dohromady,\u201c ohl\u00e1sil nov\u00fd \u0161\u00e9f lidovc\u016f Jan Grolich, kdy\u017e bilancoval prvn\u00edch sto dn\u00ed p\u0159edsednictv\u00ed. Jihomoravsk\u00fd hejtman a\u00a0kandid\u00e1t do Sen\u00e1tu sl\u00edbil \u201etlustou \u010d\u00e1ru\u201c za minulost\u00ed strany a\u00a0v\u00fdraznou zm\u011bnu kursu.<\/p>\n<p class=\"c_bB\">P\u0159i \u0161ir\u0161\u00edm pohledu na bilanci tradi\u010dn\u011b po\u010detn\u00e9 strany ale \u010d\u00edsla u\u017e tak r\u016f\u017eov\u00e1 nejsou. P\u0159esto\u017ee se Grolichovi z\u0159ejm\u011b da\u0159\u00ed l\u00e1kat nov\u00e9 lidi, stran\u00edk\u016f ne\u00faprosn\u011b ub\u00fdv\u00e1. V\u00a0roce 2024\u00a0m\u011bli lidovci 18\u00a0763\u00a0\u010dlen\u016f, o\u00a0rok pozd\u011bji 18\u00a0058\u00a0a\u00a0aktu\u00e1ln\u011b jich je 17\u00a0443.<\/p>\n<p class=\"c_bB\">\u201eHlavn\u00edmi p\u0159\u00ed\u010dinami je p\u0159irozen\u00fd odchod ze strany z\u00a0d\u016fvodu st\u00e1\u0159\u00ed a\u00a0\u00famrt\u00ed. V\u00fdjime\u010dn\u011bj\u0161\u00ed jsou d\u016fvody ukon\u010den\u00ed z\u00a0d\u016fvodu neplacen\u00ed \u010dlensk\u00fdch p\u0159\u00edsp\u011bvk\u016f nebo dobrovoln\u00fd odchod \u010dlen\u016f,\u201c popsala mluv\u010d\u00ed lidovc\u016f Iva Petrusov\u00e1. \u017de lidovci v\u00a0podstat\u011b vym\u00edraj\u00ed, uvedl tak\u00e9 politolog Cabada.<\/p>\n<p><a data-dot=\"atm-link\" target=\"_self\" href=\"https:\/\/www.novinky.cz\/clanek\/domaci-grolich-ma-vyhodu-ze-ostatni-opozicni-lidri-jsou-nuly-rika-exposlanec-ano-komarek-40576118\" class=\"c_N\" rel=\"nofollow noopener\"><img fetchpriority=\"high\" height=\"1080\" width=\"1920\" src=\"https:\/\/www.europesays.com\/cz\/wp-content\/uploads\/2026\/08\/politicka-sezona.png\" loading=\"eager\" decoding=\"sync\" class=\"c_t c_r\"\/><\/a><\/p>\n<p class=\"c_bB\">V pom\u011bru k\u00a0celkov\u00e9mu po\u010dtu stran\u00edk\u016f si nejh\u016f\u0159e vede TOP 09.\u00a0Od roku 2024\u00a0p\u0159i\u0161la o\u00a0354\u00a0z\u00a02091\u00a0\u010dlen\u016f\u00a0\u2013 to znamen\u00e1 pokles o\u00a0sedmn\u00e1ct procent. Podle mluv\u010d\u00edho Jakuba Tomka je za t\u00edm kombinace odchod\u016f, \u00famrt\u00ed a\u00a0nez\u00e1jmu nov\u00fdch lid\u00ed.<\/p>\n<p class=\"c_bB\">Partaj podle Tomka letos c\u00edl\u00ed sp\u00ed\u0161 na zapojen\u00ed nov\u00fdch lid\u00ed do politiky ne\u017e jejich registraci do strany. \u201eP\u0159ihl\u00e1sily se vy\u0161\u0161\u00ed des\u00edtky lid\u00ed se z\u00e1jmem o\u00a0kandidaturu i\u00a0\u010dlenstv\u00ed ve stran\u011b a\u00a0\u0159ada z\u00a0nich se zapojila do p\u0159\u00edpravy komun\u00e1ln\u00edch voleb nebo pos\u00edlila kandid\u00e1tky,\u201c popsal pro Novinky.<\/p>\n<p class=\"c_bB\">Jak \u0159ekl Cabada, TOP 09\u00a0se \u201ev podstat\u011b rozpou\u0161t\u00ed\u201c. \u201eNen\u00ed to atraktivn\u00ed zna\u010dka, do kter\u00e9 by m\u00ed\u0159ili lid\u00e9, kte\u0159\u00ed cht\u011bj\u00ed b\u00fdt politicky aktivn\u00ed\u00a0\u2013 to sp\u00ed\u0161 p\u016fjdou do STAN nebo do Na\u0161eho \u010ceska,\u201c \u0159ekl Novink\u00e1m.<\/p>\n<p>ODS a\u00a0Pir\u00e1ti c\u00edl\u00ed m\u00edsto \u010dlen\u016f na podporovatele<\/p>\n<p class=\"c_bB\">Tak\u00e9 ob\u010dan\u0161t\u00ed demokrat\u00e9 se pot\u00fdkaj\u00ed s\u00a0\u00fabytkem \u010dlen\u016f. Mezi lety 2024\u00a0a\u00a02025\u00a0p\u0159i\u0161li o\u00a0t\u0159i stovky z\u00a011\u00a0tis\u00edc. Aktu\u00e1ln\u011b m\u00e1 ODS 10\u00a0606\u00a0stran\u00edk\u016f, v\u010detn\u011b p\u011bti set nov\u00fdch, kte\u0159\u00ed se p\u0159ipojili v\u00a0leto\u0161n\u00edm roce.<\/p>\n<p class=\"c_bB\">Stejn\u011b jako lidovci, m\u00e1 i\u00a0ODS za sebou ned\u00e1vnou zm\u011bnu p\u0159edsedy. \u201eHned po sv\u00e9m zvolen\u00ed spustil p\u0159edseda Martin Kupka projekt n\u00e1boru podporovatel\u016f, za tu dobu se k\u00a0n\u00e1m p\u0159ipojilo okolo dvou tis\u00edc podporovatel\u016f,\u201c popsala mluv\u010d\u00ed Mariana Wernerov\u00e1 aktu\u00e1ln\u00ed iniciativu strany.<\/p>\n<p class=\"c_bB\">\u201eODS proch\u00e1z\u00ed podobn\u00fdm procesem jako p\u0159ed p\u00e1r lety \u010cSSD. Hled\u00e1 tv\u00e1\u0159. \u010c\u00e1st by se cht\u011bla vracet do 90.\u00a0let a\u00a0\u010d\u00e1st by cht\u011bla modernizovat, ale nar\u00e1\u017e\u00ed pr\u00e1v\u011b na star\u00e9 struktury,\u201c vysv\u011btlil Cabada, co m\u016f\u017ee b\u00fdt za poklesem.<\/p>\n<p class=\"c_bB\">Nejl\u00e9pe si na opozici naopak stoj\u00ed hnut\u00ed STAN, kter\u00e9 si ve srovn\u00e1n\u00ed s\u00a0rokem 2024\u00a0polep\u0161ilo z\u00a02100\u00a0na 2330\u00a0\u010dlen\u016f. \u201eZnateln\u00fd n\u00e1r\u016fst nov\u00fdch z\u00e1jemc\u016f zaznamenalo na\u0161e hnut\u00ed po posledn\u00edch parlamentn\u00edch volb\u00e1ch. Masivn\u00ed n\u00e1borovou kampa\u0148 proto chystat nemus\u00edme,\u201c p\u0159ibl\u00ed\u017eila mluv\u010d\u00ed S\u00e1ra Ber\u00e1nkov\u00e1.<\/p>\n<p class=\"c_bB\">Z exodu, kter\u00fd nastal loni mimo jin\u00e9 po zvolen\u00ed Zde\u0148ka H\u0159iba p\u0159edsedou, se z\u0159ejm\u011b letos oklepali Pir\u00e1ti. S\u00a0aktu\u00e1ln\u00edmi 1154\u00a0\u010dleny se vr\u00e1tili k\u00a0po\u010dt\u016fm z\u00a0d\u0159\u00edv\u011bj\u0161\u00edch let. Z\u00e1rove\u0148 si strana zakl\u00e1d\u00e1 i\u00a0na zapojen\u00ed registrovan\u00fdch p\u0159\u00edznivc\u016f, kter\u00fdch je aktu\u00e1ln\u011b 1681.<\/p>\n<p class=\"c_bB\">Starostov\u00e9 podle Cabady spr\u00e1vn\u011b s\u00e1z\u00ed na liber\u00e1ln\u00ed proevropskou politiku, kter\u00e1 je v\u00a0opozici v\u016f\u010di vl\u00e1d\u011b. Tak\u00e9 se jim da\u0159\u00ed z\u00edsk\u00e1vat lidi z\u00a0region\u016f.<\/p>\n<p class=\"c_bB\">Jak politolog upozornil, pro Pir\u00e1ty je naopak omezen\u00fd po\u010det \u010dlen\u016f typick\u00fd. \u201eMaj\u00ed \u00fazk\u00e9 j\u00e1dro \u010dlen\u016f a\u00a0pak obal sympatizant\u016f, pro kter\u00e9 je \u010dlenstv\u00ed ve stran\u011b a\u017e p\u0159\u00edli\u0161 institucionalizovan\u00e9,\u201c m\u00edn\u00ed Cabada.<\/p>\n<p class=\"c_bB\">V posledn\u00edch letech se rozr\u016fst\u00e1 tak\u00e9 hnut\u00ed ANO, kter\u00e9 m\u00e1 aktu\u00e1ln\u011b 3087\u00a0\u010dlen\u016f. Za dynamicky se rozv\u00edjej\u00edc\u00ed partaj platilo tak\u00e9 hnut\u00ed SPD, kter\u00e9 podle serveru <a data-dot=\"atm-link\" target=\"_blank\" rel=\"noopener nofollow\" href=\"https:\/\/www.idnes.cz\/volby\/hnuti-spd-ve-volbach-2025-volebni-program-co-slibuji-a-kdo-kandiduje.A250814_163111_volby_wall\" class=\"c_N\">iDnes<\/a> m\u011blo loni 11\u00a0tis\u00edc \u010dlen\u016f. Motorist\u00e9 v\u00a0roce 2024\u00a0m\u011bli 1415\u00a0stran\u00edk\u016f, aktu\u00e1ln\u00ed \u00fadaje nedodali.<\/p>\n<p><a data-dot=\"atm-link\" target=\"_self\" href=\"https:\/\/www.novinky.cz\/clanek\/domaci-exkluzivni-pruzkum-nejsou-videt-a-nerozumime-jim-cesi-popsali-opozici-ve-snemovne-40591617\" class=\"c_N\" rel=\"nofollow noopener\"><img height=\"720\" width=\"1280\" src=\"https:\/\/www.europesays.com\/cz\/wp-content\/uploads\/2026\/08\/1787553493_535_graf.jpeg\" loading=\"eager\" decoding=\"sync\" class=\"c_t c_r\"\/><\/a><\/p>\n","protected":false},"excerpt":{"rendered":"\u201eM\u00e1me 239\u00a0nov\u00fdch \u010dlen\u016f od sjezdu. To je v\u00edc ne\u017e za rok 2024\u00a0a\u00a02025\u00a0dohromady,\u201c ohl\u00e1sil nov\u00fd \u0161\u00e9f lidovc\u016f Jan Grolich,&hellip;\n","protected":false},"author":2,"featured_media":189600,"comment_status":"","ping_status":"","sticky":false,"template":"","format":"standard","meta":{"footnotes":"","_share_on_mastodon":"0"},"categories":[10],"tags":[1980,171,17,21,963,16,2973,1193,3259,1066,18,19,22,20],"class_list":["post-189599","post","type-post","status-publish","format-standard","has-post-thumbnail","category-zpravy","tag-ceska-piratska-strana-pirati","tag-clenstvi","tag-headlines","tag-hlavni-udalosti","tag-kdu-csl","tag-news","tag-obcanska-demokraticka-strana-ods","tag-opozice","tag-starostove-a-nezavisli-stan","tag-top-09","tag-top-news","tag-top-stories","tag-udalosti-dne","tag-zpravy"],"share_on_mastodon":{"url":"https:\/\/pubeurope.com\/@cz\/117149113211347944","error":""},"_links":{"self":[{"href":"https:\/\/www.europesays.com\/cz\/wp-json\/wp\/v2\/posts\/189599","targetHints":{"allow":["GET"]}}],"collection":[{"href":"https:\/\/www.europesays.com\/cz\/wp-json\/wp\/v2\/posts"}],"about":[{"href":"https:\/\/www.europesays.com\/cz\/wp-json\/wp\/v2\/types\/post"}],"author":[{"embeddable":true,"href":"https:\/\/www.europesays.com\/cz\/wp-json\/wp\/v2\/users\/2"}],"replies":[{"embeddable":true,"href":"https:\/\/www.europesays.com\/cz\/wp-json\/wp\/v2\/comments?post=189599"}],"version-history":[{"count":0,"href":"https:\/\/www.europesays.com\/cz\/wp-json\/wp\/v2\/posts\/189599\/revisions"}],"wp:featuredmedia":[{"embeddable":true,"href":"https:\/\/www.europesays.com\/cz\/wp-json\/wp\/v2\/media\/189600"}],"wp:attachment":[{"href":"https:\/\/www.europesays.com\/cz\/wp-json\/wp\/v2\/media?parent=189599"}],"wp:term":[{"taxonomy":"category","embeddable":true,"href":"https:\/\/www.europesays.com\/cz\/wp-json\/wp\/v2\/categories?post=189599"},{"taxonomy":"post_tag","embeddable":true,"href":"https:\/\/www.europesays.com\/cz\/wp-json\/wp\/v2\/tags?post=189599"}],"curies":[{"name":"wp","href":"https:\/\/api.w.org\/{rel}","templated":true}]}}