{"id":189741,"date":"2026-08-24T08:42:13","date_gmt":"2026-08-24T08:42:13","guid":{"rendered":"https:\/\/www.europesays.com\/cz\/189741\/"},"modified":"2026-08-24T08:42:13","modified_gmt":"2026-08-24T08:42:13","slug":"janosek-v-sigme-ozil-k-porazce-pardubic-prispel-tremi-body-bude-to-tezsi-a-tezsi-idnes-cz","status":"publish","type":"post","link":"https:\/\/www.europesays.com\/cz\/189741\/","title":{"rendered":"Jano\u0161ek v Sigm\u011b o\u017eil, k por\u00e1\u017ece Pardubic p\u0159isp\u011bl t\u0159emi body: Bude to t\u011b\u017e\u0161\u00ed a t\u011b\u017e\u0161\u00ed &#8211; iDNES.cz"},"content":{"rendered":"<p><a href=\"https:\/\/news.google.com\/rss\/articles\/CBMiuAFBVV95cUxNVmRiVURhUm9nVm95Tm9tbjJYYTBlXzRGZTJrN0tGUEpqZ3VEaldMaXFpaUtYeVF4Q19oWGVOdDE0emxyc3RjTlNJSnB1cTFEUzEzMi16MjEtRk5uTEVDbnZDZXRXZTdBUl9NeGU5UHA4ZTJDanJNMjdNYmxna0FOYkZfSmtXWTlJR2s0dzdEN1ZBYk1adUZ4UE5VUW5GSVp1Z1pxbm9ZSUVGMXJyQkxpdmN2NGxsZVNV?oc=5\" target=\"_blank\" rel=\"nofollow noopener\">Jano\u0161ek v Sigm\u011b o\u017eil, k por\u00e1\u017ece Pardubic p\u0159isp\u011bl t\u0159emi body: Bude to t\u011b\u017e\u0161\u00ed a t\u011b\u017e\u0161\u00ed<\/a>&nbsp;&nbsp;iDNES.cz<a href=\"https:\/\/news.google.com\/rss\/articles\/CBMizAFBVV95cUxNaDlsNzFfTWV0N2dQbXN5YTRiZTQ1dTU4aFdvMlBVbGQybXpQM21JNjVaQ3FubFZGc2E2NU5HSlZlX01xZGJyU01hdFpHVlBfSHBHUzRneUt6U2xaaWo5Z0t4dVVBemRfb3Y2MjdfWVpXN3VFME5KLVVaOVlqaUdRZl84QUJvTVBfcTFiM1NOVU9YcjFjeDZYOVRuNi1MY2lOWEJRWnNLR3VVaFh1a1BNcXRjenRwckxJakdoNmxpeHFqYVZTQk1ibmZqRUs?oc=5\" target=\"_blank\" rel=\"nofollow noopener\">Olomouc si koledovala o pr\u016f\u0161vih. G\u00f3ly z ofsajd\u016f ale platit nemohou, \u0159\u00edk\u00e1 Hapal<\/a>&nbsp;&nbsp;Sport.cz<a href=\"https:\/\/news.google.com\/rss\/articles\/CBMi5gFBVV95cUxOaG82cC1CbVhaQ0Zka3BYaUlYQi1zN2F1NDJHemxLYnVaVi01cGI0V3hMRzZ6QjJrU0VhOWl0RUVNQkprMkp3QjE4Vy1xakNkLVVOaUNwQVdoUXN4OVcyRmpOZ2Eycmw5bkJNdUJmTG5jN2FHa2lwb29qUXVCbk4yT1huUzROYTZ6VlVfYmhpMlJveWYwcGRqc3RWT1hmZGpYdkJKT3ozOTJIdUlHRGhENEx1NVY1RDhad1ppSjBGRnRkWDRneDBHV0g1MUhMZmRUR2JYNVoyTnJNSlZFTThlcTFfbkI3QQ?oc=5\" target=\"_blank\" rel=\"nofollow noopener\">Sigma vyu\u010dovala a st\u00e1le chce posilu. Pardubice? F\u00e1my o Hysk\u00e9m (zat\u00edm) mimo, \u0159e\u0161\u00ed se bek Ban\u00edku<\/a>&nbsp;&nbsp;iSport.cz<a href=\"https:\/\/news.google.com\/rss\/articles\/CBMitAFBVV95cUxPZmpDSl85NDVlcmpfNFlMZTF5WnJ0MHZqOWM0UW9YU2c2SFd1V3Q5NFNLUUdwaHpMVUxHcVBtS0hTMGxsYzhnMmFuVWV1LW1hNU9oT3VfQ0JQNms5eWR5a3hWaFZuUUdCM0R5S3FJbU1hV3FQMDJSSHIwUFN3UU1RZEd3SHRoZkZBcU81NHgzSS1iVnlPVEttWnl4ZUZ3UVJWdXN2Ymc3TG9zUkJCSEF3ZXNJb0I?oc=5\" target=\"_blank\" rel=\"nofollow noopener\">Olomouc &#8211; Pardubice 3:1, z\u00e1\u0159il Jano\u0161ek, host\u00e9 kon\u010dili v deseti a na v\u00fdhru d\u00e1l \u010dekaj\u00ed<\/a>&nbsp;&nbsp;iDNES.cz<a href=\"https:\/\/news.google.com\/rss\/articles\/CBMiuAFBVV95cUxONkNQX0dGY1RXcHZnc3BxYld2eERMbC1hSXRxaG02S193VVJCdXk5cV9RWnVadjhiM1dtR1R0TTBIYU9kSGVHMi1qLWU1LXlCSmRpVmhFOXI1NUFKZXlyM0w5Z3VmTnA2cU54TU9sUThGaE9xMmNLZE1SLXlQZHVxTjAtOUZVbXRuNG1lall2cld0cTBjZFo1QzlUaTBwVVI5Z0gtNnpsSW1zazhiTmhDdXRzc09qUS00?oc=5\" target=\"_blank\" rel=\"nofollow noopener\">Choreo pro Uli\u010dn\u00e9ho. Sigma vyhr\u00e1la pot\u0159et\u00ed v \u0159ad\u011b, op\u011bt bez \u010dist\u00e9ho konta<\/a>&nbsp;&nbsp;Olomouck\u00fd den\u00edk<\/p>\n","protected":false},"excerpt":{"rendered":"Jano\u0161ek v Sigm\u011b o\u017eil, k por\u00e1\u017ece Pardubic p\u0159isp\u011bl t\u0159emi body: Bude to t\u011b\u017e\u0161\u00ed a t\u011b\u017e\u0161\u00ed&nbsp;&nbsp;iDNES.czOlomouc si koledovala o&hellip;\n","protected":false},"author":2,"featured_media":189742,"comment_status":"","ping_status":"","sticky":false,"template":"","format":"standard","meta":{"footnotes":"","_share_on_mastodon":"0"},"categories":[15],"tags":[972,395,19331,2844,94,93],"class_list":["post-189741","post","type-post","status-publish","format-standard","has-post-thumbnail","category-sport","tag-banik-ostrava","tag-olomoucky-kraj","tag-pavel-hapal","tag-sigma-olomouc","tag-sport","tag-sports"],"share_on_mastodon":{"url":"https:\/\/pubeurope.com\/@cz\/117149600560981073","error":""},"_links":{"self":[{"href":"https:\/\/www.europesays.com\/cz\/wp-json\/wp\/v2\/posts\/189741","targetHints":{"allow":["GET"]}}],"collection":[{"href":"https:\/\/www.europesays.com\/cz\/wp-json\/wp\/v2\/posts"}],"about":[{"href":"https:\/\/www.europesays.com\/cz\/wp-json\/wp\/v2\/types\/post"}],"author":[{"embeddable":true,"href":"https:\/\/www.europesays.com\/cz\/wp-json\/wp\/v2\/users\/2"}],"replies":[{"embeddable":true,"href":"https:\/\/www.europesays.com\/cz\/wp-json\/wp\/v2\/comments?post=189741"}],"version-history":[{"count":0,"href":"https:\/\/www.europesays.com\/cz\/wp-json\/wp\/v2\/posts\/189741\/revisions"}],"wp:featuredmedia":[{"embeddable":true,"href":"https:\/\/www.europesays.com\/cz\/wp-json\/wp\/v2\/media\/189742"}],"wp:attachment":[{"href":"https:\/\/www.europesays.com\/cz\/wp-json\/wp\/v2\/media?parent=189741"}],"wp:term":[{"taxonomy":"category","embeddable":true,"href":"https:\/\/www.europesays.com\/cz\/wp-json\/wp\/v2\/categories?post=189741"},{"taxonomy":"post_tag","embeddable":true,"href":"https:\/\/www.europesays.com\/cz\/wp-json\/wp\/v2\/tags?post=189741"}],"curies":[{"name":"wp","href":"https:\/\/api.w.org\/{rel}","templated":true}]}}