{"id":189925,"date":"2026-08-24T11:07:27","date_gmt":"2026-08-24T11:07:27","guid":{"rendered":"https:\/\/www.europesays.com\/cz\/189925\/"},"modified":"2026-08-24T11:07:27","modified_gmt":"2026-08-24T11:07:27","slug":"cesti-darci-pomohli-charite-vybudovat-novou-skolu-pro-deti-na-indickem-venkove-cirkev-cz","status":"publish","type":"post","link":"https:\/\/www.europesays.com\/cz\/189925\/","title":{"rendered":"\u010ce\u0161t\u00ed d\u00e1rci pomohli Charit\u011b vybudovat novou \u0161kolu pro d\u011bti na indick\u00e9m venkov\u011b &#8211; C\u00edrkev.cz"},"content":{"rendered":"<p class=\"article-detail-content__perex\">Ve vesnici Marianagar v\u00a0indick\u00e9m st\u00e1t\u011b Karn\u00e1taka byla \u00fasp\u011b\u0161n\u011b dokon\u010dena v\u00fdstavba nov\u00e9 budovy \u0161koly Divya Jyothi. Projekt, kter\u00fd podpo\u0159ila Arcidiec\u00e9zn\u00ed charita Praha spole\u010dn\u011b s\u00a0\u010desk\u00fdmi d\u00e1rci, v\u00fdrazn\u011b zlep\u0161uje podm\u00ednky pro vzd\u011bl\u00e1v\u00e1n\u00ed stovek d\u011bt\u00ed ze soci\u00e1ln\u011b a\u00a0ekonomicky znev\u00fdhodn\u011bn\u00e9ho venkovsk\u00e9ho regionu.<\/p>\n<p>\t\t\t\t\t\t                                \t\t\t\t\t\t                                <a class=\"fancybox-fix\" href=\"https:\/\/www.cirkev.cz\/public\/media\/files\/92\/source\/orig\/91004_skola-indie-4.png\" data-fancybox=\"galerie\" data-caption=\" (zdroj: Arcidiec\u00e9zn\u00ed charita Praha)\" rel=\"nofollow noopener\" target=\"_blank\"><\/p>\n<p>                    <img decoding=\"async\" src=\"https:\/\/www.europesays.com\/cz\/wp-content\/uploads\/2026\/08\/91004_skola-indie-4.png\" title=\"92\/source\/orig\/91004_skola-indie-4.png\" alt=\"image:Image 92\/source\/orig\/91004_skola-indie-4.png\" class=\"lazy\"\/><\/p>\n<p>\t\t\t\t\t\t                                                    <img decoding=\"async\" src=\"https:\/\/www.cirkev.cz\/public\/assets\/img\/cp\/gallery.svg\" alt=\"Otev\u0159\u00edt galerii\"\/><br \/>\n\t\t\t\t\t\t                                                    Fotogalerie<\/p>\n<p>2<\/p>\n<p>                                <\/a><\/p>\n<p>zdroj: Arcidiec\u00e9zn\u00ed charita Praha<\/p>\n<p>                                    <a href=\"https:\/\/www.cirkev.cz\/public\/media\/files\/92\/source\/orig\/91003_skola-indie-3.png\" data-fancybox=\"galerie\" data-caption=\" (zdroj: Arcidiec\u00e9zn\u00ed charita Praha)\" rel=\"nofollow noopener\" target=\"_blank\"><\/p>\n<p>                    <img decoding=\"async\" src=\"https:\/\/www.europesays.com\/cz\/wp-content\/uploads\/2026\/08\/91003_skola-indie-3.png\" title=\"92\/source\/orig\/91003_skola-indie-3.png\" alt=\"image:Image 92\/source\/orig\/91003_skola-indie-3.png\" class=\"lazy\"\/><br \/>\n                <\/a>                                <\/p>\n<p>\u0160kola Divya Jyothi p\u016fsob\u00ed v\u00a0Marianagaru ji\u017e od roku 1979 a dnes ji nav\u0161t\u011bvuje v\u00edce ne\u017e 400 \u017e\u00e1k\u016f od mate\u0159sk\u00e9 \u0161koly a\u017e po 10. t\u0159\u00eddu ni\u017e\u0161\u00ed st\u0159edn\u00ed \u0161koly. Obec vznikla po p\u0159es\u00eddlen\u00ed rodin z\u00a0\u00fazem\u00ed zatopen\u00e9ho p\u0159i v\u00fdstavb\u011b p\u0159ehrady a\u00a0m\u00edstn\u00ed obyvatel\u00e9 se pot\u00fdkaj\u00ed s\u00a0chudobou, omezen\u00fdmi pracovn\u00edmi p\u0159\u00edle\u017eitostmi i\u00a0nedostate\u010dnou infrastrukturou. Vzd\u011bl\u00e1n\u00ed zde proto p\u0159edstavuje jednu z\u00a0nejd\u016fle\u017eit\u011bj\u0161\u00edch p\u0159\u00edle\u017eitost\u00ed, jak mohou d\u011bti zm\u011bnit k\u00a0lep\u0161\u00edmu svou budoucnost.<\/p>\n<p>P\u0159esto\u017ee \u0161kola Divya Jyothi po desetilet\u00ed pom\u00e1hala d\u011btem z\u00a0chud\u00fdch rodin z\u00edskat vzd\u011bl\u00e1n\u00ed, jej\u00ed z\u00e1zem\u00ed postupn\u011b p\u0159estalo sta\u010dit. \u201ePo mnoho let jsme sledovali, jak po\u010det \u017e\u00e1k\u016f roste, ale prostory \u0161koly z\u016fst\u00e1vaj\u00ed stejn\u00e9. T\u0159\u00eddy byly p\u0159epln\u011bn\u00e9 a\u00a0chyb\u011blo n\u00e1m z\u00e1zem\u00ed pro v\u00fduku p\u0159\u00edrodn\u00edch v\u011bd i\u00a0informatiky. Dokon\u010den\u00ed nov\u00e9 budovy pro n\u00e1s nen\u00ed jen stavebn\u00ed projekt. Je to spln\u011bn\u00ed dlouholet\u00e9ho snu cel\u00e9 \u0161koln\u00ed komunity,\u201c \u0159\u00edk\u00e1 P. R. Shantharaj, \u0159editel m\u00edstn\u00ed partnersk\u00e9 organizace.<\/p>\n<p>Nov\u00e9 u\u010debny, laborato\u0159e i\u00a0z\u00e1zem\u00ed<\/p>\n<p>D\u00edky podpo\u0159e Arcidiec\u00e9zn\u00ed charity Praha mohla m\u00edstn\u00ed partnersk\u00e1 organizace projekt zah\u00e1jit a\u00a0\u00fasp\u011b\u0161n\u011b dokon\u010dit. \u0160kola byla roz\u0161\u00ed\u0159ena o\u00a0druh\u00e9 podla\u017e\u00ed, kter\u00e9 zahrnuje \u0161est nov\u00fdch u\u010deben, v\u00edce\u00fa\u010delov\u00fd s\u00e1l s\u00a0p\u00f3diem, po\u010d\u00edta\u010dovou a\u00a0p\u0159\u00edrodov\u011bdnou laborato\u0159, kancel\u00e1\u0159e pro veden\u00ed \u0161koly a\u00a0u\u010ditele i\u00a0hygienick\u00e9 z\u00e1zem\u00ed.<\/p>\n<p>Sou\u010d\u00e1st\u00ed projektu byla tak\u00e9 instalace syst\u00e9mu po\u017e\u00e1rn\u00ed ochrany, stropn\u00edch ventil\u00e1tor\u016f, zaji\u0161t\u011bn\u00ed dostate\u010dn\u00fdch z\u00e1sob vody prost\u0159ednictv\u00edm dvou tis\u00edcilitrov\u00fdch n\u00e1dr\u017e\u00ed a\u00a0po\u0159\u00edzen\u00ed ozvu\u010dovac\u00ed techniky i\u00a0vybaven\u00ed u\u010deben \u0161koln\u00edmi tabulemi.<\/p>\n<p>Stavba navzdory mnoha p\u0159ek\u00e1\u017ek\u00e1m<\/p>\n<p>Realizace projektu nebyla jednoduch\u00e1. Stavebn\u00ed pr\u00e1ce komplikovala \u0161patn\u00e1 dopravn\u00ed dostupnost staveni\u0161t\u011b, obdob\u00ed intenzivn\u00edch de\u0161\u0165\u016f, \u010dast\u00e9 v\u00fdpadky elektrick\u00e9 energie a\u00a0nepravideln\u00e9 dod\u00e1vky vody. V\u00fdzvou byl tak\u00e9 r\u016fst cen stavebn\u00edch materi\u00e1l\u016f a\u00a0jejich doprava ze vzd\u00e1len\u00fdch m\u00edst.<\/p>\n<p>Slavnostn\u00ed otev\u0159en\u00ed nov\u00e9 budovy prob\u011bhlo za \u00fa\u010dasti biskupa diec\u00e9ze Chikmagalur Mons. Anthony Swamyho. Nov\u00e9 prostory ji\u017e pln\u011b slou\u017e\u00ed k\u00a0v\u00fduce student\u016f. Mezi n\u011b pat\u0159\u00ed i\u00a0d\u011bti zapojen\u00e9 do programu Adopce na d\u00e1lku\u00ae, kter\u00fd zaji\u0161\u0165uje pot\u0159ebn\u00fdm p\u0159\u00edstup ke vzd\u011bl\u00e1n\u00ed.<\/p>\n<p>\u0160kola dostala nov\u00e9 jm\u00e9no<\/p>\n<p>\u0160kola nyn\u00ed nese nov\u00fd n\u00e1zev Divya Jyothi Caritas Prague English Medium School, kter\u00fd p\u0159ipom\u00edn\u00e1 podporu Arcidiec\u00e9zn\u00ed charity Praha a\u00a0\u010desk\u00fdch d\u00e1rc\u016f. \u201eTato \u0161kola bude slou\u017eit d\u011btem z\u00a0Marianagaru a okoln\u00edch vesnic po mnoho dal\u0161\u00edch dek\u00e1d. Nov\u00e1 budova n\u00e1m d\u00e1v\u00e1 mo\u017enost rozv\u00edjet kvalitu v\u00fduky, p\u0159ij\u00edmat dal\u0161\u00ed \u017e\u00e1ky a\u00a0nab\u00eddnout jim podm\u00ednky, kter\u00e9 si zaslou\u017e\u00ed. Jsme vd\u011b\u010dn\u00ed v\u0161em, kte\u0159\u00ed pomohli prom\u011bnit tento z\u00e1m\u011br ve skute\u010dnost,\u201c dod\u00e1v\u00e1 P. R. Shantharaj.<\/p>\n<p>zdroj: Arcidiec\u00e9zn\u00ed charita Praha<\/p>\n","protected":false},"excerpt":{"rendered":"Ve vesnici Marianagar v\u00a0indick\u00e9m st\u00e1t\u011b Karn\u00e1taka byla \u00fasp\u011b\u0161n\u011b dokon\u010dena v\u00fdstavba nov\u00e9 budovy \u0161koly Divya Jyothi. Projekt, kter\u00fd podpo\u0159ila&hellip;\n","protected":false},"author":2,"featured_media":189926,"comment_status":"","ping_status":"","sticky":false,"template":"","format":"standard","meta":{"footnotes":"","_share_on_mastodon":"0"},"categories":[30],"tags":[44294,1937,1936,1924,1926,1935,1931,1933,1930,1929,98,99,1934,1928,1927,1925,1932],"class_list":["post-189925","post","type-post","status-publish","format-standard","has-post-thumbnail","category-praha","tag-cesti-darci-pomohli-charite-vybudovat-novou-skolu-pro-deti-na-indickem-venkove","tag-charitativni-cinnost","tag-cirkev","tag-cirkevni-zpravodajstvi","tag-dieceze","tag-katolicka-cirkev","tag-katolicka-media","tag-krestanska-literatura","tag-krestanska-media","tag-papez","tag-prague","tag-praha","tag-recenze-krestanske-literatury","tag-vatikan","tag-vatikanske-zpravodajstvi","tag-zpravodajstvi-z-diecezi","tag-zpravy-cbk"],"share_on_mastodon":{"url":"https:\/\/pubeurope.com\/@cz\/117150170951566531","error":""},"_links":{"self":[{"href":"https:\/\/www.europesays.com\/cz\/wp-json\/wp\/v2\/posts\/189925","targetHints":{"allow":["GET"]}}],"collection":[{"href":"https:\/\/www.europesays.com\/cz\/wp-json\/wp\/v2\/posts"}],"about":[{"href":"https:\/\/www.europesays.com\/cz\/wp-json\/wp\/v2\/types\/post"}],"author":[{"embeddable":true,"href":"https:\/\/www.europesays.com\/cz\/wp-json\/wp\/v2\/users\/2"}],"replies":[{"embeddable":true,"href":"https:\/\/www.europesays.com\/cz\/wp-json\/wp\/v2\/comments?post=189925"}],"version-history":[{"count":0,"href":"https:\/\/www.europesays.com\/cz\/wp-json\/wp\/v2\/posts\/189925\/revisions"}],"wp:featuredmedia":[{"embeddable":true,"href":"https:\/\/www.europesays.com\/cz\/wp-json\/wp\/v2\/media\/189926"}],"wp:attachment":[{"href":"https:\/\/www.europesays.com\/cz\/wp-json\/wp\/v2\/media?parent=189925"}],"wp:term":[{"taxonomy":"category","embeddable":true,"href":"https:\/\/www.europesays.com\/cz\/wp-json\/wp\/v2\/categories?post=189925"},{"taxonomy":"post_tag","embeddable":true,"href":"https:\/\/www.europesays.com\/cz\/wp-json\/wp\/v2\/tags?post=189925"}],"curies":[{"name":"wp","href":"https:\/\/api.w.org\/{rel}","templated":true}]}}