{"id":19057,"date":"2026-03-09T15:38:09","date_gmt":"2026-03-09T15:38:09","guid":{"rendered":"https:\/\/www.europesays.com\/cz\/19057\/"},"modified":"2026-03-09T15:38:09","modified_gmt":"2026-03-09T15:38:09","slug":"kultura-neni-luxus-studenti-budou-demonstrovat-proti-klempirovi","status":"publish","type":"post","link":"https:\/\/www.europesays.com\/cz\/19057\/","title":{"rendered":"Kultura nen\u00ed luxus. Studenti budou demonstrovat proti Klemp\u00ed\u0159ovi"},"content":{"rendered":"<p class=\"e_bK\">Demonstranti se sejdou na pra\u017esk\u00e9m Malostransk\u00e9m n\u00e1m\u011bst\u00ed p\u0159ed jedn\u00e1n\u00edm poslanc\u016f o\u00a0z\u00e1v\u011bre\u010dn\u00e9m t\u0159et\u00edm \u010dten\u00ed n\u00e1vrhu st\u00e1tn\u00edho rozpo\u010dtu pro leto\u0161n\u00ed rok. Akci nazvanou Stoj\u00edme za kulturou! <a data-dot=\"atm-link\" target=\"_blank\" rel=\"noopener nofollow\" href=\"https:\/\/www.facebook.com\/events\/34327489600231550\/\" class=\"e_m\">svolali<\/a> studenti um\u011bleck\u00fdch vysok\u00fdch \u0161kol. \u017d\u00e1daj\u00ed, aby st\u00e1tn\u00ed rozpo\u010det nepop\u00edral programov\u00e9 priority vl\u00e1dy Andreje Babi\u0161e z\u00a0hnut\u00ed ANO a\u00a0aby neohrozil stabilitu kulturn\u00edho sektoru.<\/p>\n<p class=\"e_bK\">N\u00e1vrh st\u00e1tn\u00edho rozpo\u010dtu po\u010d\u00edt\u00e1 u\u00a0Ministerstva kultury s\u00a0v\u00fddaji 17,6\u00a0miliardy korun, co\u017e je zhruba o\u00a01,17\u00a0miliardy m\u00e9n\u011b oproti n\u00e1vrhu minul\u00e9 vl\u00e1dy ze z\u00e1\u0159\u00ed 2025.\u00a0Rozd\u00edl proti schv\u00e1len\u00e9mu lo\u0148sk\u00e9mu rozpo\u010dtu resortu, kter\u00fd je\u0161t\u011b m\u011bl k\u00a0dispozici zdroje z\u00a0N\u00e1rodn\u00edho pl\u00e1nu obnovy, \u010din\u00ed okolo 3,9\u00a0miliardy korun.<\/p>\n<p class=\"e_bK\">Organiz\u00e1tor\u016fm protestu vad\u00ed zejm\u00e9na sn\u00ed\u017een\u00ed pen\u011bz na \u017eiv\u00e9 um\u011bn\u00ed nap\u0159\u00ed\u010d obory, tedy nap\u0159\u00edklad na divadla \u010di koncerty. Podle d\u0159\u00edv\u011bj\u0161\u00edch propo\u010dt\u016f profesn\u00edch organizac\u00ed se meziro\u010dn\u00ed pokles p\u0159ibl\u00ed\u017e\u00ed 30\u00a0procent\u016fm, celkem asi 336,8\u00a0milionu korun.<\/p>\n<p class=\"e_bK\">\u201eKultura nen\u00ed luxus ani nadstavba, to je zastaral\u00e1 dikce p\u0159edrevolu\u010dn\u00edch let nebo let devades\u00e1t\u00fdch. Kultura je ve\u0159ejnou slu\u017ebou a\u00a0d\u016fle\u017eitou sou\u010d\u00e1st\u00ed demokratick\u00e9 spole\u010dnosti. Investice do kultury sm\u011b\u0159uj\u00ed p\u0159edev\u0161\u00edm k\u00a0ve\u0159ejnosti, proto\u017ee umo\u017e\u0148uj\u00ed, aby kulturn\u00ed nab\u00eddka z\u016fstala dostupn\u00e1 \u0161irok\u00fdm vrstv\u00e1m spole\u010dnosti v\u00a0m\u011bstech i\u00a0regionech,\u201c uvedli organiz\u00e1to\u0159i protestu.<\/p>\n<p class=\"e_bK\">\u0160krty v\u00a0kultu\u0159e u\u017e kritizuj\u00ed nap\u0159\u00edklad Asociace symfonick\u00fdch orchestr\u016f a\u00a0p\u011bveck\u00fdch sbor\u016f \u010cesk\u00e9 republiky, Asociace hudebn\u00edch festival\u016f, Asociace profesion\u00e1ln\u00edch divadel \u010di Asociace nez\u00e1visl\u00fdch divadel. Ministerstvo veden\u00e9 Otou Klemp\u00ed\u0159em za Motoristy sob\u011b ozn\u00e1milo, \u017ee bude s\u00a0profesn\u00edmi organizacemi v\u00a0kultu\u0159e tento m\u011bs\u00edc jednat.<\/p>\n<p><a data-dot=\"mol-article-card-media\" aria-hidden=\"true\" tabindex=\"-1\" href=\"https:\/\/www.seznamzpravy.cz\/clanek\/audio-podcast-vlevo-dole-vlevo-dole-ruseni-poplatku-odlozeno-ministr-klempir-se-obava-pekla-299244\" class=\"e_m h_mi\" rel=\"nofollow noopener\" target=\"_blank\"><img fetchpriority=\"high\" height=\"1080\"   width=\"1920\" src=\"https:\/\/www.europesays.com\/cz\/wp-content\/uploads\/2026\/03\/vlevo-dole-oto-klempir.jpeg\" loading=\"eager\" decoding=\"sync\" class=\"e_U e_S\"\/><\/a><\/p>\n<p class=\"e_bK\">Organiz\u00e1to\u0159i st\u0159ede\u010dn\u00edho setk\u00e1n\u00ed ozna\u010duj\u00ed \u0161krty v\u00a0rozpo\u010dtu za neakceptovateln\u00e9. \u201eV p\u0159\u00edpad\u011b, \u017ee rozpo\u010det nebude dorovn\u00e1n na p\u016fvodn\u011b navrhovanou v\u00fd\u0161i, po\u017eadujeme demisi ministra kultury, proto\u017ee neh\u00e1j\u00ed z\u00e1jem sektoru, kter\u00fd reprezentuje,\u201c uvedli v\u00a0prohl\u00e1\u0161en\u00ed.<\/p>\n<p class=\"e_bK\">Mezi dal\u0161\u00edmi po\u017eadavky je respektov\u00e1n\u00ed priorit programov\u00e9ho prohl\u00e1\u0161en\u00ed vl\u00e1dy, mezi nimi pos\u00edlen\u00ed nezastupiteln\u00e9 role kultury a\u00a0zv\u00fd\u0161en\u00ed plat\u016f pracovn\u00edk\u016f v\u00a0kultu\u0159e. Klemp\u00ed\u0159\u016fv \u00fa\u0159ad podle prohl\u00e1\u0161en\u00ed tak\u00e9 nem\u00e1 zpochyb\u0148ovat odborn\u00e9 dota\u010dn\u00ed komise, jako se to ned\u00e1vno stalo v\u00a0p\u0159\u00edpad\u011b komise pro liter\u00e1rn\u00ed akce a\u00a0periodika, a\u00a0m\u00e1 ch\u00e1pat kulturu jako investici i\u00a0n\u00e1stroj podporuj\u00edc\u00ed odolnost spole\u010dnosti.<\/p>\n<p class=\"e_bK\">Spolu se studenty cht\u011bj\u00ed ve st\u0159edu protestovat z\u00e1stupci kulturn\u00ed a\u00a0um\u011bleck\u00e9 obce. Demonstraci podpo\u0159il Akademick\u00fd sen\u00e1t Divadeln\u00ed fakulty Akademie m\u00fazick\u00fdch um\u011bn\u00ed v\u00a0Praze. Setk\u00e1n\u00ed m\u00e1 podle po\u0159adatel\u016f charakter ob\u010dansk\u00e9 studentsk\u00e9 iniciativy, pokojn\u00e9ho shrom\u00e1\u017ed\u011bn\u00ed, a\u00a0nen\u00ed spojen\u00e9 se\u00a0\u017e\u00e1dn\u00fdm politick\u00fdm subjektem.<\/p>\n","protected":false},"excerpt":{"rendered":"Demonstranti se sejdou na pra\u017esk\u00e9m Malostransk\u00e9m n\u00e1m\u011bst\u00ed p\u0159ed jedn\u00e1n\u00edm poslanc\u016f o\u00a0z\u00e1v\u011bre\u010dn\u00e9m t\u0159et\u00edm \u010dten\u00ed n\u00e1vrhu st\u00e1tn\u00edho rozpo\u010dtu pro leto\u0161n\u00ed&hellip;\n","protected":false},"author":2,"featured_media":19058,"comment_status":"","ping_status":"","sticky":false,"template":"","format":"standard","meta":{"footnotes":"","_share_on_mastodon":"0"},"categories":[7],"tags":[43,42,41,40,2837,1172,2644,9134],"class_list":["post-19057","post","type-post","status-publish","format-standard","has-post-thumbnail","category-cesko","tag-ceska-republika","tag-cesko","tag-czech-republic","tag-czechia","tag-demonstrace","tag-divadelni-predstaveni","tag-oto-klempir","tag-skrty"],"share_on_mastodon":{"url":"https:\/\/pubeurope.com\/@cz\/116199968145288202","error":""},"_links":{"self":[{"href":"https:\/\/www.europesays.com\/cz\/wp-json\/wp\/v2\/posts\/19057","targetHints":{"allow":["GET"]}}],"collection":[{"href":"https:\/\/www.europesays.com\/cz\/wp-json\/wp\/v2\/posts"}],"about":[{"href":"https:\/\/www.europesays.com\/cz\/wp-json\/wp\/v2\/types\/post"}],"author":[{"embeddable":true,"href":"https:\/\/www.europesays.com\/cz\/wp-json\/wp\/v2\/users\/2"}],"replies":[{"embeddable":true,"href":"https:\/\/www.europesays.com\/cz\/wp-json\/wp\/v2\/comments?post=19057"}],"version-history":[{"count":0,"href":"https:\/\/www.europesays.com\/cz\/wp-json\/wp\/v2\/posts\/19057\/revisions"}],"wp:featuredmedia":[{"embeddable":true,"href":"https:\/\/www.europesays.com\/cz\/wp-json\/wp\/v2\/media\/19058"}],"wp:attachment":[{"href":"https:\/\/www.europesays.com\/cz\/wp-json\/wp\/v2\/media?parent=19057"}],"wp:term":[{"taxonomy":"category","embeddable":true,"href":"https:\/\/www.europesays.com\/cz\/wp-json\/wp\/v2\/categories?post=19057"},{"taxonomy":"post_tag","embeddable":true,"href":"https:\/\/www.europesays.com\/cz\/wp-json\/wp\/v2\/tags?post=19057"}],"curies":[{"name":"wp","href":"https:\/\/api.w.org\/{rel}","templated":true}]}}