{"id":190681,"date":"2026-08-25T05:12:31","date_gmt":"2026-08-25T05:12:31","guid":{"rendered":"https:\/\/www.europesays.com\/cz\/190681\/"},"modified":"2026-08-25T05:12:31","modified_gmt":"2026-08-25T05:12:31","slug":"praha-v-kvalite-zivota-porazi-pariz-i-tokio-vladne-male-evropske-mesto","status":"publish","type":"post","link":"https:\/\/www.europesays.com\/cz\/190681\/","title":{"rendered":"Praha v kvalit\u011b \u017eivota por\u00e1\u017e\u00ed Pa\u0159\u00ed\u017e i Tokio. Vl\u00e1dne mal\u00e9 evropsk\u00e9 m\u011bsto"},"content":{"rendered":"<p>\n                        Srovn\u00e1n\u00ed sv\u011btov\u00fdch metropol\u00ed z hlediska kvality \u017eivota vy\u0161vihlo Prahu na 19. m\u00edsto z 69 hodnocen\u00fdch m\u011bst. Vypl\u00fdv\u00e1 to z presti\u017en\u00edho \u017eeb\u0159\u00ed\u010dku, kter\u00fd sestavuje Deutsche Bank Research Institute. Podle n\u011bj maj\u00ed jej\u00ed obyvatel\u00e9 n\u00edzk\u00e9 ceny za ve\u0159ejnou dopravu nebo levn\u00e9 pivo, p\u0159ipl\u00e1cej\u00ed si v\u0161ak za drah\u00e9 energie.\n                    <\/p>\n<p>Anal\u00fdza <a target=\"_blank\" href=\"https:\/\/www.dbresearch.com\/PROD\/IE-PROD\/PDFVIEWER.calias?pdfViewerPdfUrl=PROD0000000000633223&amp;rwnode=REPORT\" rel=\"nofollow noopener\">Deutsche Bank Research Institute <\/a>vych\u00e1z\u00ed od roku 2012 a porovn\u00e1v\u00e1 ceny ve velk\u00fdch m\u011bstech na v\u0161ech kontinentech. Leto\u0161n\u00ed ro\u010dn\u00edk sleduje 69 metropol\u00ed v\u010detn\u011b Prahy. Krom\u011b d\u016fle\u017eit\u00fdch ukazatel\u016f, jako jsou kvalita \u017eivota \u010di ceny nemovitost\u00ed, se v\u00fdzkumn\u00edci zam\u011b\u0159uj\u00ed i na cenovky piva, lahv\u00ed v\u00edna nebo d\u017e\u00edn\u016f.<\/p>\n<p>\u010cT\u011aTE TAK\u00c9: <a target=\"_blank\" href=\"https:\/\/cnn.iprima.cz\/babis-cesko-usiluje-o-rychle-rozsireni-eu-520031\" rel=\"nofollow noopener\">\u010cesko usiluje o rychl\u00e9 roz\u0161\u00ed\u0159en\u00ed EU, uvedl Babi\u0161. Jmenoval konkr\u00e9tn\u00ed zem\u011b, zm\u00ednil i Schengen.<\/a><\/p>\n<p>V kvalit\u011b \u017eivota obsadila Praha 19. pozici. A\u017e za hlavn\u00edm m\u011bstem \u010cesk\u00e9 republiky se um\u00edstily Tokio, Pa\u0159\u00ed\u017e, Lond\u00fdn nebo New York. Praze nejv\u00edce pomohly vysok\u00e1 bezpe\u010dnost (9. m\u00edsto) nebo dostupn\u00e9 zdravotnictv\u00ed (18. m\u00edsto), zaost\u00e1v\u00e1 naopak v dostupnosti bydlen\u00ed (52. m\u00edsto). Na prvn\u00edm m\u00edst\u011b se um\u00edstil lucembursk\u00fd Lucemburk.<\/p>\n<p>Nejlep\u0161\u00ed m\u00edsta z pohledu kvality \u017eivota<\/p>\n<p>PoziceM\u011bsto1.Lucemburk (Lucembursko)2.Koda\u0148 (D\u00e1nsko)3.Amsterodam (Nizozemsko)4.Mnichov (N\u011bmecko)5.V\u00edde\u0148 (Rakousko)6.Frankfurt (N\u011bmecko)7.Helsinki (Finsko)8.\u017deneva (\u0160v\u00fdcarsko)9.Curych (\u0160v\u00fdcarsko)10.Edinburgh (Velk\u00e1 Brit\u00e1nie)19.Praha (\u010cesk\u00e1 republika)<\/p>\n<p>                <a href=\"#gallery-asset-carousel-43b12cad\" rel=\"asset:open\" class=\"leading-0 block aspect-169\"><\/p>\n<p>                            <img decoding=\"async\" loading=\"lazy\" src=\"https:\/\/www.europesays.com\/cz\/wp-content\/uploads\/2026\/08\/e7b0ff256ec1f71955a964dd4be27244.jpg\" class=\"main-image article-content-image w-full aspect-169\" alt=\"Lucemburk\"\/><\/p>\n<p>                                    <\/a><\/p>\n<p>                                <a href=\"#gallery-asset-carousel-43b12cad\" rel=\"asset:open\" class=\"atom-fullscreen-button\"><\/p>\n<p>                <\/a><\/p>\n<p>                                                                                                                                                                                                        <img decoding=\"async\" loading=\"lazy\" src=\"https:\/\/www.europesays.com\/cz\/wp-content\/uploads\/2026\/08\/1787634730_893_e7b0ff256ec1f71955a964dd4be27244.jpg\"   class=\"bg-preloader\" alt=\"Lucemburk\"\/><\/p>\n<p class=\"atom-image-description \">\n<p>                                                                                                            Lucemburk<\/p>\n<p>                                                        Zdroj: Profimedia.cz, \u010cTK\n                                                                                            <\/p>\n<p>                                                                                                                                                                                                        <img decoding=\"async\" loading=\"lazy\" src=\"https:\/\/www.europesays.com\/cz\/wp-content\/uploads\/2026\/08\/04f7313202bddff110c606f4a7f9172a.jpg\"   class=\"bg-preloader\" alt=\"Hlavn\u00ed m\u011bsto D\u00e1nska Koda\u0148\"\/><\/p>\n<p class=\"atom-image-description \">\n<p>                                                                                                            Hlavn\u00ed m\u011bsto D\u00e1nska Koda\u0148<\/p>\n<p>                                                        Zdroj: Profimedia.cz, \u010cTK\n                                                                                            <\/p>\n<p>                                                                                                                                                                                                        <img decoding=\"async\" loading=\"lazy\" src=\"https:\/\/www.europesays.com\/cz\/wp-content\/uploads\/2026\/08\/87478caf82b76ea63a20bd120101e2c8.jpg\"   class=\"bg-preloader\" alt=\"Nizozemsk\u00fd Amsterdam\"\/><\/p>\n<p class=\"atom-image-description \">\n<p>                                                                                                            Nizozemsk\u00fd Amsterdam<\/p>\n<p>                                                        Zdroj: Profimedia.cz, \u010cTK\n                                                                                            <\/p>\n<p>                                                                                                                                                                                                        <img decoding=\"async\" loading=\"lazy\" src=\"https:\/\/www.europesays.com\/cz\/wp-content\/uploads\/2026\/08\/9c1ad09e2f9030f26bc48e26dc82e8d7.jpg\"   class=\"bg-preloader\" alt=\"N\u011bmeck\u00fd Mnichov\"\/><\/p>\n<p class=\"atom-image-description \">\n<p>                                                                                                            N\u011bmeck\u00fd Mnichov<\/p>\n<p>                                                        Zdroj: Profimedia.cz, \u010cTK\n                                                                                            <\/p>\n<p>                                                                                                                                                                                                        <img decoding=\"async\" loading=\"lazy\" src=\"https:\/\/www.europesays.com\/cz\/wp-content\/uploads\/2026\/08\/401f030dac626532a330ea0d2070dd35.jpg\"   class=\"bg-preloader\" alt=\"Hlavn\u00ed m\u011bsto Rakouska V\u00edde\u0148\"\/><\/p>\n<p class=\"atom-image-description \">\n<p>                                                                                                            Hlavn\u00ed m\u011bsto Rakouska V\u00edde\u0148<\/p>\n<p>                                                        Zdroj: Profimedia.cz, \u010cTK\n                                                                                            <\/p>\n<p>                                                                                                                                                                                                        <img decoding=\"async\" loading=\"lazy\" src=\"https:\/\/www.europesays.com\/cz\/wp-content\/uploads\/2026\/08\/cc68ce1c9d994db12458803b7c49e4ad.jpg\"   class=\"bg-preloader\" alt=\"N\u011bmeck\u00fd Frankfurt\"\/><\/p>\n<p class=\"atom-image-description \">\n<p>                                                                                                            N\u011bmeck\u00fd Frankfurt<\/p>\n<p>                                                        Zdroj: Profimedia.cz, \u010cTK\n                                                                                            <\/p>\n<p>                                                                                                                                                                                                        <img decoding=\"async\" loading=\"lazy\" src=\"https:\/\/www.europesays.com\/cz\/wp-content\/uploads\/2026\/08\/ae136b9e17e600aa350b378ffc21623f.jpg\"   class=\"bg-preloader\" alt=\"Finsk\u00e9 Helsinki\"\/><\/p>\n<p class=\"atom-image-description \">\n<p>                                                                                                            Finsk\u00e9 Helsinki<\/p>\n<p>                                                        Zdroj: Profimedia.cz, \u010cTK\n                                                                                            <\/p>\n<p>                                                                                                                                                                                                        <img decoding=\"async\" loading=\"lazy\" src=\"https:\/\/www.europesays.com\/cz\/wp-content\/uploads\/2026\/08\/6d72fdb4e00c270a637598aaa804f88b.jpg\"   class=\"bg-preloader\" alt=\"\u0160v\u00fdcarsk\u00e9 m\u011bsto Curych\"\/><\/p>\n<p class=\"atom-image-description \">\n<p>                                                                                                            \u0160v\u00fdcarsk\u00e9 m\u011bsto Curych<\/p>\n<p>                                                        Zdroj: Profimedia.cz, \u010cTK\n                                                                                            <\/p>\n<p>                                                                                                                                                                                                        <img decoding=\"async\" loading=\"lazy\" src=\"https:\/\/www.europesays.com\/cz\/wp-content\/uploads\/2026\/08\/e7669abf9659ae834b0e6285d68c187d.jpg\"   class=\"bg-preloader\" alt=\"\u0160v\u00fdcarsk\u00e9 m\u011bsto \u017deneva\"\/><\/p>\n<p class=\"atom-image-description \">\n<p>                                                                                                            \u0160v\u00fdcarsk\u00e9 m\u011bsto \u017deneva<\/p>\n<p>                                                        Zdroj: Profimedia.cz, \u010cTK\n                                                                                            <\/p>\n<p>                                                                                                                                                                                                        <img decoding=\"async\" loading=\"lazy\" src=\"https:\/\/www.europesays.com\/cz\/wp-content\/uploads\/2026\/08\/3ba78405afa6f432820c4c2c497e7bf9.jpg\"   class=\"bg-preloader\" alt=\"Skotsk\u00fd Edinburgh\"\/><\/p>\n<p class=\"atom-image-description \">\n<p>                                                                                                            Skotsk\u00fd Edinburgh<\/p>\n<p>                                                        Zdroj: Profimedia.cz, \u010cTK\n                                                                                            <\/p>\n<p>                                    <a href=\"\" data-index=\"1\"><br \/>\n                                                                                                                                <img decoding=\"async\" loading=\"lazy\" class=\"bg-preloader\" src=\"https:\/\/www.europesays.com\/cz\/wp-content\/uploads\/2026\/08\/1787634738_453_e7b0ff256ec1f71955a964dd4be27244.jpg\"  alt=\"Lucemburk\"\/><br \/>\n                                                                            <\/a><\/p>\n<p class=\"atom-image-description\">\n                                                                                            Lucemburk<\/p>\n<p>                                                    Zdroj: Profimedia.cz, \u010cTK\n                                                                                    <\/p>\n<p>                                    <a href=\"\" data-index=\"2\"><br \/>\n                                                                                                                                <img decoding=\"async\" loading=\"lazy\" class=\"bg-preloader\" src=\"https:\/\/www.europesays.com\/cz\/wp-content\/uploads\/2026\/08\/1787634739_275_04f7313202bddff110c606f4a7f9172a.jpg\"  alt=\"Hlavn\u00ed m\u011bsto D\u00e1nska Koda\u0148\"\/><br \/>\n                                                                            <\/a><\/p>\n<p class=\"atom-image-description\">\n                                                                                            Hlavn\u00ed m\u011bsto D\u00e1nska Koda\u0148<\/p>\n<p>                                                    Zdroj: Profimedia.cz, \u010cTK\n                                                                                    <\/p>\n<p>                                    <a href=\"\" data-index=\"3\"><br \/>\n                                                                                                                                <img decoding=\"async\" loading=\"lazy\" class=\"bg-preloader\" src=\"https:\/\/www.europesays.com\/cz\/wp-content\/uploads\/2026\/08\/1787634740_709_87478caf82b76ea63a20bd120101e2c8.jpg\"  alt=\"Nizozemsk\u00fd Amsterdam\"\/><br \/>\n                                                                            <\/a><\/p>\n<p class=\"atom-image-description\">\n                                                                                            Nizozemsk\u00fd Amsterdam<\/p>\n<p>                                                    Zdroj: Profimedia.cz, \u010cTK\n                                                                                    <\/p>\n<p>                                    <a href=\"\" data-index=\"4\"><br \/>\n                                                                                                                                <img decoding=\"async\" loading=\"lazy\" class=\"bg-preloader\" src=\"https:\/\/www.europesays.com\/cz\/wp-content\/uploads\/2026\/08\/1787634740_632_9c1ad09e2f9030f26bc48e26dc82e8d7.jpg\"  alt=\"N\u011bmeck\u00fd Mnichov\"\/><br \/>\n                                                                            <\/a><\/p>\n<p class=\"atom-image-description\">\n                                                                                            N\u011bmeck\u00fd Mnichov<\/p>\n<p>                                                    Zdroj: Profimedia.cz, \u010cTK\n                                                                                    <\/p>\n<p>                                    <a href=\"\" data-index=\"5\"><br \/>\n                                                                                                                                <img decoding=\"async\" loading=\"lazy\" class=\"bg-preloader\" src=\"https:\/\/www.europesays.com\/cz\/wp-content\/uploads\/2026\/08\/1787634741_759_401f030dac626532a330ea0d2070dd35.jpg\"  alt=\"Hlavn\u00ed m\u011bsto Rakouska V\u00edde\u0148\"\/><br \/>\n                                                                            <\/a><\/p>\n<p class=\"atom-image-description\">\n                                                                                            Hlavn\u00ed m\u011bsto Rakouska V\u00edde\u0148<\/p>\n<p>                                                    Zdroj: Profimedia.cz, \u010cTK\n                                                                                    <\/p>\n<p>                                    <a href=\"\" data-index=\"6\"><br \/>\n                                                                                                                                <img decoding=\"async\" loading=\"lazy\" class=\"bg-preloader\" src=\"https:\/\/www.europesays.com\/cz\/wp-content\/uploads\/2026\/08\/1787634741_486_cc68ce1c9d994db12458803b7c49e4ad.jpg\"  alt=\"N\u011bmeck\u00fd Frankfurt\"\/><br \/>\n                                                                            <\/a><\/p>\n<p class=\"atom-image-description\">\n                                                                                            N\u011bmeck\u00fd Frankfurt<\/p>\n<p>                                                    Zdroj: Profimedia.cz, \u010cTK\n                                                                                    <\/p>\n<p>                                    <a href=\"\" data-index=\"7\"><br \/>\n                                                                                                                                <img decoding=\"async\" loading=\"lazy\" class=\"bg-preloader\" src=\"https:\/\/www.europesays.com\/cz\/wp-content\/uploads\/2026\/08\/1787634742_940_ae136b9e17e600aa350b378ffc21623f.jpg\"  alt=\"Finsk\u00e9 Helsinki\"\/><br \/>\n                                                                            <\/a><\/p>\n<p class=\"atom-image-description\">\n                                                                                            Finsk\u00e9 Helsinki<\/p>\n<p>                                                    Zdroj: Profimedia.cz, \u010cTK\n                                                                                    <\/p>\n<p>                                    <a href=\"\" data-index=\"8\"><br \/>\n                                                                                                                                <img decoding=\"async\" loading=\"lazy\" class=\"bg-preloader\" src=\"https:\/\/www.europesays.com\/cz\/wp-content\/uploads\/2026\/08\/1787634743_70_6d72fdb4e00c270a637598aaa804f88b.jpg\"  alt=\"\u0160v\u00fdcarsk\u00e9 m\u011bsto Curych\"\/><br \/>\n                                                                            <\/a><\/p>\n<p class=\"atom-image-description\">\n                                                                                            \u0160v\u00fdcarsk\u00e9 m\u011bsto Curych<\/p>\n<p>                                                    Zdroj: Profimedia.cz, \u010cTK\n                                                                                    <\/p>\n<p>                                    <a href=\"\" data-index=\"9\"><br \/>\n                                                                                                                                <img decoding=\"async\" loading=\"lazy\" class=\"bg-preloader\" src=\"https:\/\/www.europesays.com\/cz\/wp-content\/uploads\/2026\/08\/1787634743_4_e7669abf9659ae834b0e6285d68c187d.jpg\"  alt=\"\u0160v\u00fdcarsk\u00e9 m\u011bsto \u017deneva\"\/><br \/>\n                                                                            <\/a><\/p>\n<p class=\"atom-image-description\">\n                                                                                            \u0160v\u00fdcarsk\u00e9 m\u011bsto \u017deneva<\/p>\n<p>                                                    Zdroj: Profimedia.cz, \u010cTK\n                                                                                    <\/p>\n<p>                                    <a href=\"\" data-index=\"10\"><br \/>\n                                                                                                                                <img decoding=\"async\" loading=\"lazy\" class=\"bg-preloader\" src=\"https:\/\/www.europesays.com\/cz\/wp-content\/uploads\/2026\/08\/1787634744_145_3ba78405afa6f432820c4c2c497e7bf9.jpg\"  alt=\"Skotsk\u00fd Edinburgh\"\/><br \/>\n                                                                            <\/a><\/p>\n<p class=\"atom-image-description\">\n                                                                                            Skotsk\u00fd Edinburgh<\/p>\n<p>                                                    Zdroj: Profimedia.cz, \u010cTK\n                                                                                    <\/p>\n<p class=\"intro-title-mobile\">\n        \u010ct\u011bte tak\u00e9\n    <\/p>\n<p>        <a href=\"https:\/\/cnn.iprima.cz\/praha-vs-airbnb-nici-nam-centrum-shoduji-se-kandidati-na-primatora-ano-hovori-i-o-limitu-dnu-519615\" class=\"image-link\" rel=\"nofollow noopener\" target=\"_blank\"><\/p>\n<p>            <img decoding=\"async\" loading=\"lazy\" class=\"image\" src=\"https:\/\/www.europesays.com\/cz\/wp-content\/uploads\/2026\/08\/1787634744_514_6886736984ee63cbdbce9d63db197fbd.jpg\" alt=\"Airbnb (Ilustra\u010dn\u00ed foto)\"\/><\/p>\n<p>            <\/a><\/p>\n<p class=\"intro-title-desktop\">\n            \u010ct\u011bte tak\u00e9\n        <\/p>\n<p>                <a href=\"https:\/\/cnn.iprima.cz\/praha-vs-airbnb-nici-nam-centrum-shoduji-se-kandidati-na-primatora-ano-hovori-i-o-limitu-dnu-519615\" class=\"title-link\" rel=\"nofollow noopener\" target=\"_blank\"><\/p>\n<p class=\"title\">\n                Praha vs. Airbnb: Ni\u010d\u00ed n\u00e1m centrum, shoduj\u00ed se kandid\u00e1ti na prim\u00e1tora. ANO hovo\u0159\u00ed o limitu dn\u016f\n            <\/p>\n<p>        <\/a><\/p>\n<p>                                                                                                23. srp 2026, 05:45<\/p>\n<p>                6 min \u010dten\u00ed<\/p>\n<p>Za posledn\u00edch deset let tak\u00e9 do\u0161lo k siln\u00e9mu r\u016fstu mezd, a to nejen v Praze, ale i v ma\u010farsk\u00e9 Budape\u0161ti nebo polsk\u00e9 Var\u0161avy. R\u016fst m\u011bs\u00ed\u010dn\u00edch v\u00fdd\u011blk\u016f se t\u00e9m\u011b\u0159 zdvojn\u00e1sobil a tato zm\u00edn\u011bn\u00e1 m\u011bsta p\u0159ekonala v\u0161echna ostatn\u00ed ve st\u00e1tech s vysp\u011blou ekonomikou.<\/p>\n<p>Podle koment\u00e1\u0159e Deutsche Bank se u\u017e ned\u00e1 hovo\u0159it o Praze, Var\u0161av\u011b \u010di Budape\u0161ti jako o levn\u00e9 volb\u011b pro tr\u00e1ven\u00ed voln\u00e9ho \u010dasu. \u201eSiln\u00fd r\u016fst mezd, investice ze zdroj\u016f Evropsk\u00e9 unie, napjat\u00fd trh pr\u00e1ce, vy\u0161\u0161\u00ed postpandemick\u00e1 inflace nebo p\u0159\u00edliv kapit\u00e1lu do nemovitost\u00ed posunuly ceny v t\u011bchto m\u011bstech bl\u00ed\u017ee k \u00farovni z\u00e1padn\u00ed Evropy. V n\u011bkter\u00fdch oblastech spojen\u00fdch s bydlen\u00edm \u010di volno\u010dasov\u00fdmi aktivitami je tato prom\u011bna a\u017e ohromuj\u00edc\u00ed,\u201c uv\u00e1d\u00ed zpr\u00e1va.<\/p>\n<p>                <a href=\"#gallery-asset-carousel-53208eec\" rel=\"asset:open\" class=\"leading-0 block aspect-169\"><\/p>\n<p>                            <img decoding=\"async\" loading=\"lazy\" src=\"https:\/\/www.europesays.com\/cz\/wp-content\/uploads\/2026\/08\/17c1f54f155e5b24b283160e86897c79.jpg\" class=\"main-image article-content-image w-full aspect-169\" alt=\"Ve\u0159ejn\u00e1 doprava v Budape\u0161ti\"\/><\/p>\n<p>                                    <\/a><\/p>\n<p>                                <a href=\"#gallery-asset-carousel-53208eec\" rel=\"asset:open\" class=\"atom-fullscreen-button\"><\/p>\n<p>                <\/a><\/p>\n<p>                                                                                                                                                                                                        <img decoding=\"async\" loading=\"lazy\" src=\"https:\/\/www.europesays.com\/cz\/wp-content\/uploads\/2026\/08\/1787634745_532_17c1f54f155e5b24b283160e86897c79.jpg\"   class=\"bg-preloader\" alt=\"Ve\u0159ejn\u00e1 doprava v Budape\u0161ti\"\/><\/p>\n<p class=\"atom-image-description \">\n<p>                                                                                                            Ve\u0159ejn\u00e1 doprava v Budape\u0161ti<\/p>\n<p>                                                        Zdroj: Profimedia.cz, \u010cTK\n                                                                                            <\/p>\n<p>                                                                                                                                                                                                        <img decoding=\"async\" loading=\"lazy\" src=\"https:\/\/www.europesays.com\/cz\/wp-content\/uploads\/2026\/08\/2aa79a5105610a8fe92256e8c56f8f95.jpg\"   class=\"bg-preloader\" alt=\"Budova parlamentu v hlavn\u00edm m\u011bst\u011b Ma\u010farska\"\/><\/p>\n<p class=\"atom-image-description \">\n<p>                                                                                                            Budova parlamentu v hlavn\u00edm m\u011bst\u011b Ma\u010farska<\/p>\n<p>                                                        Zdroj: Profimedia.cz, \u010cTK\n                                                                                            <\/p>\n<p>                                                                                                                                                                                                        <img decoding=\"async\" loading=\"lazy\" src=\"https:\/\/www.europesays.com\/cz\/wp-content\/uploads\/2026\/08\/efa23ccb072cb67831fe08bf0d73d8d2.jpg\"   class=\"bg-preloader\" alt=\"Budova parlamentu v hlavn\u00edm m\u011bst\u011b Ma\u010farska\"\/><\/p>\n<p class=\"atom-image-description \">\n<p>                                                                                                            Budova parlamentu v hlavn\u00edm m\u011bst\u011b Ma\u010farska<\/p>\n<p>                                                        Zdroj: Profimedia.cz, \u010cTK\n                                                                                            <\/p>\n<p>                                                                                                                                                                                                        <img decoding=\"async\" loading=\"lazy\" src=\"https:\/\/www.europesays.com\/cz\/wp-content\/uploads\/2026\/08\/8a2ee785857d4cc8b287477b512a1b60.jpg\"   class=\"bg-preloader\" alt=\"Polsk\u00e1 Var\u0161ava\"\/><\/p>\n<p class=\"atom-image-description \">\n<p>                                                                                                            Polsk\u00e1 Var\u0161ava<\/p>\n<p>                                                        Zdroj: Profimedia.cz, \u010cTK\n                                                                                            <\/p>\n<p>                                                                                                                                                                                                        <img decoding=\"async\" loading=\"lazy\" src=\"https:\/\/www.europesays.com\/cz\/wp-content\/uploads\/2026\/08\/674f57778c952dcf320f95d8b66b039f.jpg\"   class=\"bg-preloader\" alt=\"Polsk\u00e1 Var\u0161ava\"\/><\/p>\n<p class=\"atom-image-description \">\n<p>                                                                                                            Polsk\u00e1 Var\u0161ava<\/p>\n<p>                                                        Zdroj: Profimedia.cz, \u010cTK\n                                                                                            <\/p>\n<p>                                    <a href=\"\" data-index=\"1\"><br \/>\n                                                                                                                                <img decoding=\"async\" loading=\"lazy\" class=\"bg-preloader\" src=\"https:\/\/www.europesays.com\/cz\/wp-content\/uploads\/2026\/08\/1787634748_54_17c1f54f155e5b24b283160e86897c79.jpg\"  alt=\"Ve\u0159ejn\u00e1 doprava v Budape\u0161ti\"\/><br \/>\n                                                                            <\/a><\/p>\n<p class=\"atom-image-description\">\n                                                                                            Ve\u0159ejn\u00e1 doprava v Budape\u0161ti<\/p>\n<p>                                                    Zdroj: Profimedia.cz, \u010cTK\n                                                                                    <\/p>\n<p>                                    <a href=\"\" data-index=\"2\"><br \/>\n                                                                                                                                <img decoding=\"async\" loading=\"lazy\" class=\"bg-preloader\" src=\"https:\/\/www.europesays.com\/cz\/wp-content\/uploads\/2026\/08\/1787634748_714_2aa79a5105610a8fe92256e8c56f8f95.jpg\"  alt=\"Budova parlamentu v hlavn\u00edm m\u011bst\u011b Ma\u010farska\"\/><br \/>\n                                                                            <\/a><\/p>\n<p class=\"atom-image-description\">\n                                                                                            Budova parlamentu v hlavn\u00edm m\u011bst\u011b Ma\u010farska<\/p>\n<p>                                                    Zdroj: Profimedia.cz, \u010cTK\n                                                                                    <\/p>\n<p>                                    <a href=\"\" data-index=\"3\"><br \/>\n                                                                                                                                <img decoding=\"async\" loading=\"lazy\" class=\"bg-preloader\" src=\"https:\/\/www.europesays.com\/cz\/wp-content\/uploads\/2026\/08\/1787634749_635_efa23ccb072cb67831fe08bf0d73d8d2.jpg\"  alt=\"Budova parlamentu v hlavn\u00edm m\u011bst\u011b Ma\u010farska\"\/><br \/>\n                                                                            <\/a><\/p>\n<p class=\"atom-image-description\">\n                                                                                            Budova parlamentu v hlavn\u00edm m\u011bst\u011b Ma\u010farska<\/p>\n<p>                                                    Zdroj: Profimedia.cz, \u010cTK\n                                                                                    <\/p>\n<p>                                    <a href=\"\" data-index=\"4\"><br \/>\n                                                                                                                                <img decoding=\"async\" loading=\"lazy\" class=\"bg-preloader\" src=\"https:\/\/www.europesays.com\/cz\/wp-content\/uploads\/2026\/08\/1787634750_671_8a2ee785857d4cc8b287477b512a1b60.jpg\"  alt=\"Polsk\u00e1 Var\u0161ava\"\/><br \/>\n                                                                            <\/a><\/p>\n<p class=\"atom-image-description\">\n                                                                                            Polsk\u00e1 Var\u0161ava<\/p>\n<p>                                                    Zdroj: Profimedia.cz, \u010cTK\n                                                                                    <\/p>\n<p>                                    <a href=\"\" data-index=\"5\"><br \/>\n                                                                                                                                <img decoding=\"async\" loading=\"lazy\" class=\"bg-preloader\" src=\"https:\/\/www.europesays.com\/cz\/wp-content\/uploads\/2026\/08\/1787634750_949_674f57778c952dcf320f95d8b66b039f.jpg\"  alt=\"Polsk\u00e1 Var\u0161ava\"\/><br \/>\n                                                                            <\/a><\/p>\n<p class=\"atom-image-description\">\n                                                                                            Polsk\u00e1 Var\u0161ava<\/p>\n<p>                                                    Zdroj: Profimedia.cz, \u010cTK\n                                                                                    <\/p>\n<p>Podle v\u00fdzkumn\u00edk\u016f se jedn\u00e1 o v\u00fdbornou zpr\u00e1vu z pohledu ekonomick\u00e9ho pokroku. \u201eJe to ale m\u00e9n\u011b v\u00edtan\u00e1 informace pro ty, kte\u0159\u00ed doufali v levn\u00fd v\u00edkendov\u00fd pobyt v Praze,\u201c dodali analytici.<\/p>\n<p>Evropa dopl\u00e1c\u00ed na drah\u00e9 energie<\/p>\n<p>Pra\u017esk\u00e1 metropole dopl\u00e1c\u00ed na drah\u00e9 energie. Um\u00edstila se toti\u017e v prvn\u00ed des\u00edtce nejdra\u017e\u0161\u00edch m\u011bst z pohledu ceny elekt\u0159iny nebo plynu. Na p\u0159edn\u00edch pozic\u00edch se um\u00edstily n\u011bmeck\u00fd Mnichov, Frankfurt a Berl\u00edn. Do des\u00edtky se dostala tak\u00e9 Var\u0161ava nebo V\u00edde\u0148. Podle anal\u00fdzy se jedn\u00e1 o jasn\u00fd d\u016fkaz, jak m\u011bsta st\u0159edn\u00ed a v\u00fdchodn\u00ed Evropy trp\u00ed nedostatkem levn\u00e9ho rusk\u00e9ho plynu. 18 z 20 m\u011bst s drah\u00fdmi energiemi je toti\u017e z Evropy.<\/p>\n<p>Krom\u011b d\u016fle\u017eit\u00fdch ukazatel\u016f sestavuj\u00ed v\u00fdzkumn\u00edci i n\u011bkolik odleh\u010den\u00fdch index\u016f. Jedn\u00edm z nich je Oasis Index, kter\u00fd je pojmenovan\u00fd podle slavn\u00e9 p\u00edsn\u011b britsk\u00e9 skupiny Oasis Cigarettes &amp; Alcohol a kter\u00fd sleduje pr\u016fm\u011brnou cenu p\u011bti p\u016fllitr\u016f piva a dvou krabi\u010dek cigaret, p\u0159epo\u010dtenou na americk\u00e9 dolary. Nejdra\u017e\u0161\u00ed je v tomto pohledu australsk\u00e9 Melbourne se 111,2 dolary, neboli 2 300 korunami. Praha se um\u00edstila s cenou 22 dolar\u016f, neboli 420 korun, na 41. pozici. Nejlevn\u011bj\u0161\u00ed je \u0160anghaj s 10,4 dolary, tedy 214 korunami.<\/p>\n<p class=\"intro-title-mobile\">\n        \u010ct\u011bte tak\u00e9\n    <\/p>\n<p>        <a href=\"https:\/\/cnn.iprima.cz\/energie-stale-zdrazuji-odbornici-doufaji-v-optimisticky-scenar-513656\" class=\"image-link\" rel=\"nofollow noopener\" target=\"_blank\"><\/p>\n<p>            <img decoding=\"async\" loading=\"lazy\" class=\"image\" src=\"https:\/\/www.europesays.com\/cz\/wp-content\/uploads\/2026\/08\/c9af78b70cfbc12db24c1dd5057cfa97.jpg\" alt=\"Dod\u00e1vky LNG jsou kv\u016fli konfliktu v \u00cdr\u00e1nu nejist\u00e9\"\/><\/p>\n<p>            <\/a><\/p>\n<p class=\"intro-title-desktop\">\n            \u010ct\u011bte tak\u00e9\n        <\/p>\n<p>                <a href=\"https:\/\/cnn.iprima.cz\/energie-stale-zdrazuji-odbornici-doufaji-v-optimisticky-scenar-513656\" class=\"title-link\" rel=\"nofollow noopener\" target=\"_blank\"><\/p>\n<p class=\"title\">\n                Energie st\u00e1le zdra\u017euj\u00ed, probl\u00e9m je v \u00cdr\u00e1nu i Norsku. Jak dlouho z\u016fstanou ceny vysoko?\n            <\/p>\n<p>        <\/a><\/p>\n<p>                                                                                                8. \u010dvn 2026, 05:27<\/p>\n<p>                6 min \u010dten\u00ed<\/p>\n<p>Studie uv\u00e1d\u00ed i dal\u0161\u00ed odleh\u010den\u00fd index, kter\u00fd je nazvan\u00fd Cheap Date Index (Index n\u00e1klad\u016f na levn\u00e9 rande). Ten je ve studii definov\u00e1n jako sou\u010det ceny lahve v\u00edna, d\u017e\u00edn\u016f, \u0161at\u016f, dvou k\u00e1v, ve\u010de\u0159e pro dva, dvou vstupenek do kina, dvou j\u00edzdenek MHD a p\u011btikilometrov\u00e9 j\u00edzdy tax\u00edkem. V tomto srovn\u00e1n\u00ed vyjde nejdr\u00e1\u017e romantick\u00fd ve\u010der v \u017denev\u011b a v Curychu. Praha je 39., levn\u011bj\u0161\u00ed je rande nap\u0159\u00edklad v Barcelon\u011b nebo v \u0158\u00edm\u011b.<\/p>\n<p>Ve\u0159ejn\u00e1 doprava je pro Pra\u017eany cenov\u011b p\u0159\u00edzniv\u00e1. Um\u00edstila se toti\u017e a\u017e na 59. pozici s 26 dolary (537 korun) za m\u011bs\u00ed\u010dn\u00ed kupon. Nejv\u00edce utrat\u00ed lid\u00e9 v Lond\u00fdn\u011b \u2013 v p\u0159epo\u010dtu stoj\u00ed 268 dolar\u016f (5 530 korun). Podobn\u011b v\u00fdhodn\u00e9 je pro Pra\u017eany i piva. V pr\u016fm\u011bru za n\u011bj zaplat\u00ed 1,19 dolaru, neboli 24 korun. To sta\u010d\u00ed na p\u00e1t\u00e9 nejlep\u0161\u00ed um\u00edst\u011bn\u00ed. Za pivo nejv\u00edce utrat\u00ed lid\u00e9 v Melbourne \u2013 za p\u016fllitr vyt\u00e1hnou z pen\u011b\u017eenky 5,27 dolaru (108 korun).<\/p>\n<p>MOHLI JSTE P\u0158EHL\u00c9DNOUT: <a target=\"_blank\" href=\"https:\/\/cnn.iprima.cz\/k-vyssim-platum-pro-ucitele-zatim-nemirime-tvrdi-o-rozpoctu-experti-plaga-obavy-mirni-519806\" rel=\"nofollow noopener\">K vy\u0161\u0161\u00edm plat\u016fm pro u\u010ditele nem\u00ed\u0159\u00edme, tvrd\u00ed o rozpo\u010dtu experti. Plaga v\u011b\u0159\u00ed, \u017ee c\u00edl spln\u00ed<\/a><\/p>\n<p class=\"!text-semibold-14-14 !text-black mb-0 mt-2\">\n                V\u011bnuje se p\u0159ev\u00e1\u017en\u011b ekonomick\u00fdm t\u00e9mat\u016fm z oblasti bydlen\u00ed, energetiky a mobiln\u00edch oper\u00e1tor\u016f. Rovn\u011b\u017e sleduje politick\u00e9 d\u011bn\u00ed na tuzemsk\u00e9 sc\u00e9n\u011b. Vystudoval medi\u00e1ln\u00ed studia na Metropolitn\u00ed univerzit\u011b v Praze. Od roku 2016 p\u016fsobil jako redaktor v Echo24, T\u00fdden\u00edku Echo a Business Monitor 24. Do redakce CNN Prima NEWS nastoupil v polovin\u011b roku 2022. (Ladislav.Sustr@iprima.cz)\n            <\/p>\n","protected":false},"excerpt":{"rendered":"Srovn\u00e1n\u00ed sv\u011btov\u00fdch metropol\u00ed z hlediska kvality \u017eivota vy\u0161vihlo Prahu na 19. m\u00edsto z 69 hodnocen\u00fdch m\u011bst. Vypl\u00fdv\u00e1 to&hellip;\n","protected":false},"author":2,"featured_media":190682,"comment_status":"","ping_status":"","sticky":false,"template":"","format":"standard","meta":{"footnotes":"","_share_on_mastodon":"0"},"categories":[30],"tags":[42,6391,2046,708,491,2111,2887,788,1470,98,99,10915,10948,1513,10375],"class_list":["post-190681","post","type-post","status-publish","format-standard","has-post-thumbnail","category-praha","tag-cesko","tag-deutsche-bank","tag-dolar","tag-ekonomika","tag-energie","tag-londyn","tag-obchod-a-finance","tag-pariz","tag-pivo","tag-prague","tag-praha","tag-tokio","tag-varsava","tag-volny-cas","tag-zivotni-styl-a-volny-cas"],"share_on_mastodon":{"url":"https:\/\/pubeurope.com\/@cz\/117154437714415093","error":""},"_links":{"self":[{"href":"https:\/\/www.europesays.com\/cz\/wp-json\/wp\/v2\/posts\/190681","targetHints":{"allow":["GET"]}}],"collection":[{"href":"https:\/\/www.europesays.com\/cz\/wp-json\/wp\/v2\/posts"}],"about":[{"href":"https:\/\/www.europesays.com\/cz\/wp-json\/wp\/v2\/types\/post"}],"author":[{"embeddable":true,"href":"https:\/\/www.europesays.com\/cz\/wp-json\/wp\/v2\/users\/2"}],"replies":[{"embeddable":true,"href":"https:\/\/www.europesays.com\/cz\/wp-json\/wp\/v2\/comments?post=190681"}],"version-history":[{"count":0,"href":"https:\/\/www.europesays.com\/cz\/wp-json\/wp\/v2\/posts\/190681\/revisions"}],"wp:featuredmedia":[{"embeddable":true,"href":"https:\/\/www.europesays.com\/cz\/wp-json\/wp\/v2\/media\/190682"}],"wp:attachment":[{"href":"https:\/\/www.europesays.com\/cz\/wp-json\/wp\/v2\/media?parent=190681"}],"wp:term":[{"taxonomy":"category","embeddable":true,"href":"https:\/\/www.europesays.com\/cz\/wp-json\/wp\/v2\/categories?post=190681"},{"taxonomy":"post_tag","embeddable":true,"href":"https:\/\/www.europesays.com\/cz\/wp-json\/wp\/v2\/tags?post=190681"}],"curies":[{"name":"wp","href":"https:\/\/api.w.org\/{rel}","templated":true}]}}