{"id":190731,"date":"2026-08-25T05:54:14","date_gmt":"2026-08-25T05:54:14","guid":{"rendered":"https:\/\/www.europesays.com\/cz\/190731\/"},"modified":"2026-08-25T05:54:14","modified_gmt":"2026-08-25T05:54:14","slug":"komarek-ziskal-premiovou-adresu-v-londyne-budovu-za-miliardy-prestavi","status":"publish","type":"post","link":"https:\/\/www.europesays.com\/cz\/190731\/","title":{"rendered":"Kom\u00e1rek z\u00edskal pr\u00e9miovou adresu v Lond\u00fdn\u011b. Budovu za miliardy p\u0159estav\u00ed"},"content":{"rendered":"<p>Budovu koupila KKCG Real Estate UK, co\u017e je britsk\u00e1 platforma realitn\u00ed divize <a href=\"https:\/\/www.e15.cz\/byznys\/reality-a-stavebnictvi\/kkcg-dokoncila-luxusni-vily-v-sarce-projekt-za-650-milionu-si-prebiraji-novi-majitele-1431770\" rel=\"nofollow noopener\" target=\"_blank\">KKCG Real Estate Group<\/a>. Prod\u00e1vaj\u00edc\u00edm je spole\u010dnost Lifestyle International Holdings. Objekt na St James&#8217;s Square je moment\u00e1ln\u011b s\u00eddlem firmy British Petroleum, kter\u00e1 ho ale v dubnu 2028 opust\u00ed. Pot\u00e9 za\u010dne rekonstrukce.<\/p>\n<p>Skupina KKCG pl\u00e1nuje zachovat nosnou konstrukci budovy, co\u017e podle n\u00ed v\u00fdrazn\u011b sn\u00ed\u017e\u00ed environment\u00e1ln\u00ed dopad rekonstrukce i jej\u00ed uhl\u00edkovou stopu. Sou\u010d\u00e1st\u00ed projektu bude nov\u00e1 fas\u00e1da, n\u00e1stavba dvou podla\u017e\u00ed a vytvo\u0159en\u00ed st\u0159e\u0161n\u00ed terasy s v\u00fdhledem na n\u00e1m\u011bst\u00ed. Projekt zv\u00fd\u0161\u00ed podlahovou plochu budovy o 17 procent.<\/p>\n<p><a class=\"article-card__image\" data-ac-image=\"\" href=\"https:\/\/www.e15.cz\/byznys\/prumysl-a-energetika\/italska-vlada-proveruje-spor-komarkovy-kkcg-s-cinskym-akcionarem-o-vyrobce-jachet-ferretti-1432867\" title=\"Italsk\u00e1 vl\u00e1da prov\u011b\u0159uje spor Kom\u00e1rkovy KKCG s \u010d\u00ednsk\u00fdm akcion\u00e1\u0159em o v\u00fdrobce jachet Ferretti\" rel=\"nofollow noopener\" target=\"_blank\"><img decoding=\"async\" alt=\"Italsk\u00e1 vl\u00e1da prov\u011b\u0159uje spor Kom\u00e1rkovy KKCG s \u010d\u00ednsk\u00fdm akcion\u00e1\u0159em o v\u00fdrobce jachet Ferretti\" title=\"Italsk\u00e1 vl\u00e1da prov\u011b\u0159uje spor Kom\u00e1rkovy KKCG s \u010d\u00ednsk\u00fdm akcion\u00e1\u0159em o v\u00fdrobce jachet Ferretti\" class=\"\" data-magazine=\"\" src=\"https:\/\/www.europesays.com\/cz\/wp-content\/uploads\/2026\/08\/9811923.jpg\" loading=\"lazy\" style=\"aspect-ratio: 328 \/ 184\"\/><\/a><a class=\"article-card__title-link line-limit-3\" data-ac-title=\"\" href=\"https:\/\/www.e15.cz\/byznys\/prumysl-a-energetika\/italska-vlada-proveruje-spor-komarkovy-kkcg-s-cinskym-akcionarem-o-vyrobce-jachet-ferretti-1432867\" title=\"Italsk\u00e1 vl\u00e1da prov\u011b\u0159uje spor Kom\u00e1rkovy KKCG s \u010d\u00ednsk\u00fdm akcion\u00e1\u0159em o v\u00fdrobce jachet Ferretti\" rel=\"nofollow noopener\" target=\"_blank\">Italsk\u00e1 vl\u00e1da prov\u011b\u0159uje spor Kom\u00e1rkovy KKCG s \u010d\u00ednsk\u00fdm akcion\u00e1\u0159em o v\u00fdrobce jachet Ferretti<\/a><\/p>\n<p>Kom\u00e1rek investici ozna\u010dil za v\u00fdznamn\u00fd miln\u00edk pro KKCG Real Estate. \u201eLond\u00fdn pat\u0159\u00ed mezi <a href=\"https:\/\/www.e15.cz\/byznys\/reality-a-stavebnictvi\/londyn-jako-lekce-pro-cesko-stavet-lze-rychleji-kdyz-mesto-vi-co-chce-1433455\" rel=\"nofollow noopener\" target=\"_blank\">nejkonkuren\u010dn\u011bj\u0161\u00ed realitn\u00ed trhy<\/a> na sv\u011bt\u011b a jsme r\u00e1di, \u017ee se n\u00e1m poda\u0159ilo z\u00edskat n\u00e1\u0161 prvn\u00ed developersk\u00fd projekt ve Spojen\u00e9m kr\u00e1lovstv\u00ed,&#8220; uvedl.\u00a0KKCG v Lond\u00fdn\u011b viditeln\u011b expanduje a teprve koncem lo\u0148sk\u00e9ho roku dokon\u010dila n\u00e1kup administrativn\u00ed budovy The Burlian v sousedn\u00ed \u010dtvrti Mayfair, <a href=\"https:\/\/www.e15.cz\/byznys\/reality-a-stavebnictvi\/komarkova-kkcg-chce-koupit-kancelarsky-komplex-v-londyne-nabizi-za-nej-osm-miliard-korun-1433112\" rel=\"nofollow noopener\" target=\"_blank\">napsala d\u0159\u00edve e15<\/a>. Akvizice s\u00eddla BP je tak logick\u00fdm pokra\u010dov\u00e1n\u00edm strategie zam\u011b\u0159en\u00e9 na n\u00e1kup pr\u00e9miov\u00fdch kancel\u00e1\u0159sk\u00fdch prostor v nejpresti\u017en\u011bj\u0161\u00edch lokalit\u00e1ch s vysok\u00fdm potenci\u00e1lem zhodnocen\u00ed.<\/p>\n<p><a href=\"https:\/\/www.e15.cz\/byznys\/komarkova-kkcg-ziska-podil-v-italske-lodenici-ferretti-prodava-ho-syn-zakladatele-ferrari-1432004\" rel=\"nofollow noopener\" target=\"_blank\">KKCG<\/a> p\u016fsob\u00ed v z\u00e1bav\u011b, energetice, technologi\u00edch, nemovitostech a dal\u0161\u00edch odv\u011btv\u00edch. Zam\u011bstn\u00e1v\u00e1 v\u00edce ne\u017e 16 tis\u00edc lid\u00ed ve v\u00edce ne\u017e 40 zem\u00edch. Spravuje aktiva v hodnot\u011b p\u0159es 15 miliard eur. Realitn\u00ed divize KKCG Real Estate Group se zam\u011b\u0159uje na reziden\u010dn\u00ed a komer\u010dn\u00ed projekty. Region\u00e1ln\u00ed t\u00fdm v Lond\u00fdn\u011b zalo\u017eila loni.<\/p>\n","protected":false},"excerpt":{"rendered":"Budovu koupila KKCG Real Estate UK, co\u017e je britsk\u00e1 platforma realitn\u00ed divize KKCG Real Estate Group. Prod\u00e1vaj\u00edc\u00edm je&hellip;\n","protected":false},"author":2,"featured_media":190732,"comment_status":"","ping_status":"","sticky":false,"template":"","format":"standard","meta":{"footnotes":"","_share_on_mastodon":"0"},"categories":[12],"tags":[67,68,5003,5002,16225,2111,476,1373,1732,41770],"class_list":["post-190731","post","type-post","status-publish","format-standard","has-post-thumbnail","category-byznys","tag-business","tag-byznys","tag-karel-komarek","tag-kkcg","tag-kkcg-real-estate-group-a-s","tag-londyn","tag-projekt","tag-rekonstrukce","tag-spojene-kralovstvi","tag-west-end"],"share_on_mastodon":{"url":"https:\/\/pubeurope.com\/@cz\/117154602381049660","error":""},"_links":{"self":[{"href":"https:\/\/www.europesays.com\/cz\/wp-json\/wp\/v2\/posts\/190731","targetHints":{"allow":["GET"]}}],"collection":[{"href":"https:\/\/www.europesays.com\/cz\/wp-json\/wp\/v2\/posts"}],"about":[{"href":"https:\/\/www.europesays.com\/cz\/wp-json\/wp\/v2\/types\/post"}],"author":[{"embeddable":true,"href":"https:\/\/www.europesays.com\/cz\/wp-json\/wp\/v2\/users\/2"}],"replies":[{"embeddable":true,"href":"https:\/\/www.europesays.com\/cz\/wp-json\/wp\/v2\/comments?post=190731"}],"version-history":[{"count":0,"href":"https:\/\/www.europesays.com\/cz\/wp-json\/wp\/v2\/posts\/190731\/revisions"}],"wp:featuredmedia":[{"embeddable":true,"href":"https:\/\/www.europesays.com\/cz\/wp-json\/wp\/v2\/media\/190732"}],"wp:attachment":[{"href":"https:\/\/www.europesays.com\/cz\/wp-json\/wp\/v2\/media?parent=190731"}],"wp:term":[{"taxonomy":"category","embeddable":true,"href":"https:\/\/www.europesays.com\/cz\/wp-json\/wp\/v2\/categories?post=190731"},{"taxonomy":"post_tag","embeddable":true,"href":"https:\/\/www.europesays.com\/cz\/wp-json\/wp\/v2\/tags?post=190731"}],"curies":[{"name":"wp","href":"https:\/\/api.w.org\/{rel}","templated":true}]}}