{"id":190853,"date":"2026-08-25T08:05:13","date_gmt":"2026-08-25T08:05:13","guid":{"rendered":"https:\/\/www.europesays.com\/cz\/190853\/"},"modified":"2026-08-25T08:05:13","modified_gmt":"2026-08-25T08:05:13","slug":"stavba-dalnice-pres-cesky-raj-zacne-nejdriv-za-sedm-let","status":"publish","type":"post","link":"https:\/\/www.europesays.com\/cz\/190853\/","title":{"rendered":"Stavba d\u00e1lnice p\u0159es \u010cesk\u00fd r\u00e1j za\u010dne nejd\u0159\u00edv za sedm let"},"content":{"rendered":"<p class=\"c_bB\">\u201eMysl\u00edm, \u017ee to je hodn\u011b orienta\u010dn\u00ed a\u00a0mysl\u00edm si, \u017ee velmi optimistick\u00e9, ba skoro nemo\u017en\u00e9 u\u017e v\u00a0t\u00e9to chv\u00edli. Mysl\u00edm, \u017ee d\u0159\u00edve ne\u017e v\u00a0roce 2029\u00a0se nedostaneme k\u00a0tomu, abychom v\u016fbec uva\u017eovali o\u00a0variant\u011b. To znamen\u00e1, te\u010f n\u00e1s \u010dek\u00e1 2,5\u00a0roku proces nov\u00e9 EIA, posuzov\u00e1n\u00ed, v\u00fdb\u011br varianty, pak teprve projektov\u00e1n\u00ed, v\u00fdkupy pozemk\u016f. Tak\u017ee za m\u011b 2033\u00a0je velmi optimistick\u00fd term\u00edn a\u00a0mysl\u00edm, \u017ee to bude je\u0161t\u011b pozd\u011bji,\u201c doplnil M\u00e1tl. \u0158SD bude podle n\u011bj znovu posuzovat mo\u017en\u00e9 varianty silnice v\u00a0takzvan\u00e9 severn\u00ed trase.<\/p>\n<p class=\"c_bB\">P\u016fvodn\u011b m\u011bla stavba za\u010d\u00edt v\u00a0roce 2029.\u00a0Ov\u0161em souhlasn\u00e9 stanovisko k\u00a0rozhodnut\u00ed EIA, tedy posudku dopadu na \u017eivotn\u00ed prost\u0159ed\u00ed, zru\u0161il loni v\u00a0prosinci tehdej\u0161\u00ed ministr \u017eivotn\u00edho prost\u0159ed\u00ed Petr Hlad\u00edk (KDU-\u010cSL).<\/p>\n<p><a data-dot=\"atm-link\" target=\"_self\" href=\"https:\/\/www.novinky.cz\/clanek\/domaci-zpravy-liberecky-kraj-odpurci-dalnice-pres-cesky-raj-vyzvali-aby-se-misto-severni-postavila-jizni-varianta-40592027\" class=\"c_N\" rel=\"nofollow noopener\"><img fetchpriority=\"high\" height=\"2250\" width=\"4000\" src=\"https:\/\/www.europesays.com\/cz\/wp-content\/uploads\/2026\/08\/1787645113_357_vyhlidka-oprava-turnov-cesky-raj-liberecky-kraj.jpeg\" loading=\"eager\" decoding=\"sync\" class=\"c_t c_r\"\/><\/a><\/p>\n<p class=\"c_bB\">Stav\u011bt se m\u011bl \u00fasek od Ohrazenic u\u00a0Turnova do \u00dalibic u\u00a0Ji\u010d\u00edna. Od Ohrazenic po \u017dernov m\u011bla b\u00fdt silnice \u010dty\u0159proud\u00e1, d\u00e1l na Ji\u010d\u00edn dvouproud\u00e1 se st\u0159\u00eddav\u00fdm t\u0159et\u00edm pruhem. Podle M\u00e1tla ale Kr\u00e1lov\u00e9hradeck\u00fd kraj \u017e\u00e1d\u00e1, aby i\u00a0tento \u00fasek byl ve \u010dty\u0159ech pruz\u00edch. Posuzovat se tak bude i\u00a0varianta \u010dty\u0159proud\u00e9 d\u00e1lnice, jej\u00ed\u017e sou\u010d\u00e1st\u00ed by mohly b\u00fdt tak\u00e9 tunely, kter\u00e9 po\u017eaduje na sv\u00e9m \u00fazem\u00ed m\u011bsto Turnov.<\/p>\n<p class=\"c_bB\">\u201eJsme p\u0159ipraveni tam ty tunely zahrnout a\u00a0v tuto chv\u00edli technicky aspo\u0148 v\u00a0z\u00e1kladu prov\u011b\u0159it i\u00a0to velk\u00e9 tunelov\u00e9 \u0159e\u0161en\u00ed pod \u0159ekou Jizerou,\u201c \u0159ekl M\u00e1tl.<\/p>\n<p class=\"c_bB\">Proti navr\u017een\u00e9 severn\u00ed variant\u011b se dlouhodob\u011b stav\u00ed koalice spolk\u016f SOS \u010cesk\u00fd r\u00e1j, podle kter\u00fdch je stavbu nutn\u00e9 celou znovu projednat a\u00a0p\u0159eprojektovat. Vyz\u00fdv\u00e1, aby se upustilo od z\u00e1m\u011bru vybudovat d\u00e1lnici D35\u00a0v\u00a0severn\u00ed trase st\u0159edem \u010cesk\u00e9ho r\u00e1je a\u00a0p\u0159\u00edpravy se zam\u011b\u0159ily na ji\u017en\u00ed trasu. V\u00a0tomto duchu tak\u00e9 zaslali ve\u0159ejnou v\u00fdzvu dot\u010den\u00fdm instituc\u00edm i\u00a0st\u00e1tu. Podle z\u00e1stupc\u016f SOS \u010cesk\u00fd r\u00e1j je ji\u017en\u00ed varianta levn\u011bj\u0161\u00ed a\u00a0k p\u0159\u00edrod\u011b a\u00a0krajin\u011b \u0161etrn\u011bj\u0161\u00ed.<\/p>\n<p class=\"c_bB\">\u201eRegul\u00e9rn\u00ed d\u00e1lnici \u010cesk\u00fdm r\u00e1jem z\u00a0\u0159ady d\u016fvod\u016f postavit nelze. Vyz\u00fdv\u00e1me, aby p\u0159estali ma\u0159it \u010das a\u00a0ve\u0159ejn\u00e9 prost\u0159edky na zcela nere\u00e1ln\u00fd projekt a\u00a0zam\u011b\u0159ili svou kapacitu na ji\u017en\u00ed variantu d\u00e1lnice mimo \u010cesk\u00fd r\u00e1j, kde by byly jej\u00ed dopady na obyvatele, n\u00e1v\u0161t\u011bvn\u00edky, p\u0159\u00edrodu, krajinu a\u00a0st\u00e1tn\u00ed pokladnu mnohon\u00e1sobn\u011b men\u0161\u00ed a\u00a0stavba by byla daleko m\u00e9n\u011b konfliktn\u00ed,\u201c uvedl k\u00a0v\u00fdzv\u011b mluv\u010d\u00ed koalice spolk\u016f Jan Pi\u0148os.<\/p>\n<p class=\"c_bB\">Takzvan\u00e1 ji\u017en\u00ed trasa by cenn\u00e9 \u00fazem\u00ed obe\u0161la z\u00a0jihu od Ji\u010d\u00edna v\u00a0trase I\/16\u00a0a\u00a0II\/268\u00a0p\u0159es Sobotku a\u00a0Mnichovo Hradi\u0161t\u011b a\u00a0st\u0159edu CHKO \u010cesk\u00fd r\u00e1j by se vyhnula. Cesta z\u00a0Ji\u010d\u00edna do Liberce by se t\u00edm prodlou\u017eila a\u00a0zv\u00fd\u0161ilo by se zat\u00ed\u017een\u00ed D10.\u00a0Trasa nav\u00edc ne\u0159e\u0161\u00ed napojen\u00ed na Semily. Podle M\u00e1tla nen\u00ed v\u00a0\u00fazemn\u00edch pl\u00e1nech obc\u00ed a\u00a0St\u0159edo\u010desk\u00fd kraj s\u00a0touto variantou nesouhlas\u00ed.<\/p>\n<p class=\"c_bB\">\u201eV tuto chv\u00edli ta zm\u011bna ani nen\u00ed mo\u017en\u00e1,\u201c uvedl. Pokud by se m\u011bla p\u0159ipravovat tato varianta, znamenalo by to podle M\u00e1tla odlo\u017een\u00ed stavby o\u00a0dal\u0161\u00edch a\u017e 20\u00a0let.<\/p>\n<p><a data-dot=\"atm-link\" target=\"_self\" href=\"https:\/\/www.novinky.cz\/clanek\/domaci-nedokonceny-tunel-homole-na-d35-silnicari-preskocili-bypassem-dalnice-se-prodlouzila-o-vic-nez-sest-kilometru-40593914\" class=\"c_N\" rel=\"nofollow noopener\"><img height=\"1080\" width=\"1920\" src=\"https:\/\/www.europesays.com\/cz\/wp-content\/uploads\/2026\/08\/1787645113_120_dalnice-rsd-radek-matl-otevreni-tunel-homole-vysoke-myto.jpeg\" loading=\"eager\" decoding=\"sync\" class=\"c_t c_r\"\/><\/a><\/p>\n","protected":false},"excerpt":{"rendered":"\u201eMysl\u00edm, \u017ee to je hodn\u011b orienta\u010dn\u00ed a\u00a0mysl\u00edm si, \u017ee velmi optimistick\u00e9, ba skoro nemo\u017en\u00e9 u\u017e v\u00a0t\u00e9to chv\u00edli. Mysl\u00edm,&hellip;\n","protected":false},"author":2,"featured_media":190854,"comment_status":"","ping_status":"","sticky":false,"template":"","format":"standard","meta":{"footnotes":"","_share_on_mastodon":"0"},"categories":[7],"tags":[43,42,12696,41,40,7500,1671],"class_list":["post-190853","post","type-post","status-publish","format-standard","has-post-thumbnail","category-cesko","tag-ceska-republika","tag-cesko","tag-cesky-raj","tag-czech-republic","tag-czechia","tag-dalnice-d35","tag-liberecky-kraj"],"share_on_mastodon":{"url":"https:\/\/pubeurope.com\/@cz\/117155117827204219","error":""},"_links":{"self":[{"href":"https:\/\/www.europesays.com\/cz\/wp-json\/wp\/v2\/posts\/190853","targetHints":{"allow":["GET"]}}],"collection":[{"href":"https:\/\/www.europesays.com\/cz\/wp-json\/wp\/v2\/posts"}],"about":[{"href":"https:\/\/www.europesays.com\/cz\/wp-json\/wp\/v2\/types\/post"}],"author":[{"embeddable":true,"href":"https:\/\/www.europesays.com\/cz\/wp-json\/wp\/v2\/users\/2"}],"replies":[{"embeddable":true,"href":"https:\/\/www.europesays.com\/cz\/wp-json\/wp\/v2\/comments?post=190853"}],"version-history":[{"count":0,"href":"https:\/\/www.europesays.com\/cz\/wp-json\/wp\/v2\/posts\/190853\/revisions"}],"wp:featuredmedia":[{"embeddable":true,"href":"https:\/\/www.europesays.com\/cz\/wp-json\/wp\/v2\/media\/190854"}],"wp:attachment":[{"href":"https:\/\/www.europesays.com\/cz\/wp-json\/wp\/v2\/media?parent=190853"}],"wp:term":[{"taxonomy":"category","embeddable":true,"href":"https:\/\/www.europesays.com\/cz\/wp-json\/wp\/v2\/categories?post=190853"},{"taxonomy":"post_tag","embeddable":true,"href":"https:\/\/www.europesays.com\/cz\/wp-json\/wp\/v2\/tags?post=190853"}],"curies":[{"name":"wp","href":"https:\/\/api.w.org\/{rel}","templated":true}]}}