{"id":190887,"date":"2026-08-25T08:41:09","date_gmt":"2026-08-25T08:41:09","guid":{"rendered":"https:\/\/www.europesays.com\/cz\/190887\/"},"modified":"2026-08-25T08:41:09","modified_gmt":"2026-08-25T08:41:09","slug":"pozadi-krute-smrti-vaclava-neckare-mladsiho-nemoc-zanedbaval-o-zivot-bojoval-nekolik-dni","status":"publish","type":"post","link":"https:\/\/www.europesays.com\/cz\/190887\/","title":{"rendered":"Pozad\u00ed krut\u00e9 smrti V\u00e1clava Neck\u00e1\u0159e mlad\u0161\u00edho. Nemoc zanedb\u00e1val, o \u017eivot bojoval n\u011bkolik dn\u00ed"},"content":{"rendered":"<p>\n                        Hudebn\u00ed ikona V\u00e1clav Neck\u00e1\u0159 pro\u017e\u00edv\u00e1 nejbolestn\u011bj\u0161\u00ed chv\u00edle sv\u00e9ho \u017eivota. Ve v\u011bku 52 let zem\u0159el jeho jedin\u00fd syn V\u00e1clav, kter\u00fd s n\u00edm \u017eil v jednom dom\u011b a stal se mu velkou oporou. Co zap\u0159\u00ed\u010dinilo jeho ne\u010dekanou smrt? Bl\u00edzk\u00fd p\u0159\u00edtel pro web CNN Prima NEWS promluvil.\n                    <\/p>\n<p>V\u00e1clav Neck\u00e1\u0159 mlad\u0161\u00ed trp\u011bl del\u0161\u00ed dobu nemoc\u00ed, kterou bohu\u017eel zanedb\u00e1val. \u201eO co konkr\u00e9tn\u011b \u0161lo, nechci \u0159\u00edkat. V\u0161ichni mu \u0159\u00edkali, aby to nepodce\u0148oval, \u017ee to nen\u00ed \u017e\u00e1dn\u00e1 legrace. Va\u0161\u00edk si nedal \u0159\u00edct a bohu\u017eel na to doplatil. Je to stra\u0161n\u00fd. Byl to hrozn\u011b skv\u011blej, bezvadnej, skromnej kluk, pohod\u00e1\u0159,\u201c sd\u011blil redakci webu CNN Prima NEWS bl\u00edzk\u00fd p\u0159\u00edtel rodiny Neck\u00e1\u0159ov\u00fdch.<\/p>\n<p>\u010cT\u011aTE TAK\u00c9: <a target=\"_blank\" href=\"https:\/\/cnn.iprima.cz\/show-time\/clanek-nevolej-zachranku-prosila-yvonne-prenosilova-sousedka-priblizila-posledni-chvile-411918\" rel=\"nofollow noopener\">Hlavn\u011b nevolej z\u00e1chranku, prosila Yvonne P\u0159enosilov\u00e1. Sousedka popsala jej\u00ed posledn\u00ed chv\u00edle<\/a><\/p>\n<p>Kdy\u017e se V\u00e1clav mlad\u0161\u00ed dostal do nemocnice, na z\u00e1chranu \u017eivota u\u017e bohu\u017eel bylo pozd\u011b. \u201eVa\u0161\u00edk o \u017eivot bojoval n\u011bkolik dn\u00ed. P\u0159i\u0161la otrava krve, pak u\u017e to \u0161lo bohu\u017eel hodn\u011b rychle. Od r\u00e1na se v\u011bd\u011blo, \u017ee je to ot\u00e1zka hodin, kdy to p\u0159ijde. Po\u0159\u00e1d tomu nemohu uv\u011b\u0159it, \u017ee u\u017e Va\u0161\u00edk nen\u00ed,\u201c popsal p\u0159\u00edtel rodiny.<\/p>\n<p class=\"intro-title-mobile\">\n        \u010ct\u011bte tak\u00e9\n    <\/p>\n<p>        <a href=\"https:\/\/cnn.iprima.cz\/show-time\/zpevak-vaclav-neckar-v-slzach-zemrel-jeho-jediny-syn-vasek-bylo-mu-pouhych-52-let-520051\" class=\"image-link\" rel=\"nofollow noopener\" target=\"_blank\"><\/p>\n<p>            <img decoding=\"async\" loading=\"lazy\" class=\"image\" src=\"https:\/\/www.europesays.com\/cz\/wp-content\/uploads\/2026\/08\/1787647269_486_bdd4ab823fcc2cf071aeaf95c0e4603b.jpg\" alt=\"Zp\u011bv\u00e1k V\u00e1clav Neck\u00e1\u0159 se sv\u00fdm zesnul\u00fdm synem.\"\/><\/p>\n<p>            <\/a><\/p>\n<p class=\"intro-title-desktop\">\n            \u010ct\u011bte tak\u00e9\n        <\/p>\n<p>                <a href=\"https:\/\/cnn.iprima.cz\/show-time\/zpevak-vaclav-neckar-v-slzach-zemrel-jeho-jediny-syn-vasek-bylo-mu-pouhych-52-let-520051\" class=\"title-link\" rel=\"nofollow noopener\" target=\"_blank\"><\/p>\n<p class=\"title\">\n                Zem\u0159el V\u00e1clav Neck\u00e1\u0159 mlad\u0161\u00ed. Syn slavn\u00e9ho zp\u011bv\u00e1ka bojoval se z\u00e1ke\u0159nou infekc\u00ed\n            <\/p>\n<p>        <\/a><\/p>\n<p>                                                                                                24. srp 2026, 15:05<\/p>\n<p>                6 min \u010dten\u00ed<\/p>\n<p>V\u00e1clav Neck\u00e1\u0159 mlad\u0161\u00ed st\u00e1l po boku otce nejen jako rodinn\u00e1 opora, ale tak\u00e9 jako pokra\u010dovatel hudebn\u00edho odkazu, by\u0165 po sv\u00e9m. Nepat\u0159il mezi d\u011bti slavn\u00fdch, kter\u00e9 by t\u011b\u017eily jen ze jm\u00e9na. Dlouhodob\u011b si budoval vlastn\u00ed pozici v hudebn\u00edm prost\u0159ed\u00ed, mimo pozornost m\u00e9di\u00ed. M\u00edsto popu, kter\u00fd proslavil jeho otce, se vydal sm\u011brem k elektronick\u00e9 sc\u00e9n\u011b. <\/p>\n<p>V minulosti p\u016fsobil tak\u00e9 jako DJ a pro\u0161el si n\u011bkolika hudebn\u00edmi projekty. S otcem spolupracoval a\u017e do konce jeho \u017eivota. Jako zvuka\u0159 mu pomohl nato\u010dit i n\u011bkolik alb. Kdy\u017e zp\u011bv\u00e1ka v roce 2002 postihla mozkov\u00e1 mrtvice, s n\u00e1vratem na p\u00f3dia mu pomohl pr\u00e1v\u011b syn, kter\u00fd mu sestavil speci\u00e1ln\u00ed \u010dtec\u00ed za\u0159\u00edzen\u00ed na texty p\u00edsn\u00ed.<\/p>\n<p>MOHLO V\u00c1M UNIKNOUT: <a target=\"_blank\" href=\"https:\/\/cnn.iprima.cz\/janda-o-zakulisi-zlateho-slavika-rivalite-s-gottem-a-honorarich-nuly-ani-neumel-spocitat-517121\" rel=\"nofollow noopener\">Nuly ani neum\u011bl spo\u010d\u00edtat. Trojn\u00e1sobn\u00fd zlat\u00fd slav\u00edk Dalibor Janda promluvil o honor\u00e1\u0159\u00edch i rivalit\u011b s Gottem<\/a><\/p>\n<p class=\"!text-semibold-14-14 !text-black mb-0 mt-2\">\n                David v r\u00e1mci CNN Prima NEWS p\u00ed\u0161e p\u0159edev\u0161\u00edm o d\u011bn\u00ed na dom\u00e1c\u00ed sc\u00e9n\u011b. (david.lastovka@iprima.cz)\n            <\/p>\n","protected":false},"excerpt":{"rendered":"Hudebn\u00ed ikona V\u00e1clav Neck\u00e1\u0159 pro\u017e\u00edv\u00e1 nejbolestn\u011bj\u0161\u00ed chv\u00edle sv\u00e9ho \u017eivota. Ve v\u011bku 52 let zem\u0159el jeho jedin\u00fd syn V\u00e1clav,&hellip;\n","protected":false},"author":2,"featured_media":190888,"comment_status":"","ping_status":"","sticky":false,"template":"","format":"standard","meta":{"footnotes":"","_share_on_mastodon":"0"},"categories":[14],"tags":[1538,79,9634,351,9638,8397,649,11700,80],"class_list":["post-190887","post","type-post","status-publish","format-standard","has-post-thumbnail","category-zabava","tag-celebrity","tag-entertainment","tag-hodnoty","tag-smrt","tag-smrt-a-umirani","tag-spolecenska-rubrika","tag-spolecnost","tag-vaclav-neckar","tag-zabava"],"share_on_mastodon":{"url":"https:\/\/pubeurope.com\/@cz\/117155259218345256","error":""},"_links":{"self":[{"href":"https:\/\/www.europesays.com\/cz\/wp-json\/wp\/v2\/posts\/190887","targetHints":{"allow":["GET"]}}],"collection":[{"href":"https:\/\/www.europesays.com\/cz\/wp-json\/wp\/v2\/posts"}],"about":[{"href":"https:\/\/www.europesays.com\/cz\/wp-json\/wp\/v2\/types\/post"}],"author":[{"embeddable":true,"href":"https:\/\/www.europesays.com\/cz\/wp-json\/wp\/v2\/users\/2"}],"replies":[{"embeddable":true,"href":"https:\/\/www.europesays.com\/cz\/wp-json\/wp\/v2\/comments?post=190887"}],"version-history":[{"count":0,"href":"https:\/\/www.europesays.com\/cz\/wp-json\/wp\/v2\/posts\/190887\/revisions"}],"wp:featuredmedia":[{"embeddable":true,"href":"https:\/\/www.europesays.com\/cz\/wp-json\/wp\/v2\/media\/190888"}],"wp:attachment":[{"href":"https:\/\/www.europesays.com\/cz\/wp-json\/wp\/v2\/media?parent=190887"}],"wp:term":[{"taxonomy":"category","embeddable":true,"href":"https:\/\/www.europesays.com\/cz\/wp-json\/wp\/v2\/categories?post=190887"},{"taxonomy":"post_tag","embeddable":true,"href":"https:\/\/www.europesays.com\/cz\/wp-json\/wp\/v2\/tags?post=190887"}],"curies":[{"name":"wp","href":"https:\/\/api.w.org\/{rel}","templated":true}]}}