{"id":191111,"date":"2026-08-25T11:49:08","date_gmt":"2026-08-25T11:49:08","guid":{"rendered":"https:\/\/www.europesays.com\/cz\/191111\/"},"modified":"2026-08-25T11:49:08","modified_gmt":"2026-08-25T11:49:08","slug":"stredocesi-vraci-praze-uder-zjednosmerneni-oblibene-zkratky-bude-resit-soud","status":"publish","type":"post","link":"https:\/\/www.europesays.com\/cz\/191111\/","title":{"rendered":"St\u0159edo\u010de\u0161i vrac\u00ed Praze \u00fader. Zjednosm\u011brn\u011bn\u00ed obl\u00edben\u00e9 zkratky bude \u0159e\u0161it soud"},"content":{"rendered":"<p>\n                                        Praha 6 podle kraje zp\u016fsobila dopravn\u00ed chaos.                                    <\/p>\n<p>St\u0159edo\u010desk\u00fd kraj podal k soudu n\u00e1vrh na zru\u0161en\u00ed zjednosm\u011brn\u011bn\u00ed pra\u017esk\u00e9 ulice Na Krutci v rann\u00ed \u0161pi\u010dce. Kraj nam\u00edt\u00e1, \u017ee krok v\u00fdrazn\u011b zkomplikoval doj\u00ed\u017ed\u011bn\u00ed do hlavn\u00edho m\u011bsta pro tis\u00edce St\u0159edo\u010dech\u016f a vede pouze k del\u0161\u00edm kolon\u00e1m a v\u011bt\u0161\u00edmu zpo\u017e\u010fov\u00e1n\u00ed p\u0159\u00edm\u011bstsk\u00fdch autobusov\u00fdch linek v t\u00e9to oblasti.<\/p>\n<p>Jednostrann\u00fd krok Prahy 6, kter\u00fd zamezil obj\u00ed\u017ed\u011bn\u00ed kolon na \u010dasto ucpan\u00e9 Horom\u011b\u0159ick\u00e9, vyvolal velk\u00fd odpor sousedn\u00edch obc\u00ed a m\u011bstsk\u00fdch \u010d\u00e1st\u00ed. Podle nich veden\u00ed m\u011bstsk\u00e9 \u010d\u00e1sti sv\u016fj krok nekonzultovalo ani se St\u0159edo\u010desk\u00fdm krajem, ani se starosty okoln\u00edch obc\u00ed.<\/p>\n<p>Inici\u00e1to\u0159i \u010dasov\u011b omezen\u00e9ho zjednosm\u011brn\u011bn\u00ed naopak kvituj\u00ed zklidn\u011bn\u00ed dopravy na Veleslav\u00edn\u011b a ve Vokovic\u00edch. Proti opat\u0159en\u00ed i na jeho podporu vznikly petice.<\/p>\n<p>\u201eBohu\u017eel znovu jsme se po del\u0161\u00ed dob\u011b dostali do situace, kdy se Praha 6 negativn\u011b stav\u00ed proti St\u0159edo\u010dech\u016fm. Odm\u00edt\u00e1me, aby si v r\u00e1mci p\u0159edvolebn\u00edho boje bralo jej\u00ed sou\u010dasn\u00e9 veden\u00ed na\u0161e obyvatele jako rukojm\u00ed, stejn\u011b jako ob\u010dany z m\u011bstsk\u00fdch \u010d\u00e1st\u00ed Nebu\u0161ice a P\u0159edn\u00ed Kopanina,\u201c uvedl krajsk\u00fd radn\u00ed pro oblast ve\u0159ejn\u00e9 dopravy a mobility Petr Boreck\u00fd.<\/p>\n<p>\u201eDopravn\u00ed chaos\u201c<\/p>\n<p>Opat\u0159en\u00ed vydan\u00e9 Prahou 6 zak\u00e1zalo v pracovn\u00edch dnech mezi 7. a 9. hodinou r\u00e1no pr\u016fjezd v\u0161em nerezident\u016fm ulic\u00ed Na Krutci sm\u011brem na Veleslav\u00edn a Evropskou ulici. P\u0159ineslo ale je\u0161t\u011b v\u011bt\u0161\u00ed dopravn\u00ed<br \/>komplikace v\u00a0Horom\u011b\u0159ick\u00e9 ulici.<\/p>\n<p>To m\u00e1 podle kraje p\u0159\u00edm\u00fd dopad na p\u0159\u00edm\u011bstsk\u00e9 autobusy, kter\u00e9 z\u016fst\u00e1vaj\u00ed st\u00e1t v kolon\u00e1ch. Dojezdov\u00e9 \u010dasy linek 312, 316 a 356 sm\u011brem do metropole se cestuj\u00edc\u00edm v\u00fdrazn\u011b prodlu\u017euj\u00ed a kv\u016fli \u010dasov\u00fdm ztr\u00e1t\u00e1m roste riziko nedodr\u017eov\u00e1n\u00ed j\u00edzdn\u00edch \u0159\u00e1d\u016f na dal\u0161\u00edch spoj\u00edch.<\/p>\n<p>\u201eV\u00fdsledkem je dopravn\u00ed chaos, kter\u00fd zavinila jen a pouze Praha 6. Nav\u00edc se ob\u00e1v\u00e1me, \u017ee s bl\u00ed\u017e\u00edc\u00edm se startem nov\u00e9ho \u0161koln\u00edho roku bude situace je\u0161t\u011b hor\u0161\u00ed. Proto jsme se rozhodli podat k M\u011bstsk\u00e9mu soudu v Praze n\u00e1vrh na zru\u0161en\u00ed opat\u0159en\u00ed obecn\u00e9 povahy. Chceme zabr\u00e1nit dopravn\u00edmu kolapsu na p\u0159\u00edjezdu do hlavn\u00edho m\u011bsta,\u201c dod\u00e1v\u00e1 radn\u00ed Petr Boreck\u00fd.<\/p>\n<p>Rozhodnut\u00ed o z\u00e1kazu vjezdu se op\u00edr\u00e1 o studii \u010cVUT, podle n\u00e1zoru St\u0159edo\u010desk\u00e9ho kraje ale nen\u00ed<br \/>z\u00a0dostupn\u00fdch podklad\u016f z\u0159ejm\u00e9, zda Praha 6 p\u0159edem posoudila negativn\u00ed dopady sv\u00e9ho opat\u0159en\u00ed na<br \/>linky ve\u0159ejn\u00e9 dopravy, Horom\u011b\u0159ickou ulici, Evropskou ulici a oblast Jener\u00e1lky. V\u00a0dokumentech je toti\u017e<br \/>uvedeno, \u017ee toto hodnocen\u00ed se bude konat v\u00a0pr\u016fb\u011bhu zku\u0161ebn\u00edho provozu.<\/p>\n<p>Vzhledem k riziku zpo\u017e\u010fov\u00e1n\u00ed autobus\u016f nav\u00edc hroz\u00ed, \u017ee lid\u00e9 p\u0159esednou do aut, co\u017e by znamenalo dal\u0161\u00ed tlak na silni\u010dn\u00ed s\u00ed\u0165 nejen v Praze 6, ale i st\u0159edn\u00edch \u010cech\u00e1ch. Probl\u00e9mem je i chyb\u011bj\u00edc\u00ed preferen\u010dn\u00ed buspruh v Horom\u011b\u0159ick\u00e9 ulici, <a href=\"https:\/\/zdopravy.cz\/dulezity-prijezd-do-prahy-se-uzavre-az-na-dva-roky-resi-se-dve-varianty-vystavby-buspruhu-279272\/\" rel=\"nofollow noopener\" target=\"_blank\">kter\u00fd se teprve p\u0159ipravuje<\/a>. I proto St\u0159edo\u010desk\u00fd kraj navrhuje toto opat\u0159en\u00ed zru\u0161it.<\/p>\n<p><a href=\"https:\/\/zdopravy.cz\/dulezity-prijezd-do-prahy-se-uzavre-az-na-dva-roky-resi-se-dve-varianty-vystavby-buspruhu-279272\/\" rel=\"nofollow noopener\" target=\"_blank\">D\u016fle\u017eit\u00fd p\u0159\u00edjezd do Prahy se uzav\u0159e a\u017e na dva roky. \u0158e\u0161\u00ed se dv\u011b varianty v\u00fdstavby buspruhu<\/a><\/p>\n<p>Jedn\u00e1n\u00ed na magistr\u00e1tu<\/p>\n<p>Starostov\u00e9 Horom\u011b\u0159ic, Nebu\u0161ic a P\u0159edn\u00ed Kopaniny si kv\u016fli neprojednan\u00e9mu opat\u0159en\u00ed Prahy 6 byli st\u011b\u017eovat u n\u00e1m\u011bstka prim\u00e1tora pro dopravu Jarom\u00edra Ber\u00e1nka.<\/p>\n<p>Ten pro Zdopravy.cz uvedl, \u017ee ve sporu nechce b\u00fdt rozhod\u010d\u00edm. \u201eCh\u00e1pu ob\u011b strany, ale pokud m\u011bli starostov\u00e9 s Prahou 6 dohodu ohledn\u011b pose\u010dk\u00e1n\u00ed do buspruhu, p\u0159ijde mi to neseri\u00f3zn\u00ed. Pro m\u011b je absolutn\u00ed prioritou hladk\u00fd pr\u016fjezd MHD,\u201c uvedl Ber\u00e1nek.<\/p>\n<p>Pr\u00e1v\u011b p\u0159ipravovan\u00fd buspruh, kter\u00fd Horom\u011b\u0159ickou roz\u0161\u00ed\u0159\u00ed, by m\u011bl situaci vy\u0159e\u0161it. Jeho realizace se v\u0161ak posunula a\u017e do roku 2028. Aktu\u00e1ln\u011b se podle TSK i Ber\u00e1nka \u0159e\u0161\u00ed etapizace stavby.<\/p>\n<p>Na jedn\u00e1n\u00ed s n\u00e1m\u011bstkem Ber\u00e1nkem byli i z\u00e1stupci Ropidu, kte\u0159\u00ed p\u0159ipravili do\u010dasn\u00e9 opat\u0159en\u00ed, jak zkr\u00e1tit \u010dek\u00e1n\u00ed autobus\u016f v kolon\u00e1ch. Vyu\u017e\u00edv\u00e1 n\u011bkolik nov\u00fdch sv\u011bteln\u00fdch signalizac\u00ed a prom\u011bnliv\u00e9 z\u00e1kazov\u00e9 zna\u010dky, po\u010d\u00edt\u00e1 tak\u00e9 s \u010d\u00e1ste\u010dnou \u00fapravou tras autobus\u016f.<\/p>\n<p>Z\u00e1rove\u0148 Ropid p\u0159edstavil \u201edrsnou variantu\u201c pro p\u0159\u00edpad, \u017ee se opat\u0159en\u00ed Prahy 6 nepoda\u0159\u00ed zru\u0161it. Z\u00e1lo\u017en\u00ed \u0159e\u0161en\u00ed by spo\u010d\u00edvalo v nutnosti odd\u011blit od sebe na vjezdu do Prahy koridory pro hromadnou a ostatn\u00ed dopravu.<\/p>\n<p>                                                        Tagy<\/p>\n<p>                                                                                                                                                                                                                            <a href=\"https:\/\/zdopravy.cz\/tag\/horomerice\/\" type=\"button\" class=\"btn btn-secondary mb-1 btn-sm\" rel=\"nofollow noopener\" target=\"_blank\"><br \/>\n                                                                Horom\u011b\u0159ice                                                            <\/a><br \/>\n                                                                                                                                                                                                                                <a href=\"https:\/\/zdopravy.cz\/tag\/na-krutci\/\" type=\"button\" class=\"btn btn-secondary mb-1 btn-sm\" rel=\"nofollow noopener\" target=\"_blank\"><br \/>\n                                                                Na Krutci                                                            <\/a><br \/>\n                                                                                                                                                                                                                                <a href=\"https:\/\/zdopravy.cz\/tag\/petr-borecky\/\" type=\"button\" class=\"btn btn-secondary mb-1 btn-sm\" rel=\"nofollow noopener\" target=\"_blank\"><br \/>\n                                                                Petr Boreck\u00fd                                                            <\/a><br \/>\n                                                                                                                                                                                                                                <a href=\"https:\/\/zdopravy.cz\/tag\/praha-6\/\" type=\"button\" class=\"btn btn-secondary mb-1 btn-sm\" rel=\"nofollow noopener\" target=\"_blank\"><br \/>\n                                                                Praha 6                                                            <\/a><br \/>\n                                                                                                                                                                                                                                                                                                                                            <a href=\"https:\/\/zdopravy.cz\/tag\/stredocesky-kraj\/\" type=\"button\" class=\"btn btn-secondary mb-1 btn-sm\" rel=\"nofollow noopener\" target=\"_blank\"><br \/>\n                                                                St\u0159edo\u010desk\u00fd kraj                                                            <\/a><\/p>\n<p>                                                <a href=\"https:\/\/zdopravy.cz\/stredocesi-vraci-praze-uder-zjednosmerneni-oblibene-zkratky-bude-resit-soud-295814\/?comments=1#comments\" class=\"ml-3 text-body mb-3 mt-4 d-inline-block\" rel=\"nofollow noopener\" target=\"_blank\"><\/p>\n<p>                                                    1 koment\u00e1\u0159                                                <\/a><\/p>\n","protected":false},"excerpt":{"rendered":"Praha 6 podle kraje zp\u016fsobila dopravn\u00ed chaos. St\u0159edo\u010desk\u00fd kraj podal k soudu n\u00e1vrh na zru\u0161en\u00ed zjednosm\u011brn\u011bn\u00ed pra\u017esk\u00e9 ulice&hellip;\n","protected":false},"author":2,"featured_media":191112,"comment_status":"","ping_status":"","sticky":false,"template":"","format":"standard","meta":{"footnotes":"","_share_on_mastodon":"0"},"categories":[30],"tags":[20991,44438,33582,98,99,1017,119,538],"class_list":["post-191111","post","type-post","status-publish","format-standard","has-post-thumbnail","category-praha","tag-horomerice","tag-na-krutci","tag-petr-borecky","tag-prague","tag-praha","tag-praha-6","tag-seznam","tag-stredocesky-kraj"],"share_on_mastodon":{"url":"https:\/\/pubeurope.com\/@cz\/117155998158759473","error":""},"_links":{"self":[{"href":"https:\/\/www.europesays.com\/cz\/wp-json\/wp\/v2\/posts\/191111","targetHints":{"allow":["GET"]}}],"collection":[{"href":"https:\/\/www.europesays.com\/cz\/wp-json\/wp\/v2\/posts"}],"about":[{"href":"https:\/\/www.europesays.com\/cz\/wp-json\/wp\/v2\/types\/post"}],"author":[{"embeddable":true,"href":"https:\/\/www.europesays.com\/cz\/wp-json\/wp\/v2\/users\/2"}],"replies":[{"embeddable":true,"href":"https:\/\/www.europesays.com\/cz\/wp-json\/wp\/v2\/comments?post=191111"}],"version-history":[{"count":0,"href":"https:\/\/www.europesays.com\/cz\/wp-json\/wp\/v2\/posts\/191111\/revisions"}],"wp:featuredmedia":[{"embeddable":true,"href":"https:\/\/www.europesays.com\/cz\/wp-json\/wp\/v2\/media\/191112"}],"wp:attachment":[{"href":"https:\/\/www.europesays.com\/cz\/wp-json\/wp\/v2\/media?parent=191111"}],"wp:term":[{"taxonomy":"category","embeddable":true,"href":"https:\/\/www.europesays.com\/cz\/wp-json\/wp\/v2\/categories?post=191111"},{"taxonomy":"post_tag","embeddable":true,"href":"https:\/\/www.europesays.com\/cz\/wp-json\/wp\/v2\/tags?post=191111"}],"curies":[{"name":"wp","href":"https:\/\/api.w.org\/{rel}","templated":true}]}}