{"id":191131,"date":"2026-08-25T12:07:45","date_gmt":"2026-08-25T12:07:45","guid":{"rendered":"https:\/\/www.europesays.com\/cz\/191131\/"},"modified":"2026-08-25T12:07:45","modified_gmt":"2026-08-25T12:07:45","slug":"obrovsky-uspech-prazske-zoo-v-kazachstanu-se-po-stovkach-let-narodilo-hribe-kone-prevalskeho","status":"publish","type":"post","link":"https:\/\/www.europesays.com\/cz\/191131\/","title":{"rendered":"Obrovsk\u00fd \u00fasp\u011bch pra\u017esk\u00e9 zoo: V Kazachst\u00e1nu se po stovk\u00e1ch let narodilo h\u0159\u00edb\u011b kon\u011b P\u0159evalsk\u00e9ho"},"content":{"rendered":"<p>Trojsk\u00e1 zoo chov\u00e1 kon\u011b P\u0159evalsk\u00e9ho od roku 1932 a od roku 1959 vede jejich mezin\u00e1rodn\u00ed plemennou knihu. P\u0159epravu kon\u00ed P\u0159evalsk\u00e9ho do Kazachst\u00e1nu zoo zah\u00e1jila v roce 2024. Dosud uskute\u010dnila t\u0159i transporty, p\u0159i posledn\u00edm z nich letos v \u010dervnu p\u0159epravila do Kazachst\u00e1nu osm kon\u00ed. C\u00edlem projektu je obnovit v oblasti \u017eivotaschopnou populaci tohoto ohro\u017een\u00e9ho druhu a vr\u00e1tit ho do m\u00edst jeho p\u016fvodn\u00edho v\u00fdskytu.<\/p>\n<p>H\u0159\u00edb\u011b zat\u00edm spolu s dal\u0161\u00edmi klisnami ob\u00fdv\u00e1 takzvanou aklimatiza\u010dn\u00ed ohradu v reintroduk\u010dn\u00edm centru Alibi na okraji rezervace Altyn Dala. Podle prvn\u00edch pozorov\u00e1n\u00ed je zdrav\u00e9, pije mate\u0159sk\u00e9 ml\u00e9ko a jeho matka se o n\u011bj p\u0159\u00edkladn\u011b star\u00e1. \u201eNeust\u00e1le je mu nabl\u00edzku, energicky si ho h\u00e1j\u00ed p\u0159ed z\u00e1jmem ostatn\u00edch klisen a pravideln\u011b ho nech\u00e1v\u00e1 p\u00edt mate\u0159sk\u00e9 ml\u00e9ko,\u201c popsal Ma\u0161ek.<\/p>\n<p>\u201eNarozen\u00ed h\u0159\u00edb\u011bte je jeden z mnoha krok\u016f na cest\u011b k \u00fasp\u011b\u0161n\u00e9 reintrodukci tohoto druhu do voln\u00e9 p\u0159\u00edrody Kazachst\u00e1nu, jde v\u0161ak o miln\u00edk z\u00e1sadn\u00ed a tak\u00e9 velmi radostn\u00fd a hmatateln\u00fd,\u201c uvedla \u0159editelka Zoo Praha Lenka Poliakov\u00e1. Uvedla, \u017ee n\u00e1vrat kon\u011b P\u0159evalsk\u00e9ho do m\u00edst jeho p\u016fvodn\u00edho v\u00fdskytu je n\u00e1ro\u010dn\u00fd a pln\u00fd v\u00fdzev a narozen\u00ed h\u0159\u00edb\u011bte podle n\u00ed dod\u00e1v\u00e1 v\u0161em, kte\u0159\u00ed se na projektu pod\u00edlej\u00ed, energii k dal\u0161\u00edmu sna\u017een\u00ed.<\/p>\n<p>    <a aria-label=\"Zoo Praha dokon\u010dila rekordn\u00ed misi: Do Kazachst\u00e1nu p\u0159epravila osm kon\u00ed P\u0159evalsk\u00e9ho\" title=\"Zoo Praha dokon\u010dila rekordn\u00ed misi: Do Kazachst\u00e1nu p\u0159epravila osm kon\u00ed P\u0159evalsk\u00e9ho\" href=\"https:\/\/www.blesk.cz\/clanek\/regiony-praha-praha-zpravy\/841232\/zoo-praha-dokoncila-rekordni-misi-do-kazachstanu-prepravila-osm-koni-prevalskeho.html\" class=\"article-card article-card--type-1 artobj\" data-track-click=\"{&quot;clickTo&quot;:&quot;button&quot;,&quot;link&quot;:{&quot;type&quot;:&quot;article-card&quot;,&quot;text&quot;:&quot;Zoo Praha dokon\u010dila rekordn\u00ed misi: Do Kazachst\u00e1nu p\u0159epravila osm kon\u00ed P\u0159evalsk\u00e9ho&quot;,&quot;url&quot;:&quot;https:\/\/www.blesk.cz\/clanek\/regiony-praha-praha-zpravy\/841232\/zoo-praha-dokoncila-rekordni-misi-do-kazachstanu-prepravila-osm-koni-prevalskeho.html&quot;,&quot;location&quot;:&quot;page&quot;}}\" data-track-element-id=\"artobject-article-link-0-841232\" data-track-list=\"{\" item=\"\" praha=\"\" dokon=\"\" rekordn=\"\" misi:=\"\" do=\"\" kazachst=\"\" p=\"\" osm=\"\" kon=\"\" rel=\"nofollow noopener\" target=\"_blank\"><\/p>\n<p>\t<img decoding=\"async\" src=\"https:\/\/www.europesays.com\/cz\/wp-content\/uploads\/2026\/08\/9869308.jpg\" alt=\"Zoo Praha pokra\u010duje v n\u00e1vratu kon\u00ed P\u0159evalsk\u00e9ho do voln\u00e9 p\u0159\u00edrody.\" title=\"\" width=\"238\" height=\"158,67\" class=\"\" style=\"aspect-ratio: 238 \/ 158,67\" loading=\"lazy\"\/><\/p>\n<p>    Zoo Praha dokon\u010dila rekordn\u00ed misi: Do Kazachst\u00e1nu p\u0159epravila osm kon\u00ed P\u0159evalsk\u00e9ho<\/p>\n<p>    <\/a><\/p>\n<p>H\u0159ebe\u010dek je prvn\u00edm ml\u00e1d\u011btem kon\u011b P\u0159evalsk\u00e9ho v oblasti, ze kter\u00e9 tento posledn\u00ed divok\u00fd k\u016f\u0148 planety vymizel p\u0159ed v\u00edce ne\u017e 200 lety. D\u016fvodem jeho vyhuben\u00ed byl p\u0159edev\u0161\u00edm lov a tlak ze strany farm\u00e1\u0159\u016f a chovatel\u016f dom\u00e1c\u00edch zv\u00ed\u0159at. V p\u0159\u00edrod\u011b byl pozd\u011bji vyhuben \u00fapln\u011b a p\u0159e\u017eil d\u00edky chovu v lidsk\u00e9 p\u00e9\u010di.<\/p>\n<p>V p\u0159\u00ed\u0161t\u00edch t\u00fddnech by v Kazachst\u00e1nu mohla p\u0159ib\u00fdt dal\u0161\u00ed h\u0159\u00edbata. Porod se o\u010dek\u00e1v\u00e1 tak\u00e9 u dal\u0161\u00edch dvou klisen v reintroduk\u010dn\u00edm centru Alibi. Na m\u00edst\u011b se o kon\u011b staraj\u00ed pracovn\u00edci Asociace pro ochranu biodiverzity Kazachst\u00e1nu (ACBK).<\/p>\n<p>K\u016f\u0148 P\u0159evalsk\u00e9ho<\/p>\n<p>K\u016f\u0148 P\u0159evalsk\u00e9ho je posledn\u00edm \u017eij\u00edc\u00edm druhem divok\u00e9ho kon\u011b, z p\u0159\u00edrody vymizel koncem 60. let minul\u00e9ho stolet\u00ed, v lidsk\u00e9 p\u00e9\u010di ale byla stabiln\u011b rostouc\u00ed populace, kter\u00e1 umo\u017enila reintrodukci druhu nejprve do \u010c\u00edny a pak do Mongolska. Do step\u00ed Altyn Dala chce podle d\u0159\u00edv\u011bj\u0161\u00edch informac\u00ed postupn\u011b p\u0159ev\u00e9zt zhruba 40 kon\u00ed, nyn\u00ed jich tam je i s h\u0159\u00edb\u011btem 22. Na p\u0159evozech spolupracuje tak\u00e9 Tierpark Berl\u00edn, kter\u00fd kon\u011b P\u0159evalsk\u00e9ho rovn\u011b\u017e chov\u00e1.<\/p>\n<p>V pra\u017esk\u00e9 zoo a v jej\u00ed chovn\u00e9 a aklimatiza\u010dn\u00ed stanici v Doln\u00edm Dob\u0159ejov\u011b se narodilo p\u0159es 260 h\u0159\u00edbat. Celkem je v evropsk\u00e9m chovn\u00e9m programu podle d\u0159\u00edv\u011bj\u0161\u00edch informac\u00ed asi 830 kon\u00ed P\u0159evalsk\u00e9ho, dal\u0161\u00ed jsou mimo tyto programy.<\/p>\n<p>          <a class=\"galleryNext\" href=\"https:\/\/www.blesk.cz\/galerie\/regiony-praha-praha-volny-cas\/1495583\/obrovsky-uspech-prazske-zoo-v-kazachstanu-se-po-stovkach-let-narodilo-hribe-kone-prevalskeho?foto=2\" rel=\"nofollow noopener\" target=\"_blank\"><\/p>\n<p>          <\/a><br \/>\n          <a href=\"https:\/\/www.blesk.cz\/galerie\/regiony-praha-praha-volny-cas\/1495583\/obrovsky-uspech-prazske-zoo-v-kazachstanu-se-po-stovkach-let-narodilo-hribe-kone-prevalskeho?foto=1\" class=\"photoIn\" rel=\"nofollow noopener\" target=\"_blank\"><br \/>\n            <img decoding=\"async\" src=\"https:\/\/www.europesays.com\/cz\/wp-content\/uploads\/2026\/08\/9859474.jpg\" title=\"N\u00e1vrat divok\u00fdch kon\u00ed: \u010cty\u0159i h\u0159ebci P\u0159evalsk\u00e9ho odlet\u011bli z Prahy do Kazachst\u00e1nu (31. 5. 2026).\" alt=\"N\u00e1vrat divok\u00fdch kon\u00ed: \u010cty\u0159i h\u0159ebci P\u0159evalsk\u00e9ho odlet\u011bli z Prahy do Kazachst\u00e1nu (31. 5. 2026).\" width=\"520\" loading=\"lazy\"\/><br \/>\n          <\/a><\/p>\n<p>N\u00e1vrat divok\u00fdch kon\u00ed: \u010cty\u0159i h\u0159ebci P\u0159evalsk\u00e9ho odlet\u011bli z Prahy do Kazachst\u00e1nu (31. 5. 2026).<\/p>\n<p>Autor:\u00a0Zoo Praha<\/p>\n","protected":false},"excerpt":{"rendered":"Trojsk\u00e1 zoo chov\u00e1 kon\u011b P\u0159evalsk\u00e9ho od roku 1932 a od roku 1959 vede jejich mezin\u00e1rodn\u00ed plemennou knihu. P\u0159epravu&hellip;\n","protected":false},"author":2,"featured_media":191132,"comment_status":"","ping_status":"","sticky":false,"template":"","format":"standard","meta":{"footnotes":"","_share_on_mastodon":"0"},"categories":[30],"tags":[4834,28559,98,99,1445,476,30570,44441,103,11800],"class_list":["post-191131","post","type-post","status-publish","format-standard","has-post-thumbnail","category-praha","tag-kazachstan","tag-kun-prevalskeho","tag-prague","tag-praha","tag-priroda","tag-projekt","tag-step","tag-tessa","tag-zoo-praha","tag-zorro"],"share_on_mastodon":{"url":"https:\/\/pubeurope.com\/@cz\/117156069828004206","error":""},"_links":{"self":[{"href":"https:\/\/www.europesays.com\/cz\/wp-json\/wp\/v2\/posts\/191131","targetHints":{"allow":["GET"]}}],"collection":[{"href":"https:\/\/www.europesays.com\/cz\/wp-json\/wp\/v2\/posts"}],"about":[{"href":"https:\/\/www.europesays.com\/cz\/wp-json\/wp\/v2\/types\/post"}],"author":[{"embeddable":true,"href":"https:\/\/www.europesays.com\/cz\/wp-json\/wp\/v2\/users\/2"}],"replies":[{"embeddable":true,"href":"https:\/\/www.europesays.com\/cz\/wp-json\/wp\/v2\/comments?post=191131"}],"version-history":[{"count":0,"href":"https:\/\/www.europesays.com\/cz\/wp-json\/wp\/v2\/posts\/191131\/revisions"}],"wp:featuredmedia":[{"embeddable":true,"href":"https:\/\/www.europesays.com\/cz\/wp-json\/wp\/v2\/media\/191132"}],"wp:attachment":[{"href":"https:\/\/www.europesays.com\/cz\/wp-json\/wp\/v2\/media?parent=191131"}],"wp:term":[{"taxonomy":"category","embeddable":true,"href":"https:\/\/www.europesays.com\/cz\/wp-json\/wp\/v2\/categories?post=191131"},{"taxonomy":"post_tag","embeddable":true,"href":"https:\/\/www.europesays.com\/cz\/wp-json\/wp\/v2\/tags?post=191131"}],"curies":[{"name":"wp","href":"https:\/\/api.w.org\/{rel}","templated":true}]}}