{"id":191191,"date":"2026-08-25T13:08:19","date_gmt":"2026-08-25T13:08:19","guid":{"rendered":"https:\/\/www.europesays.com\/cz\/191191\/"},"modified":"2026-08-25T13:08:19","modified_gmt":"2026-08-25T13:08:19","slug":"brasko-co-s-tou-plzni-udelame-lecba-kovacem-prave-zacina","status":"publish","type":"post","link":"https:\/\/www.europesays.com\/cz\/191191\/","title":{"rendered":"Br\u00e1\u0161ko, co s\u00a0tou Plzn\u00ed ud\u011bl\u00e1me? L\u00e9\u010dba Kov\u00e1\u010dem pr\u00e1v\u011b za\u010d\u00edn\u00e1"},"content":{"rendered":"<p class=\"e_bX\">Kdy se probud\u00ed Viktoria Plze\u0148? Ohl\u00e1sila \u00fatok na fotbalov\u00fd titul, jen\u017ee za \u010dty\u0159i ligov\u00e1 kola m\u00e1 nuzn\u00fdch p\u011bt bod\u016f, v\u00a0duelu o\u00a0Evropskou ligu vyho\u0159ela v\u00a0B\u011blehrad\u011b a\u00a0vyhodila tren\u00e9ra Martina Hysk\u00e9ho. Co zm\u016f\u017ee n\u00e1stupce Radoslav Kov\u00e1\u010d? <\/p>\n<p class=\"e_bX\">Rychl\u00e1 zpr\u00e1va z\u00a0fotbalov\u00e9 <a data-dot=\"atm-tag-link\" href=\"https:\/\/www.seznamzpravy.cz\/tag\/fc-viktoria-plzen-56428\" class=\"e_n atm-tag-link\" rel=\"nofollow noopener\" target=\"_blank\">Plzn\u011b<\/a>: jedin\u00e9 v\u00edt\u011bzstv\u00ed ze \u010dty\u0159 ligov\u00fdch z\u00e1pas\u016f a\u00a0pr\u016fb\u011b\u017en\u00e9 dvan\u00e1ct\u00e9 m\u00edsto v\u00a0tabulce, co\u017e zav\u00e1n\u00ed ostudou. P\u0159esn\u011b p\u0159ed m\u011bs\u00edcem p\u0159itom v\u00a0podcastu MVP, ve kter\u00e9m Seznam Zpr\u00e1vy glosuj\u00ed fotbalov\u00e9 d\u011bn\u00ed, zazn\u011bla ot\u00e1zka: Nem\u011bl byt tren\u00e9r <a data-dot=\"atm-tag-link\" href=\"https:\/\/www.seznamzpravy.cz\/tag\/martin-hysky-102304\" class=\"e_n atm-tag-link\" rel=\"nofollow noopener\" target=\"_blank\">Martin Hysk\u00fd<\/a> skon\u010dit, aby se Viktoria zvedla?<\/p>\n<p class=\"e_bX\">Poka\u017een\u00e1 ligov\u00e1 premi\u00e9ra 1:3\u00a0s\u00a0Libercem tehdy nazna\u010dila, \u017ee Viktoria po letn\u00ed pauze nefunguje a\u00a0kv\u016fli \u0161patn\u00e9 chemii v\u00a0mu\u017estvu fungovat ani nem\u016f\u017ee. Trvalo dal\u0161\u00ed \u010dty\u0159i z\u00e1pasy, ne\u017e se \u0161\u00e9fov\u00e9 rozhodli, \u017ee tren\u00e9ra vym\u011bn\u00ed. \u201eUd\u011blali by to d\u0159\u00edv, kdyby m\u011bli super n\u00e1hradu. Tohle nikam nevedlo,\u201c zd\u016fraznil b\u00fdval\u00fd ligov\u00fd z\u00e1lo\u017en\u00edk Tom\u00e1\u0161 Ku\u010dera, st\u00e1lice podcastu MVP.<\/p>\n<p class=\"e_bX\">\u201eKdyby byl \u0161\u00e9fem klubu Adolf \u0160\u00e1dek, jak ho zn\u00e1m, bez milosti by toho \u0159\u00edznul d\u0159\u00edv. O\u00a0tom jsem p\u0159esv\u011bd\u010den\u00fd,\u201c dodal Jan Pali\u010dka, sportovn\u00ed report\u00e9r <a data-dot=\"atm-tag-link\" href=\"https:\/\/www.seznamzpravy.cz\/tag\/seznam-zpravy-48463\" class=\"e_n atm-tag-link\" rel=\"nofollow noopener\" target=\"_blank\">Seznam Zpr\u00e1vy<\/a>.<\/p>\n<p class=\"e_bX\"><a data-dot=\"atm-tag-link\" href=\"https:\/\/www.seznamzpravy.cz\/tag\/adolf-sadek-62119\" class=\"e_n atm-tag-link\" rel=\"nofollow noopener\" target=\"_blank\">Adolf \u0160\u00e1dek<\/a> v\u0161ak podl\u00e9h\u00e1 majiteli Michalu <a data-dot=\"atm-tag-link\" href=\"https:\/\/www.seznamzpravy.cz\/tag\/michal-strnad-58912\" class=\"e_n atm-tag-link\" rel=\"nofollow noopener\" target=\"_blank\">Strnadovi<\/a>, nejbohat\u0161\u00edmu z\u00a0\u010cech\u016f, kter\u00fd si dal na \u010das. Zbroja\u0159sk\u00fd magn\u00e1t si dob\u0159e pamatoval, jak Plze\u0148 loni v\u00a0\u0159\u00edjnu hledala nov\u00e9ho kou\u010de. Na\u0161la ho v\u00a0Karvin\u00e9 a\u00a0z\u00e1rove\u0148 se musela v\u00a0z\u00e1kulis\u00ed domluvit s\u00a0konkuren\u010dn\u00ed Slavi\u00ed, kter\u00e1 si Hysk\u00e9ho ti\u0161e chystala jako p\u0159\u00edpadnou n\u00e1hradu za Jind\u0159icha Trpi\u0161ovsk\u00e9ho. Jen\u017ee v\u0161echno je r\u00e1zem jinak. Hysk\u00e9mu zlomil vaz \u010dtvrte\u010dn\u00ed v\u00fdkon v\u00a0B\u011blehrad\u011b, kter\u00fd byl v\u00a0boji o\u00a0<a data-dot=\"atm-tag-link\" href=\"https:\/\/www.seznamzpravy.cz\/tag\/evropska-liga-uefa-56818\" class=\"e_n atm-tag-link\" rel=\"nofollow noopener\" target=\"_blank\">Evropskou ligu <\/a>katastrof\u00e1ln\u00ed. Plze\u0148 se ztrapnila por\u00e1\u017ekou 0:3\u00a0a\u00a0druh\u00fd den konala. Hysk\u00e9ho vyhodila a\u00a0instalovala <a data-dot=\"atm-tag-link\" href=\"https:\/\/www.seznamzpravy.cz\/tag\/radoslav-kovac-94702\" class=\"e_n atm-tag-link\" rel=\"nofollow noopener\" target=\"_blank\">Radoslava Kov\u00e1\u010de<\/a>, kter\u00fd u\u017e v\u00a0ned\u011bli vedl prvn\u00ed tr\u00e9nink.<\/p>\n<p><a data-dot=\"mol-article-card-media\" aria-hidden=\"true\" tabindex=\"-1\" href=\"https:\/\/www.seznamzpravy.cz\/clanek\/audio-podcast-mvp-liga-a-jeji-zradci-sparta-si-hraje-s-ohnem-boril-ztratil-kredit-313372\" class=\"e_n f_l8\" rel=\"nofollow noopener\" target=\"_blank\"><img fetchpriority=\"high\" height=\"1080\"   width=\"1920\" src=\"https:\/\/www.europesays.com\/cz\/wp-content\/uploads\/2026\/08\/1787663296_780_mvp-matej-jurasek.jpeg\" loading=\"eager\" decoding=\"sync\" class=\"e_aa e_Z\"\/><\/a><\/p>\n<p class=\"e_bX\">\u201eVid\u011bli jste prvn\u00ed video, jak se v\u00edt\u00e1 s\u00a0hr\u00e1\u010di? Takov\u00e1 blbost, p\u0159itom kabina najednou p\u016fsobila extr\u00e9mn\u011b nad\u0161en\u011b, \u017ee je tam n\u011bkdo jin\u00fd. Hr\u00e1\u010di c\u00edtili nov\u00fd el\u00e1n. Bude to impuls,\u201c v\u0161iml si Anton\u00edn Rosa, dal\u0161\u00ed z\u00a0expert\u016f MVP.<\/p>\n<p class=\"e_bX\">Hysk\u00fd, jeho\u017e v\u00a0Plzni pova\u017eovali za vysn\u011bn\u00e9ho, je r\u00e1zem pry\u010d. <a data-dot=\"atm-tag-link\" href=\"https:\/\/www.seznamzpravy.cz\/tag\/chance-liga-fotbal-114683\" class=\"e_n atm-tag-link\" rel=\"nofollow noopener\" target=\"_blank\">Chance liga<\/a> t\u00edm p\u00e1dem pro\u017eila prvn\u00ed vyhazov v\u00a0sezon\u011b. O\u00a0dal\u0161\u00ed bleskov\u00e9 zm\u011bn\u011b se m\u016f\u017ee uva\u017eovat ve Zl\u00edn\u011b, kter\u00fd je pod Bronislavem \u010cervenkou zat\u00edm na nule. Pouh\u00fd bod zat\u00edm z\u00edskal Artis Brno, Slov\u00e1cko a\u00a0Pardubice. Ale zp\u00e1tky k\u00a0Plzni, kterou experti p\u0159ed sezonou vid\u011bli, \u017ee bude \u0161lapat. M\u00edsto toho vr\u00e1vor\u00e1.<\/p>\n<p><img height=\"1157\"   width=\"1800\" src=\"https:\/\/www.europesays.com\/cz\/wp-content\/uploads\/2026\/08\/fotbal-plzen.jpeg\" loading=\"eager\" decoding=\"sync\" class=\"e_aa e_Z\"\/>Foto: Profimedia.cz<\/p>\n<p class=\"e_bX\">Posledn\u00ed tanec proti Martina Hysk\u00e9ho. Plze\u0148 vyhodila tren\u00e9ra p\u0159ed v\u00edkendem po poh\u00e1rov\u00e9m trapasu 0:3\u00a0v\u00a0B\u011blehrad\u011b.<\/p>\n<p class=\"e_bX\">Tren\u00e9r Hysk\u00fd rotoval se jm\u00e9ny, reprezentanti <a data-dot=\"atm-tag-link\" href=\"https:\/\/www.seznamzpravy.cz\/tag\/denis-visinsky-95971\" class=\"e_n atm-tag-link\" rel=\"nofollow noopener\" target=\"_blank\">Denis Vi\u0161insk\u00fd<\/a>, <a data-dot=\"atm-tag-link\" href=\"https:\/\/www.seznamzpravy.cz\/tag\/alexandr-sojka-124048\" class=\"e_n atm-tag-link\" rel=\"nofollow noopener\" target=\"_blank\">Alexandr Sojka<\/a>, Amar Memi\u010d, <a data-dot=\"atm-tag-link\" href=\"https:\/\/www.seznamzpravy.cz\/tag\/tomas-ladra-117258\" class=\"e_n atm-tag-link\" rel=\"nofollow noopener\" target=\"_blank\">Tom\u00e1\u0161 Ladra<\/a> nebo Merchas Doski zat\u00edm marn\u011b hledaj\u00ed formu, rakousk\u00fd brank\u00e1\u0159 Florian Wiegele je p\u0159\u00edli\u0161 propustn\u00fd, kapit\u00e1n <a data-dot=\"atm-tag-link\" href=\"https:\/\/www.seznamzpravy.cz\/tag\/matej-vydra-98806\" class=\"e_n atm-tag-link\" rel=\"nofollow noopener\" target=\"_blank\">Mat\u011bj Vydra<\/a> funguje jen jako v\u00fdpl\u0148 a\u00a0cel\u00e1 obrann\u00e1 \u0159ada hraje naivn\u011b. Z\u00e1lo\u017en\u00edk <a data-dot=\"atm-tag-link\" href=\"https:\/\/www.seznamzpravy.cz\/tag\/lukas-cerv-93850\" class=\"e_n atm-tag-link\" rel=\"nofollow noopener\" target=\"_blank\">Luk\u00e1\u0161 \u010cerv<\/a>, n\u011bkdej\u0161\u00ed l\u00eddr, se teprve postupn\u011b a\u00a0hodn\u011b kostrbat\u011b dost\u00e1v\u00e1 z\u00a0pozice n\u00e1hradn\u00edka.<\/p>\n<p class=\"e_bX\">Vzhledem k\u00a0tomu, \u017ee \u017e\u00e1dn\u00fd progres pod Hysk\u00fdm nenastal, jako neodkladn\u00e9 se jevila v\u00fdm\u011bna tren\u00e9ra. \u201ePlze\u0148, pokud ze sv\u00e9ho sm\u011bru neuhne, v\u00a0budoucnu nemine, aby p\u0159ivedla n\u011bkoho ze zahrani\u010d\u00ed, ale te\u010f ud\u011blala dob\u0159e s\u00a0Kov\u00e1\u010dem. On um\u00ed vytvo\u0159it kabinu,\u201c odhadoval Rosa.<\/p>\n<p><a data-dot=\"mol-article-card-media\" aria-hidden=\"true\" tabindex=\"-1\" href=\"https:\/\/www.seznamzpravy.cz\/clanek\/sport-fotbal-nesnasime-te-a-chceme-abys-to-vedel-slavistu-ceka-ve-sparte-pekelny-test-313232\" class=\"e_n f_l8\" rel=\"nofollow noopener\" target=\"_blank\"><img height=\"1012\"   width=\"1800\" src=\"https:\/\/www.europesays.com\/cz\/wp-content\/uploads\/2026\/08\/1787663298_459_fotbal-sparta.jpeg\" loading=\"eager\" decoding=\"sync\" class=\"e_aa e_Z\"\/><\/a><\/p>\n<p class=\"e_bX\">\u201eKr\u00e1tkodob\u011b to Viktorce pom\u016f\u017ee. Ale z\u00e1rove\u0148 bude hledat d\u00e1l,\u201c dodal moder\u00e1tor Karel Tvaroh.<\/p>\n<p class=\"e_bX\">V\u00fd\u0159e\u010dn\u00fd fe\u0161\u00e1k Kov\u00e1\u010d, b\u00fdval\u00fd reprezenta\u010dn\u00ed obr\u00e1nce, kter\u00fd \u00fasp\u011b\u0161n\u011b kopal ve Spart\u011b, Moskv\u011b nebo West Hamu, zat\u00edm coby tren\u00e9r p\u0159\u00edli\u0161 neusp\u011bl. Po Opav\u011b p\u0159evzal T\u00e1borsko, pak si ud\u011blal jm\u00e9no v\u00a0Pardubic\u00edch, v\u00a0Liberci zase kredit lehce poztr\u00e1cel. Te\u010f je na \u0159ad\u011b Plze\u0148.<\/p>\n<p class=\"e_bX\">\u201eU\u017e jako hr\u00e1\u010d byl vylo\u017een\u011b pozitivn\u00ed. Fungoval jako motiv\u00e1tor, dod\u00e1val energii a\u00a0inspiraci. Kabinu si um\u011bl z\u00edskat, ka\u017ed\u00e9mu \u0159\u00edkal br\u00e1\u0161ko, co\u017e mu z\u016fstalo. Je bezprost\u0159edn\u00ed. Sv\u00e9 chov\u00e1n\u00ed nehraje. Nen\u00ed v\u00a0tom \u017e\u00e1dn\u00fd kalkul,\u201c vypr\u00e1v\u011bl Pali\u010dka, kter\u00fd mimo jin\u00e9 zavzpom\u00ednal, jak Kov\u00e1\u010d coby osmn\u00e1ctilet\u00fd zelen\u00e1\u010d z\u00a0Olomouce poprv\u00e9 nasko\u010dil do ligy. To byl rok 1998.\u00a0Dnes u\u017e m\u00e1 odkou\u010dov\u00e1no 124\u00a0z\u00e1pas\u016f v\u00a0lize a\u00a0dal\u0161\u00ed ho \u010dekaj\u00ed v\u00a0Plzni. Startem bude \u010dtvrte\u010dn\u00ed odveta s\u00a0CZ B\u011blehrad, kter\u00e1 po t\u0159\u00edbrankov\u00e9 por\u00e1\u017ece vypad\u00e1 nespraviteln\u00e1. V\u00a0ned\u011bli je na programu liga se Slov\u00e1ckem.<\/p>\n<p class=\"e_bX\">Podcast MVP se pochopiteln\u011b nezaob\u00edral jen tren\u00e9rskou zm\u011bnou v\u00a0Plzni, ale z\u00e1rove\u0148 d\u016frazn\u011b upozornil t\u0159eba na ostr\u00e9 derby <a data-dot=\"atm-tag-link\" href=\"https:\/\/www.seznamzpravy.cz\/tag\/ac-sparta-praha-56005\" class=\"e_n atm-tag-link\" rel=\"nofollow noopener\" target=\"_blank\">Sparta<\/a> versus <a data-dot=\"atm-tag-link\" href=\"https:\/\/www.seznamzpravy.cz\/tag\/sk-slavia-praha-56401\" class=\"e_n atm-tag-link\" rel=\"nofollow noopener\" target=\"_blank\">Slavia<\/a>, kter\u00e9 se bl\u00ed\u017e\u00ed. Je <a data-dot=\"atm-tag-link\" href=\"https:\/\/www.seznamzpravy.cz\/tag\/adam-karabec-10510\" class=\"e_n atm-tag-link\" rel=\"nofollow noopener\" target=\"_blank\">Adam Karabec<\/a> spr\u00e1vn\u00fdm kapit\u00e1nem Sparty? Kolik minut asi dostane exsl\u00e1vista <a data-dot=\"atm-tag-link\" href=\"https:\/\/www.seznamzpravy.cz\/tag\/matej-jurasek-93919\" class=\"e_n atm-tag-link\" rel=\"nofollow noopener\" target=\"_blank\">Mat\u011bj Jur\u00e1sek<\/a>? Co vymysl\u00ed tren\u00e9r <a data-dot=\"atm-tag-link\" href=\"https:\/\/www.seznamzpravy.cz\/tag\/brian-priske-68336\" class=\"e_n atm-tag-link\" rel=\"nofollow noopener\" target=\"_blank\">Priske<\/a> na kolegu <a data-dot=\"atm-tag-link\" href=\"https:\/\/www.seznamzpravy.cz\/tag\/jindrich-trpisovsky-15415\" class=\"e_n atm-tag-link\" rel=\"nofollow noopener\" target=\"_blank\">Trpi\u0161ovsk\u00e9ho<\/a>? Pro\u010d to Slavii zat\u00edm drhne? Nem\u011bl by si <a data-dot=\"atm-tag-link\" href=\"https:\/\/www.seznamzpravy.cz\/tag\/lukas-provod-94162\" class=\"e_n atm-tag-link\" rel=\"nofollow noopener\" target=\"_blank\">Luk\u00e1\u0161 Provod<\/a> sednou mezi n\u00e1hradn\u00edky? A\u00a0bude hr\u00e1t <a data-dot=\"atm-tag-link\" href=\"https:\/\/www.seznamzpravy.cz\/tag\/tomas-chory-76723\" class=\"e_n atm-tag-link\" rel=\"nofollow noopener\" target=\"_blank\">Tom\u00e1\u0161 Chor\u00fd<\/a> od za\u010d\u00e1tku? Podzimn\u00ed \u0161l\u00e1gr se hraje v\u00a0ned\u011bli od 20.00\u00a0na Letn\u00e9.<\/p>\n<p>MVP: Fotbalov\u00fd podcast<\/p>\n<p class=\"e_bX\">Fotbal ze v\u0161ech mo\u017en\u00fdch i\u00a0nemo\u017en\u00fdch \u00fahl\u016f pohledu. MVP jsou b\u00fdval\u00ed fotbalov\u00ed profesion\u00e1lov\u00e9 Karel Tvaroh, Anton\u00edn Rosa, Tom\u00e1\u0161 Ku\u010dera a\u00a0zku\u0161en\u00fd novin\u00e1\u0159 Jan Pali\u010dka, \u0161\u00e9f sportovn\u00ed rubriky Seznam Zpr\u00e1v. Spole\u010dn\u011b s\u00a0n\u00e1mi hledejte nejd\u016fle\u017eit\u011bj\u0161\u00ed hr\u00e1\u010de, tren\u00e9ry, p\u0159estupy, akce, probl\u00e9my. Do hloubky a\u00a0s humorem. I\u00a0vy m\u016f\u017eete b\u00fdt MVP. Ka\u017ed\u00e9 \u00fater\u00fd na webu <a data-dot=\"atm-link\" target=\"_blank\" href=\"https:\/\/www.seznamzpravy.cz\/sekce\/audio-podcast-mvp-500\" class=\"e_n\" rel=\"nofollow noopener\">Seznam Zpr\u00e1v<\/a>.<\/p>\n<p><img height=\"640\"   width=\"1920\" src=\"https:\/\/www.europesays.com\/cz\/wp-content\/uploads\/2026\/08\/1787663299_470_mvp-fotbalovy-podcast.jpeg\" loading=\"eager\" decoding=\"sync\" class=\"e_aa e_Z\"\/>Foto: Seznam Zpr\u00e1vy<\/p>\n<p class=\"e_bX\">MVP: Fotbalov\u00fd podcast.<\/p>\n","protected":false},"excerpt":{"rendered":"Kdy se probud\u00ed Viktoria Plze\u0148? Ohl\u00e1sila \u00fatok na fotbalov\u00fd titul, jen\u017ee za \u010dty\u0159i ligov\u00e1 kola m\u00e1 nuzn\u00fdch p\u011bt&hellip;\n","protected":false},"author":2,"featured_media":191192,"comment_status":"","ping_status":"","sticky":false,"template":"","format":"standard","meta":{"footnotes":"","_share_on_mastodon":"0"},"categories":[10],"tags":[1198,30122,7834,25746,2201,1177,22452,863,328,326,17,21,3101,18805,868,42859,39275,5241,16,867,864,3210,18,19,22,20],"class_list":["post-191191","post","type-post","status-publish","format-standard","has-post-thumbnail","category-zpravy","tag-ac-sparta-praha","tag-adam-karabec","tag-adolf-sadek","tag-alexandr-sojka","tag-brian-priske","tag-chance-liga-fotbal","tag-denis-visinsky","tag-fc-slovan-liberec","tag-fc-viktoria-plzen","tag-fotbal","tag-headlines","tag-hlavni-udalosti","tag-jindrich-trpisovsky","tag-lukas-cerv","tag-lukas-provod","tag-matej-jurasek","tag-matej-vydra","tag-michal-strnad","tag-news","tag-radoslav-kovac","tag-sk-slavia-praha","tag-tomas-chory","tag-top-news","tag-top-stories","tag-udalosti-dne","tag-zpravy"],"share_on_mastodon":{"url":"https:\/\/pubeurope.com\/@cz\/117156309271826464","error":""},"_links":{"self":[{"href":"https:\/\/www.europesays.com\/cz\/wp-json\/wp\/v2\/posts\/191191","targetHints":{"allow":["GET"]}}],"collection":[{"href":"https:\/\/www.europesays.com\/cz\/wp-json\/wp\/v2\/posts"}],"about":[{"href":"https:\/\/www.europesays.com\/cz\/wp-json\/wp\/v2\/types\/post"}],"author":[{"embeddable":true,"href":"https:\/\/www.europesays.com\/cz\/wp-json\/wp\/v2\/users\/2"}],"replies":[{"embeddable":true,"href":"https:\/\/www.europesays.com\/cz\/wp-json\/wp\/v2\/comments?post=191191"}],"version-history":[{"count":0,"href":"https:\/\/www.europesays.com\/cz\/wp-json\/wp\/v2\/posts\/191191\/revisions"}],"wp:featuredmedia":[{"embeddable":true,"href":"https:\/\/www.europesays.com\/cz\/wp-json\/wp\/v2\/media\/191192"}],"wp:attachment":[{"href":"https:\/\/www.europesays.com\/cz\/wp-json\/wp\/v2\/media?parent=191191"}],"wp:term":[{"taxonomy":"category","embeddable":true,"href":"https:\/\/www.europesays.com\/cz\/wp-json\/wp\/v2\/categories?post=191191"},{"taxonomy":"post_tag","embeddable":true,"href":"https:\/\/www.europesays.com\/cz\/wp-json\/wp\/v2\/tags?post=191191"}],"curies":[{"name":"wp","href":"https:\/\/api.w.org\/{rel}","templated":true}]}}