{"id":191313,"date":"2026-08-25T14:48:10","date_gmt":"2026-08-25T14:48:10","guid":{"rendered":"https:\/\/www.europesays.com\/cz\/191313\/"},"modified":"2026-08-25T14:48:10","modified_gmt":"2026-08-25T14:48:10","slug":"nejlepsi-jedenactka-5-kola-chl-hrdinove-bohemky-odchovanec-sparty-i-nahradnik-chory","status":"publish","type":"post","link":"https:\/\/www.europesays.com\/cz\/191313\/","title":{"rendered":"Nejlep\u0161\u00ed jeden\u00e1ctka 5.\u00a0kola CHL: Hrdinov\u00e9 Bohemky, odchovanec Sparty i\u00a0n\u00e1hradn\u00edk Chor\u00fd"},"content":{"rendered":"<p class=\"e_cz\">P\u0159esto\u017ee dostal v\u00a0utk\u00e1n\u00ed se Slavi\u00ed dva g\u00f3ly, sv\u00fdmi z\u00e1kroky vybojoval Tom\u00e1\u0161 Fr\u00fchwald senza\u010dn\u00ed bod pro Bohemku v\u00a0Edenu. A\u00a0v\u0161ichni v\u00edme, \u017ee odtud se body moc \u010dasto nevoz\u00ed, Bohemce se to povedlo po 10\u00a0letech. Jej\u00ed brank\u00e1\u0159 si p\u0159ipsal 5\u00a0\u00fasp\u011b\u0161n\u00fdch z\u00e1krok\u016f a\u00a0z\u00a0toho vychytal dv\u011b velk\u00e9 \u0161ance. Zejm\u00e9na v\u00a0prvn\u00ed p\u016fli m\u011bla Slavia velk\u00fd tlak a\u00a0neb\u00fdt jeho, na body by Bohemka nedos\u00e1hla.<\/p>\n<p>Kr\u00e1sn\u00fd g\u00f3l Ryne\u0161e \u010di vybojovan\u00e9 souboje Drakpeho<\/p>\n<p class=\"e_cz\">Odchovanec pra\u017esk\u00e9 Sparty Mat\u011bj Ryne\u0161 jednozna\u010dn\u011b pat\u0159\u00ed mezi v\u00fdznamn\u00e9 tv\u00e1\u0159e klubu z\u00a0Letn\u00e9. Fanou\u0161ky si z\u00edsk\u00e1v\u00e1 nejen svou bojovnost\u00ed, ale i\u00a0kr\u00e1sn\u00fdmi g\u00f3ly. T\u0159eba jako tomu proti Artisu. Vedle n\u011bj m\u011bl ov\u0161em na sv\u00e9m kont\u011b i\u00a012\u00a0z\u00edskan\u00fdch m\u00ed\u010d\u016f nebo 8\u00a0p\u0159esn\u00fdch p\u0159ihr\u00e1vek do \u00fato\u010dn\u00e9 t\u0159etiny. Jednozna\u010dn\u011b pat\u0159il k\u00a0nejlep\u0161\u00edm hr\u00e1\u010d\u016fm sv\u00e9ho t\u00fdmu.<\/p>\n<p class=\"e_cz\">Defenzivn\u00ed fotbalista z\u00a0Toga Augustin Drakpe vypadal v\u00a0libereck\u00e9m dresu proti Zl\u00ednu skv\u011ble. M\u011bl velkou \u00fasp\u011b\u0161nost v\u00a0souboj\u00edch, d\u00edky \u010demu\u017e sv\u00e9 protihr\u00e1\u010de nepou\u0161t\u011bl do \u0161anc\u00ed. P\u0159ipsal si i\u00a0slu\u0161n\u00fd po\u010det dotek\u016f s\u00a0m\u00ed\u010dem a\u00a0p\u0159esn\u00fdch p\u0159ihr\u00e1vek. Na h\u0159i\u0161ti prost\u011b byl c\u00edtit.<\/p>\n<p class=\"e_cz\">Stejn\u011b jako \u0160t\u011bp\u00e1n Chaloupek. Ten sice tentokr\u00e1t neprom\u011bnil jednu svoj\u00ed velkou \u0161anci, ale p\u0159ihr\u00e1l na branku Tom\u00e1\u0161ovi Chor\u00e9mu a\u00a0vytvo\u0159il sv\u00fdm spoluhr\u00e1\u010d\u016fm i\u00a0dal\u0161\u00ed velkou \u0161anci. V\u00a0defenziv\u011b byl pov\u011bt\u0161inou spolehliv\u00fd a\u00a0soupe\u0159e do moc \u0161anc\u00ed nepou\u0161t\u011bl.<\/p>\n<p class=\"e_cz\">Brazilsk\u00fd obr\u00e1nce se slavn\u00fdm jm\u00e9nem Kak\u00e1 p\u0159edv\u00e1d\u00ed v\u00a0defenziv\u011b Brna zaj\u00edmav\u00e9 v\u00fdkony. Povedlo se mu to i\u00a0v\u00a0Teplic\u00edch, kde \u010dasto vyhr\u00e1val souboje, m\u011bl osm obrann\u00fdch odkop\u016f i\u00a010\u00a0progresivn\u00edch p\u0159ihr\u00e1vek. St\u00e1le teprve jedenadvacetilet\u00fd obr\u00e1nce by p\u0159ed sebou do budoucna mohl m\u00edt zaj\u00edmav\u00fd p\u0159estup, jednozna\u010dn\u011b m\u00e1 n\u011bjak\u00fd potenci\u00e1l.<\/p>\n<p>D\u0159\u00ed\u010d Havel, st\u0159elec Van\u00ed\u010dek, nebo produktivn\u00ed ma\u0161ina Jano\u0161ek<\/p>\n<p class=\"e_cz\">V\u00a0dresu Bohemky se na bodov\u00e9m zisku v\u00fdrazn\u011b pod\u00edlel i\u00a0zku\u0161en\u00fd Milan Havel. B\u00fdval\u00fd hr\u00e1\u010d Plzn\u011b dokazuje, \u017ee st\u00e1le um\u00ed b\u00fdt po sv\u016fj t\u00fdm platn\u00fd. V\u00a0z\u00e1pase se Slavi\u00ed nahr\u00e1val na g\u00f3l a\u00a0z\u00a0jeho strany hrozilo i\u00a0dal\u0161\u00ed nebezpe\u010d\u00ed. Je to obrovsk\u00fd pracant, kter\u00fd nevypust\u00ed \u017e\u00e1dn\u00fd souboj a\u00a0pro sv\u016fj t\u00fdm nech\u00e1 na h\u0159i\u0161ti v\u0161echno.<\/p>\n<p class=\"e_cz\">Nejv\u011bt\u0161\u00ed pozornost na sebe v\u00a0z\u00e1pase Brna v\u00a0Teplic\u00edch strhnul Anton\u00edn Van\u00ed\u010dek. Vst\u0159elil toti\u017e oba g\u00f3ly a\u00a0dok\u00e1zal, \u017ee na st\u0159\u00edlen\u00ed branek jednozna\u010dn\u011b m\u00e1 \u010duch. V\u00a0minul\u00fdch letech p\u0159itom p\u016fsobil p\u0159ev\u00e1\u017en\u011b v\u00a0druh\u00e9 nebo dokonce t\u0159et\u00ed lize a\u00a0s\u00a0jeho kari\u00e9rou to vypadalo v\u0161elijak. Nyn\u00ed ov\u0161em dostal chu\u0165\u00a0uk\u00e1zat, \u017ee m\u00e1 na \u00farove\u0148 nejvy\u0161\u0161\u00ed.<\/p>\n<p class=\"e_cz\">Dominik Jano\u0161ek byl p\u0159ed minulou sez\u00f3nou rozhodn\u011b zaj\u00edmavou posilou Sigmy. Ostatn\u011b se jedn\u00e1 o\u00a0hr\u00e1\u010de se zku\u0161enostmi z\u00a0Holandska. Pom\u011brn\u011b mu ov\u0161em trvalo, ne\u017e se prosadil a\u00a0\u010dasto st\u0159\u00eddal. V\u00a0zat\u00edm posledn\u00edm z\u00e1pase ov\u0161em jednozna\u010dn\u011b uk\u00e1zal sv\u00e9 kvality. Jeden g\u00f3l dal, na dal\u0161\u00ed dva p\u0159ihr\u00e1l a\u00a0pod\u00edlel se tak na v\u0161ech brank\u00e1ch sv\u00e9ho t\u00fdmu. Rozhodn\u011b zaj\u00edmav\u00fd v\u00fdkon, kter\u00fdm by si m\u011bl z\u00edskat d\u016fv\u011bru tren\u00e9ra.<\/p>\n<p class=\"e_cz\">Do nejlep\u0161\u00ed jeden\u00e1ctky se n\u00e1m dostal i\u00a0jeho spoluhr\u00e1\u010d Ahmad Ghali. Rovn\u011b\u017e on dal jeden z\u00a0g\u00f3l\u016f Sigmy. Celkov\u011b byl ov\u0161em aktivn\u00ed a\u00a0m\u011bl i\u00a0dal\u0161\u00ed \u0161ance \u010di p\u0159ihr\u00e1vky na sv\u00e9 kolegy. Na h\u0159i\u0161ti ukazuje svou pr\u00e1ci s\u00a0m\u00ed\u010dem i\u00a0rychlost, d\u00edky n\u00ed\u017e se dost\u00e1v\u00e1 k\u00a0bran\u00e1m soupe\u0159\u016f.<\/p>\n<p>Sta\u010d\u00ed jim m\u00e1lo a\u00a0daj\u00ed g\u00f3l<\/p>\n<p class=\"e_cz\">Ne v\u0161echny posily se Spart\u011b v\u00a0minul\u00fdch letech povedly. John Mercado ov\u0161em jednozna\u010dn\u011b pat\u0159\u00ed k\u00a0t\u011bm v\u00fdrazn\u011bj\u0161\u00edm. Proti Artisu vst\u0159elil svou leto\u0161n\u00ed u\u017e druhou branku, p\u0159esto\u017ee v\u00a0mnoha statistick\u00fdch ohledech nebyl tolik ve h\u0159e. Sta\u010d\u00ed mu ov\u0161em m\u00e1lo, aby svou p\u0159\u00edle\u017eitost vyu\u017eil.<\/p>\n<p class=\"e_cz\">Stejn\u011b jako Tom\u00e1\u0161ovi Chor\u00e9mu. Na h\u0159i\u0161t\u011b nastoupil a\u017e v\u00a063.\u00a0minut\u011b, po p\u0159ihr\u00e1vce \u0160t\u011bp\u00e1na Chaloupka si dok\u00e1zal skv\u011ble odstavit t\u011blem (bez faulu) protihr\u00e1\u010de a\u00a0vst\u0159elit vedouc\u00ed g\u00f3l. Bohu\u017eel na n\u011bj Bohemka dok\u00e1zala odpov\u011bd\u011bt a\u00a0nebyl tak v\u00edt\u011bzn\u00fd. I\u00a0p\u0159esto uk\u00e1zal op\u011bt Tom\u00e1\u0161 Chor\u00fd sv\u00e9 kvality.<\/p>\n<p class=\"e_cz\">Tren\u00e9rem na\u0161\u00ed nejlep\u0161\u00ed jeden\u00e1ctky nem\u016f\u017ee b\u00fdt nikdy jin\u00fd ne\u017e Jaroslav Vesel\u00fd. Dok\u00e1zal sv\u016fj t\u00fdm skv\u011ble p\u0159ipravit a\u00a0zasko\u010dit kvalitn\u00ed Slavii. Z\u00edskan\u00fd bod pro Bohemku v\u00a0Edenu asi \u010dekal m\u00e1lokdo. Klokan\u016fm na to p\u0159itom sta\u010dilo jen p\u00e1r \u0161anc\u00ed a\u00a0skv\u011ble funguj\u00edc\u00ed cel\u00e1 hra. Chv\u00edlemi sice byli pod tlakem,\u00a0ale dok\u00e1zali to ust\u00e1t. A\u00a0velkou m\u011brou se na tom samoz\u0159ejm\u011b pod\u00edl\u00ed svou taktikou a\u00a0p\u0159\u00edpravou i\u00a0tren\u00e9r.<\/p>\n<p class=\"e_cz\">Autor textu: Luk\u00e1\u0161 Lou\u017eeck\u00fd<\/p>\n<p class=\"e_cz\">Zdroj statistick\u00fdch informac\u00ed: Livesport<\/p>\n","protected":false},"excerpt":{"rendered":"P\u0159esto\u017ee dostal v\u00a0utk\u00e1n\u00ed se Slavi\u00ed dva g\u00f3ly, sv\u00fdmi z\u00e1kroky vybojoval Tom\u00e1\u0161 Fr\u00fchwald senza\u010dn\u00ed bod pro Bohemku v\u00a0Edenu. A\u00a0v\u0161ichni&hellip;\n","protected":false},"author":2,"featured_media":191314,"comment_status":"","ping_status":"","sticky":false,"template":"","format":"standard","meta":{"footnotes":"","_share_on_mastodon":"0"},"categories":[15],"tags":[44469,1177,326,4792,21924,94,93,5894,3210,11962],"class_list":["post-191313","post","type-post","status-publish","format-standard","has-post-thumbnail","category-sport","tag-ahmad-ghali","tag-chance-liga-fotbal","tag-fotbal","tag-john-mercado","tag-matej-rynes","tag-sport","tag-sports","tag-stepan-chaloupek","tag-tomas-chory","tag-tomas-fruhwald"],"share_on_mastodon":{"url":"https:\/\/pubeurope.com\/@cz\/117156701999231369","error":""},"_links":{"self":[{"href":"https:\/\/www.europesays.com\/cz\/wp-json\/wp\/v2\/posts\/191313","targetHints":{"allow":["GET"]}}],"collection":[{"href":"https:\/\/www.europesays.com\/cz\/wp-json\/wp\/v2\/posts"}],"about":[{"href":"https:\/\/www.europesays.com\/cz\/wp-json\/wp\/v2\/types\/post"}],"author":[{"embeddable":true,"href":"https:\/\/www.europesays.com\/cz\/wp-json\/wp\/v2\/users\/2"}],"replies":[{"embeddable":true,"href":"https:\/\/www.europesays.com\/cz\/wp-json\/wp\/v2\/comments?post=191313"}],"version-history":[{"count":0,"href":"https:\/\/www.europesays.com\/cz\/wp-json\/wp\/v2\/posts\/191313\/revisions"}],"wp:featuredmedia":[{"embeddable":true,"href":"https:\/\/www.europesays.com\/cz\/wp-json\/wp\/v2\/media\/191314"}],"wp:attachment":[{"href":"https:\/\/www.europesays.com\/cz\/wp-json\/wp\/v2\/media?parent=191313"}],"wp:term":[{"taxonomy":"category","embeddable":true,"href":"https:\/\/www.europesays.com\/cz\/wp-json\/wp\/v2\/categories?post=191313"},{"taxonomy":"post_tag","embeddable":true,"href":"https:\/\/www.europesays.com\/cz\/wp-json\/wp\/v2\/tags?post=191313"}],"curies":[{"name":"wp","href":"https:\/\/api.w.org\/{rel}","templated":true}]}}