{"id":191319,"date":"2026-08-25T14:52:12","date_gmt":"2026-08-25T14:52:12","guid":{"rendered":"https:\/\/www.europesays.com\/cz\/191319\/"},"modified":"2026-08-25T14:52:12","modified_gmt":"2026-08-25T14:52:12","slug":"lekarka-popsala-posledni-hodiny-pred-smrti-jeden-priznak-se-objevi-u-skoro-kazdeho-a-rodina-ho-nepozna","status":"publish","type":"post","link":"https:\/\/www.europesays.com\/cz\/191319\/","title":{"rendered":"L\u00e9ka\u0159ka popsala posledn\u00ed hodiny p\u0159ed smrt\u00ed. Jeden p\u0159\u00edznak se objev\u00ed u skoro ka\u017ed\u00e9ho a rodina ho nepozn\u00e1"},"content":{"rendered":"<p>Smrt je sice pro mnoho lid\u00ed velmi pochmurn\u00fdm t\u00e9matem, ale jednou se s n\u00ed setk\u00e1 naprosto ka\u017ed\u00fd. Zn\u00e1m\u00e1 l\u00e9ka\u0159ka tak nyn\u00ed prozradila, co se d\u011bje kr\u00e1tce p\u0159ed n\u00ed.\n<\/p>\n<p>\u017divot je velk\u00fd dar a stejn\u011b jako v\u0161e mus\u00ed jednou skon\u010dit. Pr\u00e1v\u011b to d\u011bs\u00ed drtivou v\u011bt\u0161inu populace, kter\u00e1 si nedok\u00e1\u017ee p\u0159edstavit,\u00a0\u017ee zni\u010dehonic p\u0159ijde smrt a jejich dny budou nav\u017edy spo\u010d\u00edtan\u00e9. Celou z\u00e1le\u017eitost se proto v sou\u010dasn\u00e9 dob\u011b sna\u017e\u00ed p\u0159ibli\u017eovat doktorka <a href=\"https:\/\/www.kathrynmannix.com\" target=\"_blank\" rel=\"noreferrer noopener nofollow\">Kathryn Mannix<\/a>, kter\u00e1 prozradila, co se d\u011bje s lidsk\u00fdm t\u011blem t\u011bsn\u011b p\u0159ed t\u00edm, ne\u017e ke smrti dojde.\u00a0<\/p>\n<p>V\u0161e to za\u010d\u00edn\u00e1 ztr\u00e1tou chuti k j\u00eddlu \u00a0<\/p>\n<p>P\u0159\u00edchod smrti nelze podle doktorky nikdy ur\u010dit na 100 %. Existuj\u00ed nicm\u00e9n\u011b ukazatele, kter\u00e9 mohou b\u00fdt p\u0159edzv\u011bst\u00ed toho,\u00a0\u017ee se bl\u00ed\u017e\u00ed a dojde k n\u00ed b\u011bhem n\u00e1sleduj\u00edc\u00edch dn\u016f. Ty se nicm\u00e9n\u011b u jednotlivc\u016f \u010dasto li\u0161\u00ed, proto\u017ee ka\u017ed\u00fd je jin\u00fd a opou\u0161t\u00ed tento sv\u011bt sv\u00fdm vlastn\u00edm zp\u016fsobem.<\/p>\n<p>Mnoho pacient\u016f v\u0161ak podle doktorky za\u010d\u00edn\u00e1 p\u0159ed smrt\u00ed ztr\u00e1cet chu\u0165 k j\u00eddlu. Tato f\u00e1ze byla pojmenov\u00e1na jako aktivn\u00ed um\u00edr\u00e1n\u00ed a krom\u011b odporu ke\u00a0konzumaci potravin se\u00a0u pacient\u016f paradoxn\u011b objevuje \u00faleva. Z\u00e1rove\u0148 v\u011bt\u0161ina z nich sl\u00e1bne, a to takov\u00fdm zp\u016fsobem, \u017ee ji\u017e nemohou sami od sebe vst\u00e1t z postele. N\u011bkdy k tomuto faktoru p\u0159isp\u00edvaj\u00ed nemoci.<\/p>\n<p>Pacienti maj\u00ed \u010dasto halucinace\u00a0<\/p>\n<p>Podle webu <a href=\"https:\/\/twice.hu\/vilag\/mi-tortenik-a-testtel-halal-elott-dr-kathryn-mannix\" target=\"_blank\" rel=\"noreferrer noopener nofollow\">Twice<\/a> rovn\u011b\u017e p\u0159ed smrt\u00ed doch\u00e1z\u00ed k poklesu energie. Pacientova srde\u010dn\u00ed frekvence kles\u00e1, stejn\u011b tak jeho krevn\u00ed tlak a on za\u010d\u00edn\u00e1 vyd\u00e1vat zvuk p\u0159ezd\u00edvan\u00fd jako smrteln\u00fd chrapot. Ten se\u00a0nej\u010dast\u011bji objevuje pr\u00e1v\u011b b\u011bhem posledn\u00edho dne \u017eivota, jak dod\u00e1v\u00e1 specialistka. Znateln\u00e9 je u pacient\u016f tak\u00e9 pomal\u00e9 a m\u011blk\u00e9 d\u00fdch\u00e1n\u00ed, kter\u00e9 se m\u016f\u017ee chv\u00edlemi \u00fapln\u011b zastavit.<\/p>\n<p>Co se t\u00fdk\u00e1 mozku, v\u011bt\u0161ina studi\u00ed poukazuje na to, \u017ee se p\u0159ed smrt\u00ed zvy\u0161uje jeho aktivita. Pacientovi se nap\u0159\u00edklad za\u010d\u00ednaj\u00ed zobrazovat r\u016fzn\u00e9\u00a0vzpom\u00ednky, na kter\u00e9 ji\u017e d\u00e1vno zapomn\u011bl, a m\u016f\u017ee m\u00edt dokonce halucinace. Tak\u00e9 m\u016f\u017ee doj\u00edt k tomu, \u017ee n\u011bkolik dn\u00ed p\u0159ed smrt\u00ed n\u00e1hle z\u00edsk\u00e1 pomyslnou s\u00edlu a za\u010dne se mu zd\u00e1t, \u017ee je mu l\u00e9pe a bude \u017e\u00edt d\u00e1le.<\/p>\n<p>Zdroj: <a href=\"https:\/\/damskydenik.cz\/lifestyle\/lekarka-odhalila-co-se-deje-s-lidskym-telem-tesne-pred-smrti\/\" rel=\"nofollow noopener\" target=\"_blank\">D\u00e1msk\u00fdDen\u00edk.cz<\/a><\/p>\n<p>Autor: <a href=\"https:\/\/damskydenik.cz\/author\/lukas-jirovec\/\" rel=\"nofollow noopener\" target=\"_blank\">Luk\u00e1\u0161 J\u00edrovec<\/a><\/p>\n","protected":false},"excerpt":{"rendered":"Smrt je sice pro mnoho lid\u00ed velmi pochmurn\u00fdm t\u00e9matem, ale jednou se s n\u00ed setk\u00e1 naprosto ka\u017ed\u00fd. Zn\u00e1m\u00e1&hellip;\n","protected":false},"author":2,"featured_media":191320,"comment_status":"","ping_status":"","sticky":false,"template":"","format":"standard","meta":{"footnotes":"","_share_on_mastodon":"0"},"categories":[11],"tags":[2038,18881,54,53,52],"class_list":["post-191319","post","type-post","status-publish","format-standard","has-post-thumbnail","category-svet","tag-clanek","tag-homepage","tag-svet","tag-world","tag-world-news"],"share_on_mastodon":{"url":"https:\/\/pubeurope.com\/@cz\/117156717855082541","error":""},"_links":{"self":[{"href":"https:\/\/www.europesays.com\/cz\/wp-json\/wp\/v2\/posts\/191319","targetHints":{"allow":["GET"]}}],"collection":[{"href":"https:\/\/www.europesays.com\/cz\/wp-json\/wp\/v2\/posts"}],"about":[{"href":"https:\/\/www.europesays.com\/cz\/wp-json\/wp\/v2\/types\/post"}],"author":[{"embeddable":true,"href":"https:\/\/www.europesays.com\/cz\/wp-json\/wp\/v2\/users\/2"}],"replies":[{"embeddable":true,"href":"https:\/\/www.europesays.com\/cz\/wp-json\/wp\/v2\/comments?post=191319"}],"version-history":[{"count":0,"href":"https:\/\/www.europesays.com\/cz\/wp-json\/wp\/v2\/posts\/191319\/revisions"}],"wp:featuredmedia":[{"embeddable":true,"href":"https:\/\/www.europesays.com\/cz\/wp-json\/wp\/v2\/media\/191320"}],"wp:attachment":[{"href":"https:\/\/www.europesays.com\/cz\/wp-json\/wp\/v2\/media?parent=191319"}],"wp:term":[{"taxonomy":"category","embeddable":true,"href":"https:\/\/www.europesays.com\/cz\/wp-json\/wp\/v2\/categories?post=191319"},{"taxonomy":"post_tag","embeddable":true,"href":"https:\/\/www.europesays.com\/cz\/wp-json\/wp\/v2\/tags?post=191319"}],"curies":[{"name":"wp","href":"https:\/\/api.w.org\/{rel}","templated":true}]}}