{"id":191417,"date":"2026-08-25T16:50:14","date_gmt":"2026-08-25T16:50:14","guid":{"rendered":"https:\/\/www.europesays.com\/cz\/191417\/"},"modified":"2026-08-25T16:50:14","modified_gmt":"2026-08-25T16:50:14","slug":"americky-soud-zamitl-snahu-maxwellove-o-zruseni-trestu-za-obchodovani-s-lidmi","status":"publish","type":"post","link":"https:\/\/www.europesays.com\/cz\/191417\/","title":{"rendered":"Americk\u00fd soud zam\u00edtl snahu Maxwellov\u00e9 o\u00a0zru\u0161en\u00ed trestu za obchodov\u00e1n\u00ed s\u00a0lidmi"},"content":{"rendered":"<p class=\"e_bX\">Americk\u00fd feder\u00e1ln\u00ed soud zam\u00edtl snahu Ghislaine Maxwellov\u00e9, n\u011bkdej\u0161\u00ed spole\u010dnice zesnul\u00e9ho sexu\u00e1ln\u00edho pred\u00e1tora Jeffreyho Epsteina, o\u00a0zru\u0161en\u00ed jej\u00edho odsouzen\u00ed za obchodov\u00e1n\u00ed s\u00a0lidmi za \u00fa\u010delem sexu\u00e1ln\u00edho vyko\u0159is\u0165ov\u00e1n\u00ed. Maxwellov\u00e1 tvrd\u00ed, \u017ee se stala ob\u011bt\u00ed justi\u010dn\u00edho omylu. Podle soudce je jej\u00ed \u017e\u00e1dost neopodstatn\u011bn\u00e1.<\/p>\n<p class=\"e_bX\">Dceru medi\u00e1ln\u00edho magn\u00e1ta Roberta Maxwella soud v\u00a0roce 2021\u00a0uznal vinnou z\u00a0feder\u00e1ln\u00edch zlo\u010din\u016f a\u00a0vym\u011b\u0159il j\u00ed 20\u00a0let za m\u0159\u00ed\u017eemi. Maxwellovou soud shledal konkr\u00e9tn\u011b vinnou z\u00a0toho, \u017ee v\u00a0letech 1994\u00a0a\u017e 2004\u00a0p\u0159il\u00e1kala \u010dty\u0159i d\u00edvky, aby je mohl jej\u00ed tehdej\u0161\u00ed p\u0159\u00edtel Epstein sexu\u00e1ln\u011b zneu\u017e\u00edvat.<\/p>\n<p><a data-dot=\"mol-article-card-media\" aria-hidden=\"true\" tabindex=\"-1\" href=\"https:\/\/www.seznamzpravy.cz\/clanek\/kultura-virginia-giuffre-holka-ktere-se-nikdo-nezastal-recenze-309679\" class=\"e_n f_l8\" rel=\"nofollow noopener\" target=\"_blank\"><img fetchpriority=\"high\" height=\"796\"   width=\"1416\" src=\"https:\/\/www.europesays.com\/cz\/wp-content\/uploads\/2026\/08\/virginia-giuffre.jpeg\" loading=\"eager\" decoding=\"sync\" class=\"e_aa e_Z\"\/><\/a><\/p>\n<p class=\"e_bX\">\u010cty\u0159ia\u0161edes\u00e1tilet\u00e1 Maxwellov\u00e1 rozsudek loni napadla a\u00a0tvrdila, \u017ee informace, kter\u00e9 by vedly k\u00a0jej\u00edmu zpro\u0161t\u011bn\u00ed viny v\u00a0procesu z\u00a0roku 2021, byly zatajeny a\u00a0porot\u011b byla p\u0159edlo\u017eena fale\u0161n\u00e1 sv\u011bdectv\u00ed. Ozna\u010dila se za ob\u011b\u0165 justi\u010dn\u00edho omylu. Maxwellov\u00e1 vyu\u017eila pr\u00e1vn\u00edho n\u00e1stroje &#8211; \u017e\u00e1dosti o\u00a0habeas corpus, kter\u00fd je \u010dasto vyu\u017e\u00edv\u00e1n jako posledn\u00ed mo\u017enost po vy\u010derp\u00e1n\u00ed odvol\u00e1n\u00ed a\u00a0na ochranu p\u0159ed nez\u00e1konn\u00fdm v\u011bzn\u011bn\u00edm, napsala AP.<\/p>\n<p class=\"e_bX\">Soudce Paul A. Engelmayer nyn\u00ed ov\u0161em \u017e\u00e1dost Maxwellov\u00e9 zam\u00edtl s\u00a0od\u016fvodn\u011bn\u00edm, \u017ee je neopodstatn\u011bn\u00e1. Nena\u0161el pr\u00fd \u017e\u00e1dn\u00e1 fakta, kter\u00e1 by podle n\u011bj mohla ovlivnit v\u00fdsledek p\u016fvodn\u00edho soudn\u00edho procesu. Jej\u00ed tvrzen\u00ed jsou podle soudce zalo\u017eena na \u201espekulac\u00edch, zkreslen\u00edch a\/nebo naprost\u00fdch l\u017e\u00edch\u201c. Stanovisko Maxwellov\u00e9 \u010di jej\u00edch obh\u00e1jc\u016f nen\u00ed zn\u00e1mo.<\/p>\n<p class=\"e_bX\">Americk\u00fd finan\u010dn\u00edk Epstein se pohyboval mezi mnoha vlivn\u00fdmi lidmi z\u00a0politiky, byznysu i\u00a0um\u011bn\u00ed. V\u00a0roce 2019\u00a0byl nalezen mrtv\u00fd ve v\u011bze\u0148sk\u00e9 cele, kde \u010dekal na soudn\u00ed proces kv\u016fli obvin\u011bn\u00ed ze zneu\u017e\u00edv\u00e1n\u00ed nezletil\u00fdch d\u00edvek a\u00a0obchodov\u00e1n\u00ed s\u00a0lidmi za \u00fa\u010delem sexu\u00e1ln\u00edho vyko\u0159is\u0165ov\u00e1n\u00ed. Podle soudn\u00ed l\u00e9ka\u0159ky se ob\u011bsil. U\u017e v\u00a0roce 2008\u00a0byl v\u00a0r\u00e1mci kontroverzn\u00ed tajn\u00e9 dohody s\u00a0ob\u017ealobou odsouzen za sexu\u00e1ln\u00ed zneu\u017e\u00edv\u00e1n\u00ed na 18\u00a0m\u011bs\u00edc\u016f.<\/p>\n<p><a data-dot=\"mol-article-card-media\" aria-hidden=\"true\" tabindex=\"-1\" href=\"https:\/\/www.seznamzpravy.cz\/clanek\/zahranicni-debaty-o-bradavkach-v-krizove-mistnosti-jak-kauza-epstein-premohla-trumpuv-tym-308319\" class=\"e_n f_l8\" rel=\"nofollow noopener\" target=\"_blank\"><img height=\"2040\"   width=\"3628\" src=\"https:\/\/www.europesays.com\/cz\/wp-content\/uploads\/2026\/08\/1787676613_45_trump.jpeg\" loading=\"eager\" decoding=\"sync\" class=\"e_aa e_Z\"\/><\/a><a data-dot=\"mol-article-card-media\" aria-hidden=\"true\" tabindex=\"-1\" href=\"https:\/\/www.seznamzpravy.cz\/clanek\/zahranicni-kdykoli-se-pokusim-najit-divky-tri-role-slovenske-modelky-v-kauze-epstein-306520\" class=\"e_n f_l8\" rel=\"nofollow noopener\" target=\"_blank\"><img height=\"673\"   width=\"1197\" src=\"https:\/\/www.europesays.com\/cz\/wp-content\/uploads\/2026\/08\/epstein.jpeg\" loading=\"eager\" decoding=\"sync\" class=\"e_aa e_Z\"\/><\/a><\/p>\n","protected":false},"excerpt":{"rendered":"Americk\u00fd feder\u00e1ln\u00ed soud zam\u00edtl snahu Ghislaine Maxwellov\u00e9, n\u011bkdej\u0161\u00ed spole\u010dnice zesnul\u00e9ho sexu\u00e1ln\u00edho pred\u00e1tora Jeffreyho Epsteina, o\u00a0zru\u0161en\u00ed jej\u00edho odsouzen\u00ed za&hellip;\n","protected":false},"author":2,"featured_media":191418,"comment_status":"","ping_status":"","sticky":false,"template":"","format":"standard","meta":{"footnotes":"","_share_on_mastodon":"0"},"categories":[11],"tags":[618,8195,258,54,113,1624,53,52],"class_list":["post-191417","post","type-post","status-publish","format-standard","has-post-thumbnail","category-svet","tag-ghislaine-maxwell","tag-rozsudek","tag-soud","tag-svet","tag-usa","tag-vezeni","tag-world","tag-world-news"],"share_on_mastodon":{"url":"https:\/\/pubeurope.com\/@cz\/117157182083228579","error":""},"_links":{"self":[{"href":"https:\/\/www.europesays.com\/cz\/wp-json\/wp\/v2\/posts\/191417","targetHints":{"allow":["GET"]}}],"collection":[{"href":"https:\/\/www.europesays.com\/cz\/wp-json\/wp\/v2\/posts"}],"about":[{"href":"https:\/\/www.europesays.com\/cz\/wp-json\/wp\/v2\/types\/post"}],"author":[{"embeddable":true,"href":"https:\/\/www.europesays.com\/cz\/wp-json\/wp\/v2\/users\/2"}],"replies":[{"embeddable":true,"href":"https:\/\/www.europesays.com\/cz\/wp-json\/wp\/v2\/comments?post=191417"}],"version-history":[{"count":0,"href":"https:\/\/www.europesays.com\/cz\/wp-json\/wp\/v2\/posts\/191417\/revisions"}],"wp:featuredmedia":[{"embeddable":true,"href":"https:\/\/www.europesays.com\/cz\/wp-json\/wp\/v2\/media\/191418"}],"wp:attachment":[{"href":"https:\/\/www.europesays.com\/cz\/wp-json\/wp\/v2\/media?parent=191417"}],"wp:term":[{"taxonomy":"category","embeddable":true,"href":"https:\/\/www.europesays.com\/cz\/wp-json\/wp\/v2\/categories?post=191417"},{"taxonomy":"post_tag","embeddable":true,"href":"https:\/\/www.europesays.com\/cz\/wp-json\/wp\/v2\/tags?post=191417"}],"curies":[{"name":"wp","href":"https:\/\/api.w.org\/{rel}","templated":true}]}}