{"id":191421,"date":"2026-08-25T16:53:12","date_gmt":"2026-08-25T16:53:12","guid":{"rendered":"https:\/\/www.europesays.com\/cz\/191421\/"},"modified":"2026-08-25T16:53:12","modified_gmt":"2026-08-25T16:53:12","slug":"ceske-gripeny-startovaly-k-letadlu-ktere-ztratilo-kontakt-s-letovym-provozem","status":"publish","type":"post","link":"https:\/\/www.europesays.com\/cz\/191421\/","title":{"rendered":"\u010cesk\u00e9 gripeny startovaly k\u00a0letadlu, kter\u00e9 ztratilo kontakt s\u00a0letov\u00fdm provozem"},"content":{"rendered":"<p class=\"c_bB\">Mal\u00e9 letadlo kontakt s\u00a0\u0159\u00edzen\u00edm letov\u00e9ho provozu ztratilo p\u0159i p\u0159eletu nad Slovenskem. Obyvatel\u00e9 oblasti Kysuc na severoz\u00e1pad\u011b Slovenska posl\u00e9ze zaznamenali velk\u00fd hluk, jak k\u00a0letadlu startovaly st\u00edha\u010dky \u010desk\u00e9ho letectva, uv\u00e1d\u00ed slovensk\u00fd server <a data-dot=\"atm-link\" target=\"_blank\" rel=\"noopener nofollow\" href=\"https:\/\/my.sme.sk\/kysuce\/c\/obrovsky-huk-a-tresk-nad-kysucami-v-rovnakom-case-zasahovali-ceske-gripeny-dve-velke-polske-letiska-uzavreli?fbclid=Iwb21leAT6XMZwZG9mAWV4dG4DYWVtAjExAHNydGMGYXBwX2lkDDM1MDY4N\" class=\"c_N\">Sme<\/a>.<\/p>\n<p class=\"c_bB\">V okol\u00ed leti\u0161\u0165 v\u00a0Krakov\u011b a\u00a0Katovic\u00edch byl n\u00e1sledn\u011b p\u0159ibli\u017en\u011b na p\u016fl hodiny p\u0159eru\u0161en leteck\u00fd provoz. Podle vyj\u00e1d\u0159en\u00ed polsk\u00fdch \u00fa\u0159ad\u016f byly p\u0159\u00ed\u010dinou pr\u00e1v\u011b pot\u00ed\u017ee pilota, kter\u00fd s\u00a0Cessnou 185\u00a0let\u011bl z\u00a0Ma\u010farska do polsk\u00fdch Suwalk.<\/p>\n<p class=\"c_bB\">\u010cesk\u00e1 republika se v\u00a0sou\u010dasnosti pod\u00edl\u00ed na ochran\u011b slovensk\u00e9ho vzdu\u0161n\u00e9ho prostoru pot\u00e9, co se slovensk\u00e9 letectvo po za\u010d\u00e1tku rusk\u00e9 invaze na Ukrajinu v\u00a0\u00fanoru 2022\u00a0vzdalo sv\u00fdch st\u00edha\u010dek MiG-29\u00a0rusk\u00e9ho p\u016fvodu a\u00a0p\u0159edalo je Kyjevu. Slovensk\u00fd vzdu\u0161n\u00fd prostor hl\u00eddaj\u00ed i\u00a0letouny z\u00a0Polska a\u00a0Ma\u010farska.<\/p>\n<p><a data-dot=\"atm-link\" target=\"_self\" href=\"https:\/\/www.novinky.cz\/clanek\/zahranicni-evropa-riskoval-zivot-aby-zachranil-stroj-pilot-madarskeho-gripenu-se-katapultoval-az-na-zemi-40594327\" class=\"c_N\" rel=\"nofollow noopener\"><img fetchpriority=\"high\" height=\"276\" width=\"492\" src=\"https:\/\/www.europesays.com\/cz\/wp-content\/uploads\/2026\/08\/1787676792_154_madarsko-gripen-havarie.jpeg\" loading=\"eager\" decoding=\"sync\" class=\"c_t c_r\"\/><\/a><\/p>\n","protected":false},"excerpt":{"rendered":"Mal\u00e9 letadlo kontakt s\u00a0\u0159\u00edzen\u00edm letov\u00e9ho provozu ztratilo p\u0159i p\u0159eletu nad Slovenskem. Obyvatel\u00e9 oblasti Kysuc na severoz\u00e1pad\u011b Slovenska posl\u00e9ze&hellip;\n","protected":false},"author":2,"featured_media":191422,"comment_status":"","ping_status":"","sticky":false,"template":"","format":"standard","meta":{"footnotes":"","_share_on_mastodon":"0"},"categories":[3],"tags":[43,3326,109,108,106,1626,591,10949,796,117,45],"class_list":["post-191421","post","type-post","status-publish","format-standard","has-post-thumbnail","category-evropa","tag-ceska-republika","tag-cessna","tag-europa","tag-europe","tag-evropa","tag-jas-39-gripen","tag-katovice","tag-krakov","tag-madarsko","tag-polsko","tag-slovensko"],"share_on_mastodon":{"url":"https:\/\/pubeurope.com\/@cz\/117157193714080643","error":""},"_links":{"self":[{"href":"https:\/\/www.europesays.com\/cz\/wp-json\/wp\/v2\/posts\/191421","targetHints":{"allow":["GET"]}}],"collection":[{"href":"https:\/\/www.europesays.com\/cz\/wp-json\/wp\/v2\/posts"}],"about":[{"href":"https:\/\/www.europesays.com\/cz\/wp-json\/wp\/v2\/types\/post"}],"author":[{"embeddable":true,"href":"https:\/\/www.europesays.com\/cz\/wp-json\/wp\/v2\/users\/2"}],"replies":[{"embeddable":true,"href":"https:\/\/www.europesays.com\/cz\/wp-json\/wp\/v2\/comments?post=191421"}],"version-history":[{"count":0,"href":"https:\/\/www.europesays.com\/cz\/wp-json\/wp\/v2\/posts\/191421\/revisions"}],"wp:featuredmedia":[{"embeddable":true,"href":"https:\/\/www.europesays.com\/cz\/wp-json\/wp\/v2\/media\/191422"}],"wp:attachment":[{"href":"https:\/\/www.europesays.com\/cz\/wp-json\/wp\/v2\/media?parent=191421"}],"wp:term":[{"taxonomy":"category","embeddable":true,"href":"https:\/\/www.europesays.com\/cz\/wp-json\/wp\/v2\/categories?post=191421"},{"taxonomy":"post_tag","embeddable":true,"href":"https:\/\/www.europesays.com\/cz\/wp-json\/wp\/v2\/tags?post=191421"}],"curies":[{"name":"wp","href":"https:\/\/api.w.org\/{rel}","templated":true}]}}