{"id":191874,"date":"2026-08-26T06:35:14","date_gmt":"2026-08-26T06:35:14","guid":{"rendered":"https:\/\/www.europesays.com\/cz\/191874\/"},"modified":"2026-08-26T06:35:14","modified_gmt":"2026-08-26T06:35:14","slug":"africka-legenda-na-lavicce-slovanu-reklamni-tah-nebo-terno","status":"publish","type":"post","link":"https:\/\/www.europesays.com\/cz\/191874\/","title":{"rendered":"Africk\u00e1 legenda na lavi\u010dce Slovanu. Reklamn\u00ed tah, nebo terno?"},"content":{"rendered":"<p class=\"e_bX\">V\u011bt\u0161inou m\u00e1 emoce pod kontrolou. Nepoznali byste na n\u011bm, jestli chv\u00e1l\u00ed, nebo k\u00e1r\u00e1. Sna\u017e\u00ed se dr\u017eet jednotnou linii a\u00a0dekorum. Jen\u017ee tentokr\u00e1t se Yaya Tour\u00e9 ka\u017edou chv\u00edli na\u0161tvan\u011b drbal pod b\u00edlou k\u0161iltovkou, kroutil hlavou, koulel o\u010dima a\u00a0kousal se do rtu. Tolik mu vadil v\u00fdkon rozhod\u010d\u00edho p\u0159i utk\u00e1n\u00ed <a data-dot=\"atm-tag-link\" href=\"https:\/\/www.seznamzpravy.cz\/tag\/slovan-bratislava-56374\" class=\"e_n atm-tag-link\" rel=\"nofollow noopener\" target=\"_blank\">Slovanu Bratislava<\/a> v\u00a0posledn\u00ed kvalifikaci o\u00a0<a data-dot=\"atm-tag-link\" href=\"https:\/\/www.seznamzpravy.cz\/tag\/liga-mistru-uefa-57040\" class=\"e_n atm-tag-link\" rel=\"nofollow noopener\" target=\"_blank\">Ligu mistr\u016f<\/a>, \u017ee to z\u00a0n\u011bho muselo j\u00edt ven.<\/p>\n<p class=\"e_bX\">\u201eZkazil mi ve\u010der. Jsem na n\u011bj na*ran\u00fd,\u201c ujelo mu v\u00a0angli\u010dtin\u011b, kdy\u017e do\u0159ekl svou st\u00ed\u017enost.<\/p>\n<p class=\"e_bX\">Slovan doma minul\u00fd t\u00fdden uhr\u00e1l rem\u00edzu 1:1\u00a0se slovinsk\u00fdm Celje. C\u00edtil se po\u0161kozen\u00fd od n\u011bmeck\u00e9ho sud\u00edho Felixe Zwayera, kter\u00e9mu vy\u010d\u00edtal neodp\u00edskanou penaltu v\u00a0z\u00e1v\u011bru nebo dva drsn\u011bj\u0161\u00ed souboje, kter\u00e9 nepotrestal vylou\u010den\u00edm.<\/p>\n<p class=\"e_bX\">Pokud jste utk\u00e1n\u00ed z\u00e1v\u011bre\u010dn\u00e9ho p\u0159edkola sledovali v\u00a0televizi, z\u00a0p\u016fvodn\u00edho\u00a0koment\u00e1\u0159e byste museli m\u00edt dojem, \u017ee Slovan na vyprodan\u00e9m Teheln\u00e9m poli podle za\u0159\u00edzli. Ostatn\u011b podobn\u00fd t\u00f3n p\u0159evzal taky Yaya Tour\u00e9, kdy\u017e se posadil p\u0159ed novin\u00e1\u0159e. Jen\u017ee ve skute\u010dnosti se nic tak dramatick\u00e9ho na h\u0159i\u0161ti ned\u011blo. \u0158e\u010d\u00ed \u010d\u00edsel to byl vyrovnan\u00fd z\u00e1pas. Hr\u00e1\u010di Celje dr\u017eeli v\u00edc m\u00ed\u010d a\u00a0\u010dast\u011bji st\u0159\u00edleli na branku. Jestli se odehr\u00e1ly problematick\u00e9 okam\u017eiky, pak rozhodn\u011b nem\u011bly n\u00e1dech skand\u00e1lu, kter\u00fdm u\u017e t\u00fdden \u017eije <a data-dot=\"atm-tag-link\" href=\"https:\/\/www.seznamzpravy.cz\/tag\/fotbal-30487\" class=\"e_n atm-tag-link\" rel=\"nofollow noopener\" target=\"_blank\">fotbalov\u00e9<\/a> Slovensko. Je toti\u017e p\u0159esv\u011bd\u010den\u00e9, \u017ee soupe\u0159 z\u00a0Celje m\u011bl u\u00a0rozhod\u010d\u00edho zast\u00e1n\u00ed kv\u016fli tomu, \u017ee p\u0159edsedou evropsk\u00e9 unie <a data-dot=\"atm-tag-link\" href=\"https:\/\/www.seznamzpravy.cz\/tag\/uefa-1684\" class=\"e_n atm-tag-link\" rel=\"nofollow noopener\" target=\"_blank\">UEFA<\/a> je Slovinec \u010ceferin.<\/p>\n<p><a data-dot=\"mol-article-card-media\" aria-hidden=\"true\" tabindex=\"-1\" href=\"https:\/\/www.seznamzpravy.cz\/clanek\/sport-fotbal-sexy-fotbalista-nikdy-nebude-ale-karieru-proziva-vystavni-pan-kral-313371\" class=\"e_n f_l8\" rel=\"nofollow noopener\" target=\"_blank\"><img height=\"1012\"   width=\"1800\" src=\"https:\/\/www.europesays.com\/cz\/wp-content\/uploads\/2026\/08\/fotbal-kral.jpeg\" loading=\"lazy\" decoding=\"async\" class=\"e_aa e_Z e_T\"\/><\/a><\/p>\n<p class=\"e_bX\">\u201eV\u0161ichni zn\u00e1me pravidla, proto\u017ee fotbal je \u00fapln\u011b jednoduch\u00e1 hra. Je neuv\u011b\u0159iteln\u00e9, jak mohl rozhod\u010d\u00ed  do utk\u00e1n\u00ed zas\u00e1hnout tak z\u00e1sadn\u011b ,\u201c hn\u011bval se Yaya Tour\u00e9. Odveta se hraje dnes ve\u010der, a\u00a0pokud chce Slovan postoupit podruh\u00e9 v\u00a0historii do Ligy mistr\u016f, mus\u00ed vyhr\u00e1t. V\u00a0p\u0159\u00edpad\u011b dal\u0161\u00ed rem\u00edzy v\u00a0prodlou\u017een\u00ed nebo na penalty. Kdy\u017e neusp\u011bje, m\u00e1 garantovan\u00fd podzim v\u00a0Evropsk\u00e9 lize, co\u017e taky nen\u00ed sout\u011b\u017e k\u00a0zahozen\u00ed, ov\u0161em Liga mistr\u016f je o\u00a0n\u011bkolik \u00farovn\u00ed v\u00fd\u0161.<\/p>\n<p class=\"e_bX\">Te\u010f se jev\u00ed jako kl\u00ed\u010dov\u00e9, aby Tour\u00e9 p\u0159ipravil mu\u017estvo hlavn\u011b po ment\u00e1ln\u00ed str\u00e1nce.<\/p>\n<p class=\"e_bX\">P\u0159i\u0161el, aby v\u00edt\u011bzil. Samoz\u0159ejm\u011b nejen ve slovensk\u00e9 lize, ve kter\u00e9 bude Slovan \u00fato\u010dit na dev\u00e1t\u00fd titul za sebou.<\/p>\n<p class=\"e_bX\">P\u0159i\u0161el za Ligou mistr\u016f.<\/p>\n<p class=\"e_bX\">P\u0159i\u0161el, aby Slovanu p\u0159inesl evropsk\u00fd zvuk.<\/p>\n<p class=\"e_bX\">P\u0159i\u0161el, aby se s\u00e1m zviditelnil.<\/p>\n<p><img height=\"1186\"   width=\"1800\" src=\"https:\/\/www.europesays.com\/cz\/wp-content\/uploads\/2026\/08\/sport-fotbal.jpeg\" loading=\"lazy\" decoding=\"async\" class=\"e_aa e_Z e_T\"\/>Foto: Profimedia.cz<\/p>\n<p class=\"e_bX\">Nejlep\u0161\u00ed fotbalov\u00e9 roky pro\u017eil Yaya Tour\u00e9 v\u00a0Manchesteru City.<\/p>\n<p class=\"e_bX\">Dosud byl maxim\u00e1ln\u011b asistentem. T\u0159eba v\u00a0Don\u011bcku, Grozn\u00e9m nebo Lutychu. Taky si ho Roberto Mancini, jeho n\u011bkdej\u0161\u00ed boss z\u00a0Manchesteru City, p\u0159izval k\u00a0reprezentaci Sa\u00fadsk\u00e9 Ar\u00e1bie. Teprve Slovan mu ov\u0161em dal hlavn\u00ed roli. \u201eA na pen\u011bz\u00edch jsme byli domluven\u00ed hned,\u201c zd\u016fraznil klubov\u00fd \u0159editel Ivan Kmotr\u00edk mlad\u0161\u00ed. Tour\u00e9ho m\u011bs\u00ed\u010dn\u00ed g\u00e1\u017ee se odhaduje v\u00a0p\u0159epo\u010dtu na p\u016fldruh\u00e9ho milionu korun. Bez bonus\u016f.<\/p>\n<p class=\"e_bX\">Ne\u017e Kmotr\u00edk s\u00a0Tour\u00e9m nato\u010dil uv\u00edtac\u00ed video, ve kter\u00e9m se v\u00a0na\u017eehlen\u00fdch oblec\u00edch potkali ve v\u00fdtahu, m\u011bl i\u00a0p\u00e1r jin\u00fdch netradi\u010dn\u00edch n\u00e1pad\u016f.<\/p>\n<p class=\"e_bX\">L\u00edbil se mu n\u011bkdej\u0161\u00ed ukrajinsk\u00fd st\u0159elec Serhij Rebrov, temperamentn\u00ed chorvatsk\u00fd expert Igor Bi\u0161\u010dan nebo progresivn\u00ed Francouz Val\u00e9rien Isma\u00ebl, nakonec v\u0161ak zvolil Tour\u00e9ho, jednoho z\u00a0nejlep\u0161\u00edch Afri\u010dan\u016f v\u0161ech dob. \u201eKdy\u017e jsem byl hr\u00e1\u010d, choval jsem se jako v\u00edt\u011bz. Jako tren\u00e9r v\u00a0tom chci pokra\u010dovat,\u201c vyhl\u00e1sil Yaya Tour\u00e9 pro klubovou televizi.<\/p>\n<p class=\"e_bX\">Je pravda, \u017ee b\u011bhem nov\u00e9ho anga\u017em\u00e1 je\u0161t\u011b neprohr\u00e1l ani jednou z\u00a0dev\u00edti sout\u011b\u017en\u00edch z\u00e1pas\u016f. V\u00a0p\u0159\u00edprav\u011b porazil i\u00a0<a data-dot=\"atm-tag-link\" href=\"https:\/\/www.seznamzpravy.cz\/tag\/sk-slavia-praha-56401\" class=\"e_n atm-tag-link\" rel=\"nofollow noopener\" target=\"_blank\">Slavii<\/a>. Ale po\u0159\u00e1d je to jenom za\u010d\u00e1tek dlouh\u00e9 cesty, kterou si s\u00e1m ve t\u0159ia\u010dty\u0159iceti letech zvolil. \u201eNa jedn\u00e9 stran\u011b do Slovanu vklouzla euforie, proto\u017ee tak sv\u011btov\u011b uzn\u00e1van\u00e9 jm\u00e9no na lavi\u010dce nikdo ne\u010dekal. Na druh\u00e9 stran\u011b vn\u00edm\u00e1m fanou\u0161ky, kte\u0159\u00ed to berou s\u00a0rezervou. Poslouchaj\u00ed Tour\u00e9ho sebev\u011bdom\u00e1 prohl\u00e1\u0161en\u00ed, jak chce hr\u00e1t dominantn\u00ed fotbal, jak chce ovl\u00e1dat m\u00ed\u010d, jak chce b\u00fdt modern\u00ed a\u00a0progresivn\u00ed, jen\u017ee z\u00e1rove\u0148 on nikdy hlavn\u00edm kou\u010dem nebyl,\u201c popisuje novin\u00e1\u0159 Pavol Sp\u00e1l z\u00a0webu sportnet.sk.<\/p>\n<p><a data-dot=\"mol-article-card-media\" aria-hidden=\"true\" tabindex=\"-1\" href=\"https:\/\/www.seznamzpravy.cz\/clanek\/sport-fotbal-v-cesku-by-z-nej-udelali-delnika-hrac-sel-jinudy-ted-stoji-150-milionu-313306\" class=\"e_n f_l8\" rel=\"nofollow noopener\" target=\"_blank\"><img height=\"1012\"   width=\"1800\" src=\"https:\/\/www.europesays.com\/cz\/wp-content\/uploads\/2026\/08\/1787726113_573_fotbal-ambros.jpeg\" loading=\"lazy\" decoding=\"async\" class=\"e_aa e_Z e_T\"\/><\/a><\/p>\n<p class=\"e_bX\">Yaya Tour\u00e9, rod\u00e1k z\u00a0Pob\u0159e\u017e\u00ed slonoviny, b\u00fdval excelentn\u00ed fotbalov\u00fd z\u00e1lo\u017en\u00edk. Vynikal energi\u00ed, univerz\u00e1lnost\u00ed, d\u016fvtipem, silou, vytrvalost\u00ed, p\u0159ehledem, bravurn\u00ed prac\u00ed od \u0161estn\u00e1ctky po \u0161estn\u00e1ctku. \u010cty\u0159ikr\u00e1t za sebou (2011, 2012, 2013, 2014) se stal nejlep\u0161\u00edm fotbalistou Afriky. V\u00a0tom, jak se uprost\u0159ed h\u0159i\u0161t\u011b prezentoval, vlastn\u011b nem\u011bl konkurenci. Jestli za prototyp fotbalov\u00e9ho metronomu, kter\u00fd ur\u010duje tempo hry, m\u016f\u017eeme aktu\u00e1ln\u011b pova\u017eovat \u0161pan\u011blsk\u00e9ho pracanta <a data-dot=\"atm-tag-link\" href=\"https:\/\/www.seznamzpravy.cz\/tag\/rodrigo-cascante-rodri-95254\" class=\"e_n atm-tag-link\" rel=\"nofollow noopener\" target=\"_blank\">Rodriho<\/a>, kapit\u00e1na mistr\u016f sv\u011bta, pak Yaya Tour\u00e9 m\u011bl b\u011bhem hr\u00e1\u010dsk\u00e9 kari\u00e9ry podobn\u00e9 parametry.<\/p>\n<p class=\"e_bX\">V l\u00e9t\u011b 2007\u00a0si ho po\u0159\u00eddila <a data-dot=\"atm-tag-link\" href=\"https:\/\/www.seznamzpravy.cz\/tag\/fc-barcelona-56152\" class=\"e_n atm-tag-link\" rel=\"nofollow noopener\" target=\"_blank\">Barcelona<\/a> za deset milion\u016f eur z\u00a0Monaka, co\u017e se zp\u011btn\u011b jev\u00ed jako jeden z\u00a0nejlep\u0161\u00edch n\u00e1kup\u016f modern\u00edho fotbalu. Tour\u00e9, jeho\u017e star\u0161\u00ed br\u00e1cha Kolo b\u00fdval elitn\u00edm stoperem, pomohl Barcelon\u011b k\u00a0prvenstv\u00ed v\u00a0Lize mistr\u016f. Te\u010f nechme stranou, \u017ee se do krve rozh\u00e1dal s\u00a0tren\u00e9rem Pepem <a data-dot=\"atm-tag-link\" href=\"https:\/\/www.seznamzpravy.cz\/tag\/pep-guardiola-20512\" class=\"e_n atm-tag-link\" rel=\"nofollow noopener\" target=\"_blank\">Guardiolou<\/a>. Pozd\u011bji v\u00a0<a data-dot=\"atm-tag-link\" href=\"https:\/\/www.seznamzpravy.cz\/tag\/manchester-city-fc-56290\" class=\"e_n atm-tag-link\" rel=\"nofollow noopener\" target=\"_blank\">Manchesteru City<\/a> str\u00e1vil p\u0159es sedm let a\u00a0t\u0159ikr\u00e1t vyhr\u00e1l <a data-dot=\"atm-tag-link\" href=\"https:\/\/www.seznamzpravy.cz\/tag\/premier-league-57172\" class=\"e_n atm-tag-link\" rel=\"nofollow noopener\" target=\"_blank\">Premier League<\/a>.<\/p>\n<p class=\"e_bX\">G\u00f3ly st\u0159\u00edlel z\u0159\u00eddka, nicm\u00e9n\u011b hru sv\u00fdch t\u00fdm\u016f ovliv\u0148oval jako m\u00e1lokdo. O\u00a0tot\u00e9\u017e se chce zasadit v\u00a0roli tren\u00e9ra. Na prvn\u00ed pohled si to sedlo jako skl\u00e1da\u010dka <a data-dot=\"atm-tag-link\" href=\"https:\/\/www.seznamzpravy.cz\/tag\/lego-35521\" class=\"e_n atm-tag-link\" rel=\"nofollow noopener\" target=\"_blank\">lega<\/a>: Slovan po odchodu Vladim\u00edra Weisse hledal velk\u00e9 jm\u00e9no a\u00a0Yaya Tour\u00e9 hledal klub s\u00a0v\u00edt\u011bznou mentalitou, by\u0165 na \u00farovni slovensk\u00e9ho fotbalu.<\/p>\n<p>Cizinci v\u00a0\u010desk\u00fdch klubech \/ Sport SZ<\/p>\n<p class=\"e_bX\">J\u00fcrgen Sundermann. Pr\u016fkopn\u00edk. Nepo\u010d\u00edt\u00e1me-li Slov\u00e1ky, byl pr\u00e1v\u011b rod\u00e1k z\u00a0n\u011bmeck\u00e9ho M\u00fclheimu prvn\u00edm ciz\u00edm tren\u00e9rem u\u00a0\u010desk\u00e9ho klubu. B\u011bhem podzimu 1994\u00a0ho anga\u017eoval spar\u0165ansk\u00fd boss <a data-dot=\"atm-tag-link\" href=\"https:\/\/www.seznamzpravy.cz\/tag\/petr-mach-23707\" class=\"e_n atm-tag-link\" rel=\"nofollow noopener\" target=\"_blank\">Petr Mach<\/a>. Nebyla to \u0161patn\u00e1 volba, Sundermann m\u011bl u\u00a0hr\u00e1\u010d\u016f kredit, u\u00a0kolohn\u00e1ta <a data-dot=\"atm-tag-link\" href=\"https:\/\/www.seznamzpravy.cz\/tag\/jan-koller-63778\" class=\"e_n atm-tag-link\" rel=\"nofollow noopener\" target=\"_blank\">Jana Kollera<\/a> rozpoznal nad\u00e1n\u00ed. Vydr\u017eel v\u0161ak pouh\u00fdch deset z\u00e1pas\u016f. P\u0159ed \u010dty\u0159mi lety zem\u0159el, bylo mu 82.<\/p>\n<p class=\"e_bX\">Massimo Morales. P\u0159\u00edbramsk\u00fd boss <a data-dot=\"atm-tag-link\" href=\"https:\/\/www.seznamzpravy.cz\/tag\/jaroslav-starka-15124\" class=\"e_n atm-tag-link\" rel=\"nofollow noopener\" target=\"_blank\">Jaroslav Starka<\/a> tren\u00e9rsk\u00e9 tabu vymazal p\u0159ed necel\u00fdmi dvaceti lety, kdy\u017e tehdy do druh\u00e9 ligy anga\u017eoval Itala s\u00a0dobrodru\u017enou povahou. V\u00fd\u0159e\u010dn\u00fd Massimo Morales m\u011bl zku\u0161enosti z\u00a0<a data-dot=\"atm-tag-link\" href=\"https:\/\/www.seznamzpravy.cz\/tag\/fc-bayern-mnichov-56155\" class=\"e_n atm-tag-link\" rel=\"nofollow noopener\" target=\"_blank\">Bayernu Mnichov<\/a>, ale taky z\u00a0Ghany, kde tr\u00e9noval ml\u00e1de\u017enick\u00e9 reprezentace. S\u00a0P\u0159\u00edbram\u00ed postoupil, ale celou ligovou sezonu 08\/09\u00a0nevydr\u017eel.<\/p>\n<p class=\"e_bX\">Alex Pastoor. Podivn\u00e9 jm\u00e9no v\u00a0podivn\u00e9 dob\u011b. Zadlu\u017een\u00e1 <a data-dot=\"atm-tag-link\" href=\"https:\/\/www.seznamzpravy.cz\/tag\/sk-slavia-praha-56401\" class=\"e_n atm-tag-link\" rel=\"nofollow noopener\" target=\"_blank\">Slavia<\/a>, kter\u00e1 bojovala o\u00a0z\u00e1chranu, na za\u010d\u00e1tku roku 2014\u00a0vyhodila Miroslava <a data-dot=\"atm-tag-link\" href=\"https:\/\/www.seznamzpravy.cz\/tag\/miroslav-koubek-95056\" class=\"e_n atm-tag-link\" rel=\"nofollow noopener\" target=\"_blank\">Koubka<\/a> a\u00a0nainstalovala nizozemsk\u00e9ho fe\u0161\u00e1ka Pastoora, jen\u017e vydr\u017eel jen t\u0159i m\u011bs\u00edce. Jakmile dostal nab\u00eddku z\u00a0domovsk\u00e9ho Alkmaaru, nev\u00e1hal s\u00a0n\u00e1vratem. Naposledy d\u011blal asistenta u\u00a0reprezentace Indon\u00e9sie.<\/p>\n<p>Zobrazit v\u0161e<\/p>\n<p class=\"e_bX\">Vzd\u00e1len\u011b to p\u0159ipom\u00edn\u00e1 situaci, kdy Slov\u00e1ci povolali ke sv\u00e9 reprezentaci vcelku nezn\u00e1m\u00e9ho asistenta z\u00a0Neapole, Franceska Calzonu. Neb\u00e1li se p\u0159ed \u010dty\u0159mi lety vkro\u010dit do neprob\u00e1dan\u00e9ho ter\u00e9nu. \u010cesko se zat\u00edm dr\u017e\u00ed sp\u00ed\u0161 zkr\u00e1tka. Tren\u00e9rsk\u00e9ho pomocn\u00edka z\u00a0ciziny, konkr\u00e9tn\u011b <a data-dot=\"atm-tag-link\" href=\"https:\/\/www.seznamzpravy.cz\/tag\/santi-denia-130982\" class=\"e_n atm-tag-link\" rel=\"nofollow noopener\" target=\"_blank\">Santiaga Deniu<\/a>, anga\u017eovalo a\u017e po leto\u0161n\u00edm zpackan\u00e9m <a data-dot=\"atm-tag-link\" href=\"https:\/\/www.seznamzpravy.cz\/tag\/mistrovstvi-sveta-ve-fotbale-37105\" class=\"e_n atm-tag-link\" rel=\"nofollow noopener\" target=\"_blank\">mistrovstv\u00ed sv\u011bta<\/a>. A\u00a0taky na klubov\u00e9 sc\u00e9n\u011b\u00a0\u2013 na rozd\u00edl od Slovenska\u00a0\u2013 se zahrani\u010dn\u00ed experti objevuj\u00ed jen z\u0159\u00eddka. Aktu\u00e1ln\u011b pracuje v\u00a0\u010desk\u00e9 lize jedin\u00fd cizinec, D\u00e1n <a data-dot=\"atm-tag-link\" href=\"https:\/\/www.seznamzpravy.cz\/tag\/brian-priske-68336\" class=\"e_n atm-tag-link\" rel=\"nofollow noopener\" target=\"_blank\">Brian Priske<\/a> ve Spart\u011b. Zat\u00edmco ve dvan\u00e1cti klubech na Slovensku jsou hned \u010dty\u0159i: Tour\u00e9 ve Slovanu, \u0160pan\u011bl Antonio Mu\u00f1oz v\u00a0Trnav\u011b, N\u011bmec Robert Klauss v\u00a0Dunajsk\u00e9 Stred\u011b a\u00a0Nizozemec Ricardo Moniz v\u00a0Tren\u010d\u00edn\u011b.<\/p>\n<p><a data-dot=\"mol-article-card-media\" aria-hidden=\"true\" tabindex=\"-1\" href=\"https:\/\/www.seznamzpravy.cz\/clanek\/sport-fotbal-komentar-fotbalova-lekce-jak-se-slovensko-spalilo-s-koucem-z-italie-305531\" class=\"e_n f_l8\" rel=\"nofollow noopener\" target=\"_blank\"><img height=\"1012\"   width=\"1800\" src=\"https:\/\/www.europesays.com\/cz\/wp-content\/uploads\/2026\/08\/calzona-fotbal-slovensko.jpeg\" loading=\"lazy\" decoding=\"async\" class=\"e_aa e_Z e_T\"\/><\/a><\/p>\n<p class=\"e_bX\">Zdaleka nejv\u011bt\u0161\u00ed tlak bude na africkou legendu. Jeho p\u0159edch\u016fdce Vladim\u00edr Weiss platil za tren\u00e9rskou veli\u010dinu, by\u0165 \u010dasto nevrlou, p\u0159isprostlou a\u00a0n\u00e1ladovou. V\u00a0\u010dervnu znovu p\u0159evzal slovenskou reprezentaci. Se Slovanem v\u00e1lcoval dom\u00e1c\u00ed sout\u011b\u017e, z\u00e1rove\u0148 v\u0161ak m\u00e1lokdy dok\u00e1zal p\u0159ekro\u010dit vlastn\u00ed st\u00edn. P\u0159es n\u00e1ro\u010dn\u00e1 p\u0159edkola do Ligy mistr\u016f dok\u00e1zal postoupit jen p\u0159ed dv\u011bma lety a\u00a0s n\u00e1rodnostn\u00edm mi\u0161ma\u0161em, kter\u00fd si za pomoc\u00ed majitele Kmotr\u00edka s\u00e1m vytvo\u0159il, prohr\u00e1l v\u0161ech osm z\u00e1pas\u016f p\u0159i sk\u00f3re 7:27.<\/p>\n<p class=\"e_bX\">Od Tour\u00e9ho se \u010dek\u00e1 v\u00edc. Aby mu\u017estvo omladil. Aby d\u00e1val v\u00edc \u0161anci slovensk\u00fdm mlad\u00edk\u016fm. Aby hr\u00e1\u010de Slovanu vr\u00e1til na p\u0159estupn\u00ed trh. Aby klubu dodal \u0161mrnc.<\/p>\n<p class=\"e_bX\">Ale nejd\u0159\u00edv se mus\u00ed zklidnit, koncentrovat se na p\u0159\u00edpravu a\u00a0p\u0159ej\u00edt p\u0159es Celje, soupe\u0159e ze Slovinska.<\/p>\n","protected":false},"excerpt":{"rendered":"V\u011bt\u0161inou m\u00e1 emoce pod kontrolou. Nepoznali byste na n\u011bm, jestli chv\u00e1l\u00ed, nebo k\u00e1r\u00e1. Sna\u017e\u00ed se dr\u017eet jednotnou linii&hellip;\n","protected":false},"author":2,"featured_media":191875,"comment_status":"","ping_status":"","sticky":false,"template":"","format":"standard","meta":{"footnotes":"","_share_on_mastodon":"0"},"categories":[15],"tags":[1198,33158,2201,327,1830,326,30116,44533,11240,1190,4748,9785,44530,37113,40404,864,23882,94,93,1831,44532,44531],"class_list":["post-191874","post","type-post","status-publish","format-standard","has-post-thumbnail","category-sport","tag-ac-sparta-praha","tag-andrea-stramaccioni","tag-brian-priske","tag-evropska-liga-uefa","tag-fc-barcelona","tag-fotbal","tag-jan-koller","tag-jaroslav-starka","tag-lars-friis","tag-liga-mistru-uefa","tag-manchester-city-fc","tag-pep-guardiola","tag-petr-mach","tag-rodrigo-cascante-rodri","tag-santi-denia","tag-sk-slavia-praha","tag-slovan-bratislava","tag-sport","tag-sports","tag-uefa","tag-vladimir-weiss","tag-yaya-toure"],"share_on_mastodon":{"url":"https:\/\/pubeurope.com\/@cz\/117160426040366087","error":""},"_links":{"self":[{"href":"https:\/\/www.europesays.com\/cz\/wp-json\/wp\/v2\/posts\/191874","targetHints":{"allow":["GET"]}}],"collection":[{"href":"https:\/\/www.europesays.com\/cz\/wp-json\/wp\/v2\/posts"}],"about":[{"href":"https:\/\/www.europesays.com\/cz\/wp-json\/wp\/v2\/types\/post"}],"author":[{"embeddable":true,"href":"https:\/\/www.europesays.com\/cz\/wp-json\/wp\/v2\/users\/2"}],"replies":[{"embeddable":true,"href":"https:\/\/www.europesays.com\/cz\/wp-json\/wp\/v2\/comments?post=191874"}],"version-history":[{"count":0,"href":"https:\/\/www.europesays.com\/cz\/wp-json\/wp\/v2\/posts\/191874\/revisions"}],"wp:featuredmedia":[{"embeddable":true,"href":"https:\/\/www.europesays.com\/cz\/wp-json\/wp\/v2\/media\/191875"}],"wp:attachment":[{"href":"https:\/\/www.europesays.com\/cz\/wp-json\/wp\/v2\/media?parent=191874"}],"wp:term":[{"taxonomy":"category","embeddable":true,"href":"https:\/\/www.europesays.com\/cz\/wp-json\/wp\/v2\/categories?post=191874"},{"taxonomy":"post_tag","embeddable":true,"href":"https:\/\/www.europesays.com\/cz\/wp-json\/wp\/v2\/tags?post=191874"}],"curies":[{"name":"wp","href":"https:\/\/api.w.org\/{rel}","templated":true}]}}