{"id":192008,"date":"2026-08-26T08:45:13","date_gmt":"2026-08-26T08:45:13","guid":{"rendered":"https:\/\/www.europesays.com\/cz\/192008\/"},"modified":"2026-08-26T08:45:13","modified_gmt":"2026-08-26T08:45:13","slug":"srazku-s-vlakem-na-bruntalsku-odnesla-divka-vaznym-zranenim","status":"publish","type":"post","link":"https:\/\/www.europesays.com\/cz\/192008\/","title":{"rendered":"Sr\u00e1\u017eku s\u00a0vlakem na Brunt\u00e1lsku odnesla d\u00edvka v\u00e1\u017en\u00fdm zran\u011bn\u00edm"},"content":{"rendered":"<p class=\"c_bB\">Ke st\u0159etu do\u0161lo kr\u00e1tce po p\u016fl jedn\u00e9 odpoledne na \u017eelezni\u010dn\u00ed trati mezi Z\u00e1torem a\u00a0Nov\u00fdmi He\u0159minovy. \u201eD\u00edvka byla po nehod\u011b p\u0159i v\u011bdom\u00ed, utrp\u011bla v\u0161ak \u017eivot ohro\u017euj\u00edc\u00ed poran\u011bn\u00ed,\u201c potvrdil mluv\u010d\u00ed z\u00e1chran\u00e1\u0159\u016f Luk\u00e1\u0161 Humpl. Prvotn\u00ed l\u00e9ka\u0159sk\u00e9 vy\u0161et\u0159en\u00ed u\u00a0n\u00ed uk\u00e1zalo poran\u011bn\u00ed p\u00e1nve, ruky i\u00a0hlavy.<\/p>\n<p class=\"c_bB\">\u201eZ\u00e1chran\u00e1\u0159i podali pacientce nitro\u017eiln\u011b l\u00e9ky, infuzn\u00ed roztoky a\u00a0tak\u00e9 kysl\u00edk. Znehybnili ji za pomoci podtlakov\u00e9 matrace a\u00a0kon\u010detinov\u00e9 dlahy,\u201c nast\u00ednil.<\/p>\n<p class=\"c_bB\">Proto\u017ee ke sr\u00e1\u017ece do\u0161lo v\u00a0nep\u0159\u00edstupn\u00e9m ter\u00e9nu, kam se sanitka ani vrtuln\u00edk leteck\u00e9 z\u00e1chrann\u00e9 slu\u017eby nemohl dostat, pomohli s\u00a0transportem d\u00edvky hasi\u010di.<\/p>\n<p class=\"c_bB\">\u201eZran\u011bnou na nos\u00edtk\u00e1ch p\u0159enesli p\u0159ibli\u017en\u011b t\u0159i sta metr\u016f k\u00a0sanitn\u00edmu vozidlu. To ji p\u0159evezlo na nedalek\u00e9 h\u0159i\u0161t\u011b, kde byl p\u0159ipraven vrtuln\u00edk. Hasi\u010di pomohli tak\u00e9 p\u0159i p\u0159elo\u017een\u00ed zran\u011bn\u00e9 ze sanitky do vrtuln\u00edku,\u201c uvedla mluv\u010d\u00ed hasi\u010d\u016f Kamila Langerov\u00e1 s\u00a0t\u00edm, \u017ee ve vlaku v\u00a0dob\u011b nehody cestovalo 15\u00a0lid\u00ed. T\u011bm zajistili hasi\u010di autobus, kter\u00fd je p\u0159evezl do nedalek\u00e9ho Brunt\u00e1lu.<\/p>\n<p class=\"c_bB\">V\u00e1\u017en\u011b zran\u011bn\u00e1 d\u00edvka byla letecky p\u0159epravena do Fakultn\u00ed nemocnice Ostrava.<\/p>\n<p class=\"c_bB\">P\u0159\u00edpad pro\u0161et\u0159uje policie. \u201eDechov\u00e1 zkou\u0161ka na p\u0159\u00edtomnost alkoholu byla u\u00a0strojvedouc\u00edho negativn\u00ed,\u201c sd\u011blil policejn\u00ed mluv\u010d\u00ed Jan Segsulka s\u00a0t\u00edm, \u017ee provoz na jednokolejn\u00e9 trati z\u00a0Krnova do Brunt\u00e1lu byl p\u0159eru\u0161en do zhruba 14.50\u00a0hodin.<\/p>\n<p><a data-dot=\"atm-link\" target=\"_self\" href=\"https:\/\/www.novinky.cz\/clanek\/krimi-vlak-ve-zline-usmrtil-seniora-ktery-spechal-do-nakupniho-centra-40593446\" class=\"c_N\" rel=\"nofollow noopener\"><img fetchpriority=\"high\" height=\"2250\" width=\"4000\" src=\"https:\/\/www.europesays.com\/cz\/wp-content\/uploads\/2026\/08\/1787733913_446_policie-vlak-dobytek-nehoda-moravsky-beroun-domasov-nad-bystrici-olomoucko.jpeg\" loading=\"eager\" decoding=\"sync\" class=\"c_t c_r\"\/><\/a><\/p>\n","protected":false},"excerpt":{"rendered":"Ke st\u0159etu do\u0161lo kr\u00e1tce po p\u016fl jedn\u00e9 odpoledne na \u017eelezni\u010dn\u00ed trati mezi Z\u00e1torem a\u00a0Nov\u00fdmi He\u0159minovy. \u201eD\u00edvka byla po&hellip;\n","protected":false},"author":2,"featured_media":192009,"comment_status":"","ping_status":"","sticky":false,"template":"","format":"standard","meta":{"footnotes":"","_share_on_mastodon":"0"},"categories":[7],"tags":[7459,43,42,41,40,734,2402,6189,325,1692,4984,1296],"class_list":["post-192008","post","type-post","status-publish","format-standard","has-post-thumbnail","category-cesko","tag-bruntalsko","tag-ceska-republika","tag-cesko","tag-czech-republic","tag-czechia","tag-hasici","tag-mladistvi","tag-nehody-vlaku","tag-policie","tag-vlaky","tag-zachranari","tag-zraneni"],"share_on_mastodon":{"url":"https:\/\/pubeurope.com\/@cz\/117160937428073279","error":""},"_links":{"self":[{"href":"https:\/\/www.europesays.com\/cz\/wp-json\/wp\/v2\/posts\/192008","targetHints":{"allow":["GET"]}}],"collection":[{"href":"https:\/\/www.europesays.com\/cz\/wp-json\/wp\/v2\/posts"}],"about":[{"href":"https:\/\/www.europesays.com\/cz\/wp-json\/wp\/v2\/types\/post"}],"author":[{"embeddable":true,"href":"https:\/\/www.europesays.com\/cz\/wp-json\/wp\/v2\/users\/2"}],"replies":[{"embeddable":true,"href":"https:\/\/www.europesays.com\/cz\/wp-json\/wp\/v2\/comments?post=192008"}],"version-history":[{"count":0,"href":"https:\/\/www.europesays.com\/cz\/wp-json\/wp\/v2\/posts\/192008\/revisions"}],"wp:featuredmedia":[{"embeddable":true,"href":"https:\/\/www.europesays.com\/cz\/wp-json\/wp\/v2\/media\/192009"}],"wp:attachment":[{"href":"https:\/\/www.europesays.com\/cz\/wp-json\/wp\/v2\/media?parent=192008"}],"wp:term":[{"taxonomy":"category","embeddable":true,"href":"https:\/\/www.europesays.com\/cz\/wp-json\/wp\/v2\/categories?post=192008"},{"taxonomy":"post_tag","embeddable":true,"href":"https:\/\/www.europesays.com\/cz\/wp-json\/wp\/v2\/tags?post=192008"}],"curies":[{"name":"wp","href":"https:\/\/api.w.org\/{rel}","templated":true}]}}