{"id":192170,"date":"2026-08-26T10:53:30","date_gmt":"2026-08-26T10:53:30","guid":{"rendered":"https:\/\/www.europesays.com\/cz\/192170\/"},"modified":"2026-08-26T10:53:30","modified_gmt":"2026-08-26T10:53:30","slug":"zack-snyder-v-traileru-predstavuje-svuj-novy-film-the-last-photograph","status":"publish","type":"post","link":"https:\/\/www.europesays.com\/cz\/192170\/","title":{"rendered":"Zack Snyder v\u00a0traileru p\u0159edstavuje sv\u016fj nov\u00fd film The Last Photograph"},"content":{"rendered":"<p class=\"c_bB\">Projekt The Last Photograph chystal Snyder posledn\u00edch dvacet let a\u00a0pova\u017euje jej za sv\u00e9 nejd\u016fle\u017eit\u011bj\u0161\u00ed d\u00edlo. <\/p>\n<p class=\"c_bB\">Ve Spojen\u00fdch st\u00e1tech, Kolumbii a\u00a0na Islandu nato\u010dil sn\u00edmek, v\u00a0n\u011bm\u017e b\u00fdval\u00fd agent DEA Ethan Beck hled\u00e1 s\u00a0pomoc\u00ed v\u00e1le\u010dn\u00e9ho fotografa sv\u00e9ho synovce a\u00a0nete\u0159, ke kter\u00fdm vede stopa v\u00a0podob\u011b fotografie. Krom\u011b nalezen\u00ed d\u011bt\u00ed hodl\u00e1 pomst\u00edt sv\u00e9ho bratra, n\u011bkdej\u0161\u00edho elitn\u00edho diplomata, a\u00a0jeho man\u017eelku, kte\u0159\u00ed byli brut\u00e1ln\u011b zavra\u017ed\u011bni. <\/p>\n<p class=\"c_bB\">Hlavn\u00ed role ve filmu ztv\u00e1rn\u00ed Stuart Martin a\u00a0Fra Fee, kte\u0159\u00ed se objevili v\u00a0p\u0159edch\u00e1zej\u00edc\u00ed Snyderov\u011b filmov\u00e9 s\u00e9rii Rebel Moon. Vedle nich se objev\u00ed nap\u0159\u00edklad Jackie Kay \u010di Sergio Herrera. Sc\u00e9n\u00e1\u0159 k\u00a0filmu nachystal Snyder\u016fv spolupracovn\u00edk Kurt Johnstad, jen\u017e se pod\u00edlel na Rebel Moon i\u00a0300: Bitva u\u00a0Thermopyl. Hudbu pak slo\u017eil mimo jin\u00e9 i\u00a0Hans Zimmer.<\/p>\n<p class=\"c_bB\">Sn\u00edmek m\u00e1 v\u00a0kinech debutovat v\u00a0pr\u016fb\u011bhu p\u0159\u00ed\u0161t\u00edho roku, Snyder ale rozhodn\u011b nelen\u00ed. V\u00a0pl\u00e1nu m\u00e1 nat\u00e1\u010den\u00ed remaku kultovn\u00edho \u00dat\u011bku z\u00a0New Yorku a\u00a0st\u00e1le tak\u00e9 tou\u017e\u00ed po n\u00e1vratu ke komiks\u016fm, jim\u017e se v\u011bnoval v\u00a0uplynul\u00fdch patn\u00e1cti letech.<\/p>\n<p><a data-dot=\"atm-link\" target=\"_self\" href=\"https:\/\/www.novinky.cz\/clanek\/kultura-filmy-serialy-zack-snyder-se-vraci-jako-dalsi-film-si-vybral-novou-verzi-carpenterovy-klasiky-40581023\" class=\"c_N\" rel=\"nofollow noopener\"><img fetchpriority=\"high\" height=\"1012\" width=\"1800\" src=\"https:\/\/www.europesays.com\/cz\/wp-content\/uploads\/2026\/08\/zack-snyder-zkaza-bohu.jpeg\" loading=\"eager\" decoding=\"sync\" class=\"c_t c_r\"\/><\/a><\/p>\n","protected":false},"excerpt":{"rendered":"Projekt The Last Photograph chystal Snyder posledn\u00edch dvacet let a\u00a0pova\u017euje jej za sv\u00e9 nejd\u016fle\u017eit\u011bj\u0161\u00ed d\u00edlo. Ve Spojen\u00fdch st\u00e1tech,&hellip;\n","protected":false},"author":2,"featured_media":192171,"comment_status":"","ping_status":"","sticky":false,"template":"","format":"standard","meta":{"footnotes":"","_share_on_mastodon":"0"},"categories":[14],"tags":[7770,79,12679,80,31426],"class_list":["post-192170","post","type-post","status-publish","format-standard","has-post-thumbnail","category-zabava","tag-christian-bale","tag-entertainment","tag-sean-penn","tag-zabava","tag-zack-snyder"],"share_on_mastodon":{"url":"https:\/\/pubeurope.com\/@cz\/117161440631932750","error":""},"_links":{"self":[{"href":"https:\/\/www.europesays.com\/cz\/wp-json\/wp\/v2\/posts\/192170","targetHints":{"allow":["GET"]}}],"collection":[{"href":"https:\/\/www.europesays.com\/cz\/wp-json\/wp\/v2\/posts"}],"about":[{"href":"https:\/\/www.europesays.com\/cz\/wp-json\/wp\/v2\/types\/post"}],"author":[{"embeddable":true,"href":"https:\/\/www.europesays.com\/cz\/wp-json\/wp\/v2\/users\/2"}],"replies":[{"embeddable":true,"href":"https:\/\/www.europesays.com\/cz\/wp-json\/wp\/v2\/comments?post=192170"}],"version-history":[{"count":0,"href":"https:\/\/www.europesays.com\/cz\/wp-json\/wp\/v2\/posts\/192170\/revisions"}],"wp:featuredmedia":[{"embeddable":true,"href":"https:\/\/www.europesays.com\/cz\/wp-json\/wp\/v2\/media\/192171"}],"wp:attachment":[{"href":"https:\/\/www.europesays.com\/cz\/wp-json\/wp\/v2\/media?parent=192170"}],"wp:term":[{"taxonomy":"category","embeddable":true,"href":"https:\/\/www.europesays.com\/cz\/wp-json\/wp\/v2\/categories?post=192170"},{"taxonomy":"post_tag","embeddable":true,"href":"https:\/\/www.europesays.com\/cz\/wp-json\/wp\/v2\/tags?post=192170"}],"curies":[{"name":"wp","href":"https:\/\/api.w.org\/{rel}","templated":true}]}}