{"id":192182,"date":"2026-08-26T11:00:16","date_gmt":"2026-08-26T11:00:16","guid":{"rendered":"https:\/\/www.europesays.com\/cz\/192182\/"},"modified":"2026-08-26T11:00:16","modified_gmt":"2026-08-26T11:00:16","slug":"omezeni-na-prijezdu-do-prahy-skonci-vymohly-si-radnice-silnice-se-vsak-opet-rozkope-pozdeji","status":"publish","type":"post","link":"https:\/\/www.europesays.com\/cz\/192182\/","title":{"rendered":"Omezen\u00ed na p\u0159\u00edjezdu do Prahy skon\u010d\u00ed, vymohly si radnice. Silnice se v\u0161ak op\u011bt rozkope pozd\u011bji"},"content":{"rendered":"<p>\n                                        Rekonstrukce kanalizace nebude kv\u016fli obav\u00e1m z dopravn\u00edho kolapsu kompletn\u00ed.                                    <\/p>\n<p>Radnic\u00edm Prahy 6, Suchdola a Roztok se poda\u0159ilo zabr\u00e1nit <a href=\"https:\/\/zdopravy.cz\/dulezity-prijezd-do-prahy-bude-omezen-i-v-zari-radnice-proti-prodlouzeni-oprav-protestuji-294798\/\" rel=\"nofollow noopener\" target=\"_blank\">prodlou\u017een\u00ed oprav kanalizace v pra\u017esk\u00e9 Roztock\u00e9 a Kam\u00fdck\u00e9 ulici.<\/a> Dopravn\u00ed omezen\u00ed, kter\u00e9 zu\u017euje d\u016fle\u017eit\u00fd \u010dty\u0159proud\u00fd p\u0159\u00edjezd do metropole na pouh\u00e9 dva pruhy, m\u011blo p\u016fvodn\u011b skon\u010dit s pr\u00e1zdninami. Investor opravy kanalizace PVS v\u0161ak po\u017e\u00e1dal o prodlou\u017een\u00ed z\u00e1boru vozovky a\u017e do konce z\u00e1\u0159\u00ed. Po protestech radnic se nakonec doprava v pln\u00e9m profilu vozovky obnov\u00ed v ned\u011bli 6. z\u00e1\u0159\u00ed. Stavba\u0159i se v\u0161ak budou muset na m\u00edsto je\u0161t\u011b pozd\u011bji vr\u00e1tit.<\/p>\n<p><a href=\"https:\/\/zdopravy.cz\/wp-content\/uploads\/2026\/08\/Snimek-obrazovky-2026-08-21-082628.png\" rel=\"nofollow noopener\" target=\"_blank\"><img loading=\"lazy\" decoding=\"async\" aria-describedby=\"caption-attachment-294804\" class=\"size-medium wp-image-294804\" src=\"https:\/\/www.europesays.com\/cz\/wp-content\/uploads\/2026\/08\/Snimek-obrazovky-2026-08-21-082628-300x175.png\" alt=\"Dopravn\u00ed omezen\u00ed na p\u0159\u00edjezdu do Prahy od Suchdola v Kam\u00fdck\u00e9 ulici. Zdroj: TSK\" width=\"300\" height=\"175\"  \/><\/a><\/p>\n<p id=\"caption-attachment-294804\" class=\"wp-caption-text\">Dopravn\u00ed omezen\u00ed na p\u0159\u00edjezdu do Prahy od Suchdola v Kam\u00fdck\u00e9 ulici. Zdroj: TSK<\/p>\n<p>Rekonstrukce \u010derpac\u00ed stanice odpadn\u00edch vod si vy\u017e\u00e1dala redukci provozu v Roztock\u00e9 ulici ze \u010dty\u0159 j\u00edzdn\u00edch pruh\u016f na dva, radnice varovaly p\u0159ed dopravn\u00edm kolapsem na za\u010d\u00e1tku \u0161koln\u00edho roku.<\/p>\n<p>\u201eProto\u017ee v\u0161ak rekonstrukce \u010cSOV v ulici Roztock\u00e1 t\u00edmto nebude kompletn\u00ed, prov\u011b\u0159uje nyn\u00ed zhotovitel s projektantem dopravn\u011b-in\u017een\u00fdrsk\u00fdch opat\u0159en\u00ed mo\u017enosti zb\u00fdvaj\u00edc\u00edch prac\u00ed do konce roku tak, aby byl dopad na dopravu minim\u00e1ln\u00ed. Kl\u00ed\u010dov\u00fdm po\u017eadavkem samospr\u00e1v z\u016fst\u00e1v\u00e1 absolutn\u00ed priorita pro spoje MHD ve vyhrazen\u00e9m pruhu a sm\u011b\u0159ov\u00e1n\u00ed nezbytn\u00fdch zb\u00fdvaj\u00edc\u00edch omezen\u00ed do podzimn\u00edch pr\u00e1zdnin, kdy je intenzita dopravy ni\u017e\u0161\u00ed,\u201c uvedla Praha 6 v tiskov\u00e9 zpr\u00e1v\u011b.<\/p>\n<p>\u201eBohu\u017eel v\u0161ak rekonstrukce \u010cSOV t\u00edmto krokem nen\u00ed kompletn\u00ed a budou cht\u00edt ulici rozkopat pozd\u011bji. Pro jak\u00e9koliv dal\u0161\u00ed navazuj\u00edc\u00ed etapy, kter\u00e9 si vy\u017e\u00e1daj\u00ed omezen\u00ed dopravy v ulici Roztock\u00e1, budeme po\u017eadovat, aby prob\u00edhaly op\u011bt o pr\u00e1zdnin\u00e1ch, kdy je doprava men\u0161\u00ed, a v\u010detn\u011b preferen\u010dn\u00edch opat\u0159en\u00ed pro MHD,\u201c dodal radn\u00ed pro dopravu Prahy 6 Ond\u0159ej Mat\u011bj Hrube\u0161.<\/p>\n<p>                                                        Tagy<\/p>\n<p>                                                                                                                                                                                                                            <a href=\"https:\/\/zdopravy.cz\/tag\/praha-6\/\" type=\"button\" class=\"btn btn-secondary mb-1 btn-sm\" rel=\"nofollow noopener\" target=\"_blank\"><br \/>\n                                                                Praha 6                                                            <\/a><br \/>\n                                                                                                                                                                                                                                <a href=\"https:\/\/zdopravy.cz\/tag\/pvs\/\" type=\"button\" class=\"btn btn-secondary mb-1 btn-sm\" rel=\"nofollow noopener\" target=\"_blank\"><br \/>\n                                                                PVS                                                            <\/a><br \/>\n                                                                                                                                                                                                                                <a href=\"https:\/\/zdopravy.cz\/tag\/roztocka\/\" type=\"button\" class=\"btn btn-secondary mb-1 btn-sm\" rel=\"nofollow noopener\" target=\"_blank\"><br \/>\n                                                                Roztock\u00e1                                                            <\/a><br \/>\n                                                                                                                                                                                                                                <a href=\"https:\/\/zdopravy.cz\/tag\/roztoky-u-prahy\/\" type=\"button\" class=\"btn btn-secondary mb-1 btn-sm\" rel=\"nofollow noopener\" target=\"_blank\"><br \/>\n                                                                Roztoky u Prahy                                                            <\/a><br \/>\n                                                                                                                                                                                                                                                                                                                                            <a href=\"https:\/\/zdopravy.cz\/tag\/suchdol\/\" type=\"button\" class=\"btn btn-secondary mb-1 btn-sm\" rel=\"nofollow noopener\" target=\"_blank\"><br \/>\n                                                                Suchdol                                                            <\/a><\/p>\n<p>                                                <a href=\"https:\/\/zdopravy.cz\/omezeni-na-prijezdu-do-prahy-skonci-vymohly-si-radnice-silnice-se-vsak-opet-rozkope-pozdeji-296030\/?comments=1#comments\" class=\"ml-3 text-body mb-3 mt-4 d-inline-block\" rel=\"nofollow noopener\" target=\"_blank\"><\/p>\n<p>                                                    1 koment\u00e1\u0159                                                <\/a><\/p>\n","protected":false},"excerpt":{"rendered":"Rekonstrukce kanalizace nebude kv\u016fli obav\u00e1m z dopravn\u00edho kolapsu kompletn\u00ed. Radnic\u00edm Prahy 6, Suchdola a Roztok se poda\u0159ilo zabr\u00e1nit&hellip;\n","protected":false},"author":2,"featured_media":192183,"comment_status":"","ping_status":"","sticky":false,"template":"","format":"standard","meta":{"footnotes":"","_share_on_mastodon":"0"},"categories":[30],"tags":[98,99,1017,17835,44584,31087,119,27763],"class_list":["post-192182","post","type-post","status-publish","format-standard","has-post-thumbnail","category-praha","tag-prague","tag-praha","tag-praha-6","tag-pvs","tag-roztocka","tag-roztoky-u-prahy","tag-seznam","tag-suchdol"],"share_on_mastodon":{"url":"https:\/\/pubeurope.com\/@cz\/117161468269859316","error":""},"_links":{"self":[{"href":"https:\/\/www.europesays.com\/cz\/wp-json\/wp\/v2\/posts\/192182","targetHints":{"allow":["GET"]}}],"collection":[{"href":"https:\/\/www.europesays.com\/cz\/wp-json\/wp\/v2\/posts"}],"about":[{"href":"https:\/\/www.europesays.com\/cz\/wp-json\/wp\/v2\/types\/post"}],"author":[{"embeddable":true,"href":"https:\/\/www.europesays.com\/cz\/wp-json\/wp\/v2\/users\/2"}],"replies":[{"embeddable":true,"href":"https:\/\/www.europesays.com\/cz\/wp-json\/wp\/v2\/comments?post=192182"}],"version-history":[{"count":0,"href":"https:\/\/www.europesays.com\/cz\/wp-json\/wp\/v2\/posts\/192182\/revisions"}],"wp:featuredmedia":[{"embeddable":true,"href":"https:\/\/www.europesays.com\/cz\/wp-json\/wp\/v2\/media\/192183"}],"wp:attachment":[{"href":"https:\/\/www.europesays.com\/cz\/wp-json\/wp\/v2\/media?parent=192182"}],"wp:term":[{"taxonomy":"category","embeddable":true,"href":"https:\/\/www.europesays.com\/cz\/wp-json\/wp\/v2\/categories?post=192182"},{"taxonomy":"post_tag","embeddable":true,"href":"https:\/\/www.europesays.com\/cz\/wp-json\/wp\/v2\/tags?post=192182"}],"curies":[{"name":"wp","href":"https:\/\/api.w.org\/{rel}","templated":true}]}}