{"id":192295,"date":"2026-08-26T12:52:13","date_gmt":"2026-08-26T12:52:13","guid":{"rendered":"https:\/\/www.europesays.com\/cz\/192295\/"},"modified":"2026-08-26T12:52:13","modified_gmt":"2026-08-26T12:52:13","slug":"opozice-se-kvuli-zmene-rozpoctovych-pravidel-obrati-na-ustavni-soud","status":"publish","type":"post","link":"https:\/\/www.europesays.com\/cz\/192295\/","title":{"rendered":"Opozice se kv\u016fli zm\u011bn\u011b rozpo\u010dtov\u00fdch pravidel obr\u00e1t\u00ed na \u00dastavn\u00ed soud"},"content":{"rendered":"<p class=\"c_bB\">\u201eShled\u00e1v\u00e1me na tom postupu, kter\u00fd zvolila koalice, \u0159adu vad, a\u00a0proto pod\u00e1v\u00e1me spole\u010dn\u011b jako opozi\u010dn\u00ed strany st\u00ed\u017enost k\u00a0\u00dastavn\u00edmu soudu,\u201c uvedl H\u0159ib na br\u00edfinku opozi\u010dn\u00edch l\u00eddr\u016f kr\u00e1tce po hlasov\u00e1n\u00ed.<\/p>\n<p class=\"c_bB\">Doplnil, \u017ee st\u00ed\u017enost se bude v\u011bnovat aspekt\u016fm procedur\u00e1ln\u00edm, tak i\u00a0meritorn\u00edm. \u201eJednak nedostali prostor k\u00a0vyj\u00e1d\u0159en\u00ed v\u0161ichni poslanci. Ani j\u00e1 jsem se nedostal ke slovu, p\u0159esto\u017ee jsem byl \u0159\u00e1dn\u011b do rozpravy p\u0159ihl\u00e1\u0161en. Za druh\u00e9 jde o\u00a0naru\u0161en\u00ed d\u011blby moci,\u201c avizoval p\u0159edseda Pir\u00e1t\u016f, s\u00a0\u010d\u00edm p\u016fjde opozice k\u00a0\u00dastavn\u00edmu soudu.<\/p>\n<p class=\"c_bB\">Stejn\u011b jako prezidentovi\u00a0vad\u00ed opozi\u010dn\u00edm z\u00e1konod\u00e1rc\u016fm mimo jin\u00e9 i\u00a0to, \u017ee by vl\u00e1da p\u0159i zhor\u0161en\u00ed bezpe\u010dnostn\u00ed situace mohla zv\u00fd\u0161it schv\u00e1len\u00e9 v\u00fddaje a\u017e o\u00a0deset procent bez p\u0159edchoz\u00edho schv\u00e1len\u00ed Sn\u011bmovnou.<\/p>\n<p><a data-dot=\"atm-link\" target=\"_self\" href=\"https:\/\/www.novinky.cz\/clanek\/ekonomika-snemovna-prehlasovala-pavlovo-veto-rozpoctova-pravidla-se-uvolni-40594553\" class=\"c_N\" rel=\"nofollow noopener\"><img fetchpriority=\"high\" height=\"1577\" width=\"2804\" src=\"https:\/\/www.europesays.com\/cz\/wp-content\/uploads\/2026\/08\/1787748733_309_babis-schillerova.jpeg\" loading=\"eager\" decoding=\"sync\" class=\"c_t c_r\"\/><\/a><\/p>\n","protected":false},"excerpt":{"rendered":"\u201eShled\u00e1v\u00e1me na tom postupu, kter\u00fd zvolila koalice, \u0159adu vad, a\u00a0proto pod\u00e1v\u00e1me spole\u010dn\u011b jako opozi\u010dn\u00ed strany st\u00ed\u017enost k\u00a0\u00dastavn\u00edmu soudu,\u201c&hellip;\n","protected":false},"author":2,"featured_media":192296,"comment_status":"","ping_status":"","sticky":false,"template":"","format":"standard","meta":{"footnotes":"","_share_on_mastodon":"0"},"categories":[10],"tags":[17,21,16,1193,213,137,18,19,22,1067,14442,20],"class_list":["post-192295","post","type-post","status-publish","format-standard","has-post-thumbnail","category-zpravy","tag-headlines","tag-hlavni-udalosti","tag-news","tag-opozice","tag-petr-pavel","tag-rozpocet","tag-top-news","tag-top-stories","tag-udalosti-dne","tag-ustavni-soud","tag-verejne-finance","tag-zpravy"],"share_on_mastodon":{"url":"https:\/\/pubeurope.com\/@cz\/117161909108876982","error":""},"_links":{"self":[{"href":"https:\/\/www.europesays.com\/cz\/wp-json\/wp\/v2\/posts\/192295","targetHints":{"allow":["GET"]}}],"collection":[{"href":"https:\/\/www.europesays.com\/cz\/wp-json\/wp\/v2\/posts"}],"about":[{"href":"https:\/\/www.europesays.com\/cz\/wp-json\/wp\/v2\/types\/post"}],"author":[{"embeddable":true,"href":"https:\/\/www.europesays.com\/cz\/wp-json\/wp\/v2\/users\/2"}],"replies":[{"embeddable":true,"href":"https:\/\/www.europesays.com\/cz\/wp-json\/wp\/v2\/comments?post=192295"}],"version-history":[{"count":0,"href":"https:\/\/www.europesays.com\/cz\/wp-json\/wp\/v2\/posts\/192295\/revisions"}],"wp:featuredmedia":[{"embeddable":true,"href":"https:\/\/www.europesays.com\/cz\/wp-json\/wp\/v2\/media\/192296"}],"wp:attachment":[{"href":"https:\/\/www.europesays.com\/cz\/wp-json\/wp\/v2\/media?parent=192295"}],"wp:term":[{"taxonomy":"category","embeddable":true,"href":"https:\/\/www.europesays.com\/cz\/wp-json\/wp\/v2\/categories?post=192295"},{"taxonomy":"post_tag","embeddable":true,"href":"https:\/\/www.europesays.com\/cz\/wp-json\/wp\/v2\/tags?post=192295"}],"curies":[{"name":"wp","href":"https:\/\/api.w.org\/{rel}","templated":true}]}}