{"id":192366,"date":"2026-08-26T14:13:11","date_gmt":"2026-08-26T14:13:11","guid":{"rendered":"https:\/\/www.europesays.com\/cz\/192366\/"},"modified":"2026-08-26T14:13:11","modified_gmt":"2026-08-26T14:13:11","slug":"nenechme-se-s-ceskem-rozestvat-polsko-se-postavilo-akci-z-niz-je-podezrele-rusko","status":"publish","type":"post","link":"https:\/\/www.europesays.com\/cz\/192366\/","title":{"rendered":"\u201eNenechme se s\u00a0\u010ceskem roze\u0161tvat.\u201c Polsko se postavilo akci, z\u00a0n\u00ed\u017e je podez\u0159el\u00e9 Rusko"},"content":{"rendered":"<p class=\"e_bX\">Jen p\u00e1r hodin potom, co Seznam Zpr\u00e1vy popsaly <a data-dot=\"atm-link\" target=\"_blank\" href=\"https:\/\/www.seznamzpravy.cz\/clanek\/domaci-kauzy-v-podezreni-rusko-lziva-kampan-stve-cechy-proti-polakum-313754\" class=\"e_n\" rel=\"nofollow noopener\">rozs\u00e1hlou p\u0159eshrani\u010dn\u00ed kampa\u0148<\/a>, kter\u00e1 se sna\u017e\u00ed po\u0161tvat \u010cechy proti Pol\u00e1k\u016fm, p\u0159i\u0161la v\u00a0\u00fater\u00fd ve\u010der reakce polsk\u00e9ho ministra zahrani\u010d\u00ed Rados\u0142awa Sikorsk\u00e9ho. Ten jednozna\u010dn\u011b dementoval le\u017e, \u017ee by se Polsko chystalo kv\u016fli \u00fazemn\u00edm spor\u016fm obsadit \u010d\u00e1st \u010ceska.<\/p>\n<p class=\"e_bX\">Bezpe\u010dnostn\u00ed slo\u017eky obou st\u00e1t\u016f podez\u0159\u00edvaj\u00ed z\u00a0rozdm\u00fdch\u00e1n\u00ed informa\u010dn\u00ed operace Rusko. Vl\u00e1da Andreje Babi\u0161e (ANO) reagovala ve st\u0159edu odpoledne vysv\u011btluj\u00edc\u00edm p\u0159\u00edsp\u011bvkem o\u00a0\u010desko-polsk\u00fdch vztaz\u00edch na soci\u00e1ln\u00edch s\u00edt\u00edch z\u00a0pera Ministerstva zahrani\u010d\u00ed. <\/p>\n<p class=\"e_bX\">\u010cesk\u00fd prot\u011bj\u0161ek Sikorsk\u00e9ho Petr Macinka (Motorist\u00e9 sob\u011b) na dotazy Seznam Zpr\u00e1v nereagoval. A\u00a0na ot\u00e1zky nereagoval ani premi\u00e9r Andrej Babi\u0161 (ANO).<\/p>\n<p>Dosud neb\u00fdval\u00e1 kampa\u0148<\/p>\n<p class=\"e_bX\">N\u011bkte\u0159\u00ed p\u0159\u00edslu\u0161n\u00edci \u010desk\u00e9 bezpe\u010dnostn\u00ed komunity, s\u00a0nimi\u017e Seznam Zpr\u00e1vy pod z\u00e1rukou anonymity mluvily, pracuj\u00ed s\u00a0t\u00edm, \u017ee informa\u010dn\u00ed operac\u00ed si mimo jin\u00e9 m\u016f\u017ee Rusko testovat schopnost \u010ceska zareagovat. <\/p>\n<p class=\"e_bX\">A to v\u00a0dob\u011b, kdy Babi\u0161ova vl\u00e1da vy\u0161krtla z\u00a0dokumentu, kter\u00fd stanovuje, do \u010deho pote\u010dou v\u00a0n\u00e1sleduj\u00edc\u00edch letech evropsk\u00e9 pen\u00edze, <a data-dot=\"atm-link\" target=\"_blank\" href=\"https:\/\/www.seznamzpravy.cz\/clanek\/domaci-politika-vlada-neda-evropske-penize-na-boj-s-dezinformacemi-313758\" class=\"e_n\" rel=\"nofollow noopener\">boj proti dezinformac\u00edm \u010di medi\u00e1ln\u00ed vzd\u011bl\u00e1v\u00e1n\u00ed d\u011bt\u00ed<\/a>. A\u00a0u\u017e kr\u00e1tce po sv\u00e9m n\u00e1stupu z\u00e1sadn\u011b o\u0159ezala slo\u017eky st\u00e1tu, kter\u00e9 byly zodpov\u011bdn\u00e9 za boj proti vlivov\u00fdm operac\u00edm a\u00a0srozumitelnou komunikaci.<\/p>\n<p class=\"e_bX\">V\u00a0\u010cesku podle dostupn\u00fdch informac\u00ed placen\u00e9 facebookov\u00e9 p\u0159\u00edsp\u011bvky zas\u00e1hly des\u00edtky tis\u00edc lid\u00ed. Promy\u0161lenost\u00ed a\u00a0\u0161\u00ed\u0159\u00ed jde ale o\u00a0v \u010cesku dosud nev\u00eddanou operaci. \u00dato\u010dn\u00edci podvrhli diplomatick\u00fd dokument, kter\u00fd na Facebooku zve\u0159ejnil fale\u0161n\u00fd profil \u010desk\u00e9ho velvyslance v\u00a0Polsku. Toho n\u00e1sledn\u011b citoval \u010dl\u00e1nek na fale\u0161n\u00e9m webu \u010desk\u00e9ho ve\u0159ejnopr\u00e1vn\u00edho r\u00e1dia iRozhlas.cz, kter\u00fd dote\u010f funguje na podobn\u00e9 dom\u00e9n\u011b lRozhlas.cz. <\/p>\n<p>P\u016fvodn\u00ed investigace Seznam Zpr\u00e1v:<a data-dot=\"mol-article-card-media\" aria-hidden=\"true\" tabindex=\"-1\" href=\"https:\/\/www.seznamzpravy.cz\/clanek\/domaci-kauzy-v-podezreni-rusko-lziva-kampan-stve-cechy-proti-polakum-313754\" class=\"e_n f_l8\" rel=\"nofollow noopener\" target=\"_blank\"><img fetchpriority=\"high\" height=\"994\"   width=\"1768\" src=\"https:\/\/www.europesays.com\/cz\/wp-content\/uploads\/2026\/08\/1787753590_288_tesin.jpeg\" loading=\"eager\" decoding=\"sync\" class=\"e_aa e_Z\"\/><\/a><\/p>\n<p class=\"e_bX\">Hacke\u0159i n\u00e1sledn\u011b publikovali \u010dl\u00e1nek o\u00a0tom, \u017ee na \u00fadajn\u00fd probl\u00e9m upozor\u0148uj\u00ed \u010desk\u00e1 m\u00e9dia, na webu polsk\u00e9ho region\u00e1ln\u00edho r\u00e1dia. A\u00a0fale\u0161n\u00fd profil na Facebooku n\u00e1sledn\u011b proti l\u017eiv\u00fdm polsk\u00fdm krok\u016fm svolal demonstraci do T\u0159ince. \u00dato\u010dn\u00edci zneu\u017e\u00edvaj\u00ed re\u00e1ln\u00fdch polsk\u00fdch n\u00e1rok\u016f za zhruba 300\u00a0hektar\u016f \u00fazem\u00ed, o\u00a0nich\u017e ob\u011b zem\u011b dlouhodob\u011b jednaj\u00ed.   <\/p>\n<p class=\"e_bX\">\u201eNenechme se roze\u0161tvat,\u201c pop\u0159el ov\u0161em v\u00a0\u00fater\u00fd polsk\u00fd ministr zahrani\u010d\u00ed jak\u00e9koliv radik\u00e1ln\u00ed kroky. A\u00a0z\u00e1rove\u0148 okomentoval minulost, na kterou se trol\u00ed farmy na soci\u00e1ln\u00edch s\u00edt\u00edch sna\u017e\u00ed apelovat &#8211; polskou anexi \u010d\u00e1sti T\u011b\u0161\u00ednska v\u00a0roce 1938. \u201eVstup do Zaol\u017e\u00ed (\u010d\u00e1st t\u011b\u0161\u00ednsk\u00e9ho Slezska, pozn. red.) byl jedn\u00edm z\u00a0nejhloup\u011bj\u0161\u00edch rozhodnut\u00ed polsk\u00e9 zahrani\u010dn\u00ed politiky v\u00a0historii, ale douf\u00e1m, \u017ee \u010de\u0161t\u00ed brat\u0159i si pamatuj\u00ed, \u017ee se v\u00a0osob\u011b prezidenta Lecha Kaczy\u0144sk\u00e9ho Polsko na Westerplatte v\u00a0roce 2009\u00a0za n\u011bj ve\u0159ejn\u011b omluvilo,\u201c dodal Sikorsky.<\/p>\n<p lang=\"pl\" dir=\"ltr\">Nie dajmy si\u0119 sk\u0142\u00f3ci\u0107. Wkroczenie do Zaolzia by\u0142o jedn\u0105 z najg\u0142upszych decyzji polskiej polityki zagranicznej w historii ale mam nadziej\u0119, \u017ce bracia Czesi pami\u0119taj\u0105, \u017ce w osobie prezydenta Lecha Kaczy\u0144skiego, na Westerplatte w 2009 roku, Polska za ni\u0105 publicznie przeprosi\u0142a. <a href=\"https:\/\/t.co\/yO6NusT1Ws\" rel=\"nofollow\">https:\/\/t.co\/yO6NusT1Ws<\/a><\/p>\n<p>\u2014 Rados\u0142aw Sikorski \ud83c\uddf5\ud83c\uddf1\ud83c\uddea\ud83c\uddfa (@sikorskiradek) <a href=\"https:\/\/x.com\/sikorskiradek\/status\/2092262145207509138?ref_src=twsrc%5Etfw\" rel=\"nofollow\">August 25, 2026<\/a><\/p>\n<p class=\"e_bX\">O pokusu zhor\u0161it \u010desko-polsk\u00e9 vztahy n\u00e1sledn\u011b na z\u00e1klad\u011b textu Seznam Zpr\u00e1v informovala v\u00a0\u00fater\u00fd a\u00a0ve st\u0159edu <a data-dot=\"atm-link\" target=\"_blank\" rel=\"noopener nofollow\" href=\"https:\/\/vod.tvp.pl\/informacje-i-publicystyka,205\/program-informacyjny-2230-odcinki,2776611\/odcinek-127,S01E127,3287122\" class=\"e_n\">nejsledovan\u011bj\u0161\u00ed polsk\u00e1 m\u00e9dia<\/a>. Dezinforma\u010dn\u00ed kampa\u0148 p\u0159itom narazila na v\u00fdrazn\u00fd odpor i\u00a0mezi b\u011b\u017en\u00fdmi Pol\u00e1ky. Na soci\u00e1ln\u00edch s\u00edt\u00edch se \u0161\u00ed\u0159\u00ed stovky vyj\u00e1d\u0159en\u00ed podpory p\u0159\u00e1telstv\u00ed s\u00a0\u010cechy.<\/p>\n<p class=\"e_bX\">Zareagovali i\u00a0region\u00e1ln\u00ed novin\u00e1\u0159i a\u00a0ob\u010dansk\u00e1 spole\u010dnost na T\u011b\u0161\u00ednsku. V\u00a0m\u00edstn\u00edch facebookov\u00fdch skupin\u00e1ch se \u0161\u00ed\u0159\u00ed prohl\u00e1\u0161en\u00ed, aby se lid\u00e9 nenechali proti sv\u00fdm soused\u016fm po\u0161tvat.<\/p>\n<p class=\"e_bX\">\u201eObrana vy\u017eaduje strategick\u00fd p\u0159edstih: V\u010dasn\u00e9 vysv\u011btlen\u00ed kontextu a\u00a0rizik d\u0159\u00edve, ne\u017e manipulativn\u00ed kampa\u0148 ovl\u00e1dne ve\u0159ejn\u00fd prostor. M\u00e9dia, lok\u00e1ln\u00ed neziskovky, v\u0161echny m\u00edstn\u00ed kan\u00e1ly na zji\u0161t\u011bn\u00ed o\u00a0kampani spr\u00e1vn\u011b zareagovaly. Kraj si vlastn\u011b ud\u011blal strategickou komunikaci s\u00e1m, ani\u017e k\u00a0tomu pot\u0159eboval st\u00e1t,\u201c uvedla Eva Klusov\u00e1, v\u00fdzkumn\u00e1 analyti\u010dka Akademie v\u011bd, kter\u00e1 se specializuje na dezinformace a\u00a0anal\u00fdzu psychologick\u00fdch vlivov\u00fdch operac\u00ed.<\/p>\n<p>Jak postupuje \u010cesko?<\/p>\n<p class=\"e_bX\">K polsk\u00e9 \u010d\u00e1sti cel\u00e9 operace u\u017e minul\u00fd t\u00fdden vydal varov\u00e1n\u00ed NASK, polsk\u00e1 obdoba \u010desk\u00e9ho N\u00e1rodn\u00edho \u00fa\u0159adu pro kybernetickou a\u00a0informa\u010dn\u00ed bezpe\u010dnost. Hackersk\u00fd \u00fatok na polsk\u00e1 m\u00e9dia, kter\u00fd vedl k\u00a0\u0161\u00ed\u0159en\u00ed l\u017eiv\u00fdch text\u016f, tak\u00e9 vy\u0161et\u0159uje tamn\u00ed \u00dast\u0159edn\u00ed \u00fa\u0159ad pro po\u010d\u00edta\u010dovou kriminalitu.<\/p>\n<p class=\"e_bX\">V \u010cesku nakonec dodalo ve st\u0159edu odpoledne prohl\u00e1\u0161en\u00ed Ministerstvo zahrani\u010d\u00ed. Vysv\u011btluje v\u00a0n\u011bm jedn\u00e1n\u00ed o\u00a0polsk\u00fdch \u00fazemn\u00edch n\u00e1roc\u00edch. \u201eD\u011bkujeme Rados\u0142awu Sikorsk\u00e9mu, kter\u00fd v\u00a0t\u00e9to v\u011bci s\u00e1m iniciativn\u011b p\u0159i\u0161el s\u00a0n\u00e1vrhem mo\u017en\u00e9ho \u0159e\u0161en\u00ed. Pr\u00e1v\u011b na takov\u00e9 spolupr\u00e1ci stoj\u00ed dobr\u00e9 sousedsk\u00e9 vztahy mezi na\u0161imi zem\u011bmi,\u201c uv\u00e1d\u00ed ministerstvo v\u00a0p\u0159\u00edsp\u011bvku.<\/p>\n<p class=\"e_bX\">\u201ePolsko pat\u0159\u00ed mezi nejbli\u017e\u0161\u00ed a\u00a0nejv\u00fdznamn\u011bj\u0161\u00ed partnery \u010cesk\u00e9 republiky. Na\u0161e zem\u011b \u00fazce spolupracuj\u00ed v\u00a0oblasti bezpe\u010dnosti, energetiky, infrastruktury a\u00a0rozvoje p\u0159\u00edhrani\u010dn\u00edch region\u016f. \u0158e\u0161en\u00ed takzvan\u00e9ho \u00fazemn\u00edho dluhu je dal\u0161\u00edm krokem k\u00a0posilov\u00e1n\u00ed dobr\u00fdch sousedsk\u00fdch vztah\u016f a\u00a0vz\u00e1jemn\u00e9 spolupr\u00e1ce,\u201c dod\u00e1v\u00e1 ministerstvo. <\/p>\n<p class=\"e_bX\">\u010cesk\u00e9 bezpe\u010dnostn\u00ed slo\u017eky ale dosud nevy\u0159adily z\u00a0provozu \u010deskou dom\u00e9nu, na kter\u00e9 funguje v\u011brn\u00e1 kopie webu ve\u0159ejnopr\u00e1vn\u00edho \u010desk\u00e9ho rozhlasu. \u00dato\u010dn\u00edci ji st\u00e1le mohou vyu\u017e\u00edt k\u00a0\u0161\u00ed\u0159en\u00ed dal\u0161\u00edch l\u017e\u00ed. Rozhlas se pokou\u0161\u00ed dos\u00e1hnout vypnut\u00ed webu pr\u00e1vn\u00edmi kroky.<\/p>\n<p class=\"e_bX\">Spr\u00e1vce \u010desk\u00e9 n\u00e1rodn\u00ed dom\u00e9ny CZ.NIC Seznam Zpr\u00e1v\u00e1m \u0159ekl, \u017ee dr\u017eitele dom\u00e9ny vyzval k\u00a0tomu, aby se identifikoval. Dom\u00e9na je toti\u017e registrovan\u00e1 na \u201eJana Novaka\u201c s\u00a0neexistuj\u00edc\u00ed pra\u017eskou adresou. Pakli\u017ee tak neu\u010din\u00ed, v\u00a0souladu s\u00a0podm\u00ednkami registrace spr\u00e1vce dom\u00e9nu po uplynut\u00ed lh\u016fty v\u00a0z\u00e1\u0159\u00ed vy\u0159ad\u00ed. Rychleji m\u00e1 mo\u017enost zas\u00e1hnout policie, kter\u00e1 ji m\u016f\u017ee odstavit p\u0159edb\u011b\u017en\u00fdm opat\u0159en\u00edm, nebo soud.<\/p>\n<p><img height=\"1502\"   width=\"2150\" src=\"https:\/\/www.europesays.com\/cz\/wp-content\/uploads\/2026\/08\/1787753591_358_kampan.png\" loading=\"eager\" decoding=\"sync\" class=\"e_aa e_Z\"\/>Foto: Oskar Klimczuk, CyberDefence24.pl<\/p>\n<p class=\"e_bX\">Web i\u00a0zpr\u00e1va jsou fale\u0161n\u00e9. \u017de n\u00e1v\u0161t\u011bvn\u00edk nen\u00ed na webu iRozhlas.cz, ale m\u016f\u017ee snadno p\u0159ehl\u00e9dnout.<\/p>\n<p class=\"e_bX\">Na st\u016fl dostala p\u0159\u00edpad N\u00e1rodn\u00ed centr\u00e1la proti terorismu, extremismu a\u00a0kybernetick\u00e9 kriminalit\u011b (NCTEKK). Policie v\u011bc prov\u011b\u0159uje na podn\u011bt opozi\u010dn\u00edch Pir\u00e1t\u016f. <\/p>\n<p class=\"e_bX\">\u201eMohly by b\u00fdt sp\u00e1ch\u00e1ny trestn\u00e9 \u010diny podn\u011bcov\u00e1n\u00ed k\u00a0nen\u00e1visti, \u010di dokonce neopr\u00e1vn\u011bn\u00e1 \u010dinnost pro ciz\u00ed moc,\u201c \u0159ekla Seznam Zpr\u00e1v\u00e1m poslankyn\u011b Andrea Hoffmannov\u00e1 (Pir\u00e1ti).<\/p>\n<p class=\"e_bX\">Ti z\u00e1rove\u0148 podrobn\u00fd analytick\u00fd materi\u00e1l k\u00a0cel\u00e9 dezinforma\u010dn\u00ed akci doru\u010dili ob\u011bma tajn\u00fdm slu\u017eb\u00e1m (polsk\u00e9 i\u00a0\u010desk\u00e9) a\u00a0polsk\u00e9 vl\u00e1d\u011b. <\/p>\n<p>Prov\u011b\u0159ov\u00e1n\u00ed policie<\/p>\n<p class=\"e_bX\">Za pomalou reakci i\u00a0p\u0159edchoz\u00ed \u0161krty st\u00e1tn\u00edch expert\u016f, kte\u0159\u00ed m\u011bli za \u00fakol vlivov\u00fdm operac\u00edm \u010delit, ale v\u00a0\u00fater\u00fd vl\u00e1du kritizoval nap\u0159\u00edklad exministr vnitra V\u00edt Raku\u0161an (STAN). <\/p>\n<p class=\"e_bX\">\u201eJe obrovsk\u00e1 chyba, \u017ee vl\u00e1da se v\u00a0t\u00e9hle situaci rozhodla zru\u0161it vl\u00e1dn\u00ed Stratcom, zru\u0161it KRIT (Krizov\u00fd informa\u010dn\u00ed t\u00fdm &#8211; pozn. red.) p\u0159i Ministerstvu vnitra a\u00a0te\u010f je\u0161t\u011b ke v\u0161emu \u0161krt\u00e1 evropsk\u00e9 pen\u00edze na boj s\u00a0dezinformacemi a\u00a0medi\u00e1ln\u00ed vzd\u011bl\u00e1v\u00e1n\u00ed. Rusko proti n\u00e1m vede hybridn\u00ed v\u00e1lku a\u00a0Babi\u0161\u016fv kabinet skl\u00e1d\u00e1 zbran\u011b. To je nezodpov\u011bdnost hrani\u010d\u00edc\u00ed s\u00a0vlastizradou,\u201c \u0159ekl Raku\u0161an.<\/p>\n<p class=\"e_bX\">\u201eVl\u00e1da nesm\u00ed podce\u0148ovat tuto kauzu.\u2028Podle v\u0161eho jde o\u00a0\u00fatoky nep\u0159\u00e1telsk\u00e9 mocnosti proti z\u00e1jm\u016fm \u010cR\u00a0\u2013 c\u00edlem je \u0161\u00ed\u0159en\u00ed popla\u0161n\u00fdch zpr\u00e1v, dezorientace ve\u0159ejnosti a\u00a0vyvol\u00e1v\u00e1n\u00ed spor\u016f se spojencem,\u201c dodal p\u0159edseda v\u00fdboru pro zahrani\u010dn\u00ed v\u011bci, obranu a\u00a0bezpe\u010dnost sen\u00e1tu Pavel Fischer.<\/p>\n","protected":false},"excerpt":{"rendered":"Jen p\u00e1r hodin potom, co Seznam Zpr\u00e1vy popsaly rozs\u00e1hlou p\u0159eshrani\u010dn\u00ed kampa\u0148, kter\u00e1 se sna\u017e\u00ed po\u0161tvat \u010cechy proti Pol\u00e1k\u016fm,&hellip;\n","protected":false},"author":2,"featured_media":192367,"comment_status":"","ping_status":"","sticky":false,"template":"","format":"standard","meta":{"footnotes":"","_share_on_mastodon":"0"},"categories":[7],"tags":[43,42,29358,41,40,3660,117,61,56],"class_list":["post-192366","post","type-post","status-publish","format-standard","has-post-thumbnail","category-cesko","tag-ceska-republika","tag-cesko","tag-cesky-tesin","tag-czech-republic","tag-czechia","tag-dezinformace","tag-polsko","tag-rusko","tag-valka-rusko-ukrajina"],"share_on_mastodon":{"url":"https:\/\/pubeurope.com\/@cz\/117162227409814183","error":""},"_links":{"self":[{"href":"https:\/\/www.europesays.com\/cz\/wp-json\/wp\/v2\/posts\/192366","targetHints":{"allow":["GET"]}}],"collection":[{"href":"https:\/\/www.europesays.com\/cz\/wp-json\/wp\/v2\/posts"}],"about":[{"href":"https:\/\/www.europesays.com\/cz\/wp-json\/wp\/v2\/types\/post"}],"author":[{"embeddable":true,"href":"https:\/\/www.europesays.com\/cz\/wp-json\/wp\/v2\/users\/2"}],"replies":[{"embeddable":true,"href":"https:\/\/www.europesays.com\/cz\/wp-json\/wp\/v2\/comments?post=192366"}],"version-history":[{"count":0,"href":"https:\/\/www.europesays.com\/cz\/wp-json\/wp\/v2\/posts\/192366\/revisions"}],"wp:featuredmedia":[{"embeddable":true,"href":"https:\/\/www.europesays.com\/cz\/wp-json\/wp\/v2\/media\/192367"}],"wp:attachment":[{"href":"https:\/\/www.europesays.com\/cz\/wp-json\/wp\/v2\/media?parent=192366"}],"wp:term":[{"taxonomy":"category","embeddable":true,"href":"https:\/\/www.europesays.com\/cz\/wp-json\/wp\/v2\/categories?post=192366"},{"taxonomy":"post_tag","embeddable":true,"href":"https:\/\/www.europesays.com\/cz\/wp-json\/wp\/v2\/tags?post=192366"}],"curies":[{"name":"wp","href":"https:\/\/api.w.org\/{rel}","templated":true}]}}