{"id":192790,"date":"2026-08-26T21:38:12","date_gmt":"2026-08-26T21:38:12","guid":{"rendered":"https:\/\/www.europesays.com\/cz\/192790\/"},"modified":"2026-08-26T21:38:12","modified_gmt":"2026-08-26T21:38:12","slug":"sulc-si-s-lyonem-nezahraje-ligu-mistru-postup-vydrel-slovan-bratislava","status":"publish","type":"post","link":"https:\/\/www.europesays.com\/cz\/192790\/","title":{"rendered":"\u0160ulc si s\u00a0Lyonem nezahraje Ligu mistr\u016f. Postup vyd\u0159el Slovan Bratislava"},"content":{"rendered":"<p class=\"b_bA\">Francouzsk\u00fd p\u0159emo\u017eitel Sparty z\u00a0minul\u00e9ho p\u0159edkola po nad\u011bjn\u00e9 rem\u00edze 1:1\u00a0v\u00a0Istanbulu odvetu nezvl\u00e1dl. Tureck\u00fd t\u00fdm byl od za\u010d\u00e1tku nebezpe\u010dn\u011bj\u0161\u00ed, prvn\u00ed \u0161ance je\u0161t\u011b zlikvidoval slovensk\u00fd brank\u00e1\u0159 Greif. Jednou pomohla spojnice b\u0159evna a\u00a0ty\u010de, ale pak v\u00a0rozp\u011bt\u00ed p\u011bti minut kosovsk\u00fd \u00fato\u010dn\u00edk Muriqi a\u00a0anglick\u00fd obr\u00e1nce Brown ude\u0159ili p\u0159esn\u011b.<\/p>\n<p class=\"b_bA\">Po hodin\u011b hry vyk\u0159esal nad\u011bji belgick\u00fd \u00fato\u010dn\u00edk Fofana par\u00e1dn\u00edm volejem. M\u00ed\u010d poslal do s\u00edt\u011b i\u00a0jeho krajan Openda, ale g\u00f3l neplatil pro t\u011bsn\u00fd ofsajd a\u00a0video p\u0159ipravilo dom\u00e1c\u00ed ze stejn\u00e9ho d\u016fvodu o\u00a0vyrovn\u00e1n\u00ed je\u0161t\u011b jednou. \u0160ulc, kter\u00fd se zotavuje po zran\u011bn\u00ed kolena, vyb\u011bhl na tr\u00e1vn\u00edk a\u017e v\u00a075.\u00a0minut\u011b, ale prodlou\u017een\u00ed si dom\u00e1c\u00ed nevybojovali.<\/p>\n<p class=\"b_bA\">Fenerbahce hr\u00e1lo Ligu mistr\u016f naposledy v\u00a0roce 2009, od t\u00e9 doby dev\u011btkr\u00e1t ztroskotalo v\u00a0p\u0159edkolech, ale des\u00e1t\u00fd pokus vy\u0161el. Do osud\u00ed doprovod\u00ed Galatasaray, kter\u00e9 se jako ligov\u00fd mistr kvalifikovalo p\u0159\u00edmo.<\/p>\n<p class=\"b_bA\">\u0158eck\u00fd mistr AEK At\u00e9ny se vrac\u00ed do hlavn\u00ed sout\u011b\u017ee po osmi letech. Odvetu s\u00a0Levski Sofie rozhodl u\u017e v\u00a0prvn\u00edm polo\u010dase. Bulharsk\u00fd t\u00fdm jako jedin\u00fd hr\u00e1l od prvn\u00edho p\u0159edkola a\u00a0v sedmi z\u00e1pasech dostal jen t\u0159i g\u00f3ly, tentokr\u00e1t inkasoval stejn\u00fd p\u0159\u00edd\u011bl u\u017e do p\u0159est\u00e1vky. Dvakr\u00e1t se trefil ma\u010farsk\u00fd \u00fato\u010dn\u00edk Varga, jednou Srb Jovi\u010d, kter\u00fd u\u017e si zahr\u00e1l Ligu mistr\u016f za Real Madrid i\u00a0AC Mil\u00e1n. Po zm\u011bn\u011b stran nav\u00edc prom\u011bnil Rumun Marin penaltu.<\/p>\n<p class=\"b_bA\">Po \u00fatern\u00edm postupu Bod\u00f6\/Glimt usp\u011bl i\u00a0druh\u00fd norsk\u00fd z\u00e1stupce Viking Stavanger. P\u0159ed t\u00fddnem v\u00a0Z\u00e1h\u0159ebu smazal dvoubrankov\u00e9 manko a\u00a0vybojoval rem\u00edzu 2:2.\u00a0I\u00a0v odvet\u011b musel dotahovat, kdy\u017e sk\u00f3re otev\u0159el alb\u00e1nsk\u00fd \u00fato\u010dn\u00edk Hoxha. Tripi\u010d z\u00a0penalty srovnal a\u00a0po zm\u011bn\u011b stran za\u0159\u00eddili Austbo a\u00a0Moi premi\u00e9ru Stavangeru v\u00a0elitn\u00ed sout\u011b\u017ei.<\/p>\n<p>Odvetn\u00e1 utk\u00e1n\u00ed 4. p\u0159edkola fotbalov\u00e9 Ligy mistr\u016f:AEK At\u00e9ny &#8211; Levski Sofia 4:0 (3:0)Branky: 12. a 29. Varga, 7. Jovi\u010d, 55. Marin z pen.. Prvn\u00ed z\u00e1pas 0:0, postoupilo AEK.Lyon &#8211; Fenerbahce Istanbul 1:2 (0:2)Branky: 61. Fofana &#8211; 24. Muriqi, 28. Brown. Prvn\u00ed z\u00e1pas 1:1, postoupilo Fenerbahce.Viking Stavanger &#8211; Dinamo Z\u00e1h\u0159eb 3:1 (1:1)Branky: 18. Tripi\u010d z pen., 48. Austbo, 51. Moi &#8211; 10. Hoxha. Prvn\u00ed z\u00e1pas 2:2, postoupil Stavanger.Celje &#8211; Slovan Bratislava 1:2 po prodl. (1:1, 1:1)Branky: 34. Se\u0161lar z pen. &#8211; 18. \u0160porar, 100. Mart\u00ednez. Prvn\u00ed z\u00e1pas 1:1, postoupil Slovan.<a data-dot=\"atm-link\" target=\"_self\" href=\"https:\/\/www.sport.cz\/clanek\/fotbal-liga-mistru-hanba-na-ostrovech-cupuji-slavneho-obra-po-neuveritelnem-kolapsu-jeden-z-hracu-napor-neustal-5518999\" class=\"b_V g_ia\" rel=\"nofollow noopener\"><img fetchpriority=\"high\" height=\"1153\" width=\"1537\" src=\"https:\/\/www.europesays.com\/cz\/wp-content\/uploads\/2026\/08\/1787780292_743_1f54.jpeg\" loading=\"eager\" decoding=\"sync\" class=\"b_B b_z\"\/><\/a><\/p>\n","protected":false},"excerpt":{"rendered":"Francouzsk\u00fd p\u0159emo\u017eitel Sparty z\u00a0minul\u00e9ho p\u0159edkola po nad\u011bjn\u00e9 rem\u00edze 1:1\u00a0v\u00a0Istanbulu odvetu nezvl\u00e1dl. Tureck\u00fd t\u00fdm byl od za\u010d\u00e1tku nebezpe\u010dn\u011bj\u0161\u00ed, prvn\u00ed&hellip;\n","protected":false},"author":2,"featured_media":192791,"comment_status":"","ping_status":"","sticky":false,"template":"","format":"standard","meta":{"footnotes":"","_share_on_mastodon":"0"},"categories":[15],"tags":[11184,42067,326,1190,5685,4205,23882,94,93],"class_list":["post-192790","post","type-post","status-publish","format-standard","has-post-thumbnail","category-sport","tag-aek-atheny","tag-fenerbahce-sk","tag-fotbal","tag-liga-mistru-uefa","tag-nk-celje","tag-olympique-lyon","tag-slovan-bratislava","tag-sport","tag-sports"],"share_on_mastodon":{"url":"https:\/\/pubeurope.com\/@cz\/117163976869616954","error":""},"_links":{"self":[{"href":"https:\/\/www.europesays.com\/cz\/wp-json\/wp\/v2\/posts\/192790","targetHints":{"allow":["GET"]}}],"collection":[{"href":"https:\/\/www.europesays.com\/cz\/wp-json\/wp\/v2\/posts"}],"about":[{"href":"https:\/\/www.europesays.com\/cz\/wp-json\/wp\/v2\/types\/post"}],"author":[{"embeddable":true,"href":"https:\/\/www.europesays.com\/cz\/wp-json\/wp\/v2\/users\/2"}],"replies":[{"embeddable":true,"href":"https:\/\/www.europesays.com\/cz\/wp-json\/wp\/v2\/comments?post=192790"}],"version-history":[{"count":0,"href":"https:\/\/www.europesays.com\/cz\/wp-json\/wp\/v2\/posts\/192790\/revisions"}],"wp:featuredmedia":[{"embeddable":true,"href":"https:\/\/www.europesays.com\/cz\/wp-json\/wp\/v2\/media\/192791"}],"wp:attachment":[{"href":"https:\/\/www.europesays.com\/cz\/wp-json\/wp\/v2\/media?parent=192790"}],"wp:term":[{"taxonomy":"category","embeddable":true,"href":"https:\/\/www.europesays.com\/cz\/wp-json\/wp\/v2\/categories?post=192790"},{"taxonomy":"post_tag","embeddable":true,"href":"https:\/\/www.europesays.com\/cz\/wp-json\/wp\/v2\/tags?post=192790"}],"curies":[{"name":"wp","href":"https:\/\/api.w.org\/{rel}","templated":true}]}}