{"id":192971,"date":"2026-08-27T05:32:10","date_gmt":"2026-08-27T05:32:10","guid":{"rendered":"https:\/\/www.europesays.com\/cz\/192971\/"},"modified":"2026-08-27T05:32:10","modified_gmt":"2026-08-27T05:32:10","slug":"tohle-si-na-velkofilm-nehraje-i-proto-je-osamely-vlk-tak-uveritelny-aktualne-cz","status":"publish","type":"post","link":"https:\/\/www.europesays.com\/cz\/192971\/","title":{"rendered":"Tohle si na velkofilm nehraje. I proto je Osam\u011bl\u00fd vlk tak uv\u011b\u0159iteln\u00fd \u2013 Aktu\u00e1ln\u011b.cz"},"content":{"rendered":"<p>Tak jako nat\u00e1\u010den\u00ed sn\u00edmku Osam\u011bl\u00fd vlk byla rychl\u00e1 \u2013 a kr\u00e1tk\u00e1 \u2013 i kari\u00e9ra jeho hlavn\u00edho hrdiny v britsk\u00e9m kr\u00e1lovsk\u00e9m letectvu RAF. Pilot Josef Franti\u0161ek v roce 1940 b\u011bhem pouh\u00fdch 28 dn\u016f sest\u0159elil 17 nacistick\u00fdch letoun\u016f.<\/p>\n<p>Mezi ostatn\u00edmi \u010cechoslov\u00e1ky v RAF bojuj\u00edc\u00edmi proti Adolfu Hitlerovi vy\u010dn\u00edval nejen vysokou \u00fasp\u011b\u0161nost\u00ed sv\u00fdch mis\u00ed, do nich\u017e se \u010dasto pou\u0161t\u011bl na vlastn\u00ed p\u011bst. Ve Velk\u00e9 Brit\u00e1nii byl na rozd\u00edl od v\u011bt\u0161iny krajan\u016f p\u0159\u00edslu\u0161n\u00edkem polsk\u00e9 303. st\u00edhac\u00ed perut\u011b. V n\u00ed l\u00e9tal a\u017e do 8. \u0159\u00edjna 1940, kdy se jeho st\u00edha\u010dka Hurricane z\u0159\u00edtila a rod\u00e1k z Otaslavic den po sv\u00fdch 26. narozenin\u00e1ch zahynul.<\/p>\n<p>I s t\u00edmhle momentem se re\u017eis\u00e9r Ond\u0159ej Veverka popasoval zna\u010dn\u011b minimalisticky \u2013 k dohr\u00e1n\u00ed tragick\u00e9 situace mu sta\u010dil jen jeden herec, m\u00edstnost se zvon\u00edc\u00edm telefonem a \u017eensk\u00fd hlas ve sluch\u00e1tku. A ono to funguje.<\/p>\n<p>Hodinu a p\u016fl dlouh\u00fd film Osam\u011bl\u00fd vlk z\u016fst\u00e1v\u00e1 po v\u011bt\u0161inu doby nohama na zemi \u2013 a to doslova, nebo\u0165 v\u0161echny leteck\u00e9 sekvence vznikaly ve studi\u00edch. A div\u00e1k na tuhle \u201ehru\u201c p\u0159istoup\u00ed velmi rychle, vlastn\u011b nem\u00e1 d\u016fvod j\u00ed vzdorovat. P\u0159edev\u0161\u00edm d\u00edky zna\u010dn\u011b pokorn\u00e9mu p\u0159\u00edstupu tv\u016frc\u016f, kter\u00fdm bylo jasn\u00e9, \u017ee ned\u011blaj\u00ed dal\u0161\u00ed Nebesk\u00e9 jezdce \u010di Tmavomodr\u00fd sv\u011bt.<\/p>\n<p>P\u0159i sc\u00e9n\u00e1ch leteck\u00fdch souboj\u016f si n\u00e1v\u0161t\u011bvn\u00edk kina v prvn\u00edch momentech logicky v hlav\u011b p\u0159ehr\u00e1v\u00e1 vzdu\u0161n\u00e9 bitvy z Nolanova filmu Dunkerk (2017), kter\u00e9 d\u00edky st\u0159\u00eddmosti efekt\u016f, hudby, \u010dlov\u011bka a techniky u\u017e nav\u017edy stanovily m\u011b\u0159\u00edtko pro sn\u00edmky odehr\u00e1vaj\u00edc\u00ed se b\u011bhem druh\u00e9 sv\u011btov\u00e9 v\u00e1lky. Jen\u017ee Osam\u011bl\u00fd vlk bojuje v \u00fapln\u011b jin\u00e9 discipl\u00edn\u011b, a i kdy\u017e t\u0159eba v b\u00edl\u00fdch mrac\u00edch a o\u0159ezan\u00fdch detailech tv\u00e1\u0159\u00ed pilot\u016f hled\u00e1 u Nolana inspiraci, ani v jednom okam\u017eiku nep\u0159in\u00e1\u0161\u00ed lacinou napodobeninu.<\/p>\n<p>Nejslab\u0161\u00ed okam\u017eiky nov\u00e9ho \u010desk\u00e9ho dokudramatu p\u0159ich\u00e1zej\u00ed hned v prvn\u00edch minut\u00e1ch, kdy se div\u00e1k mus\u00ed \u201eprokousat\u201c z\u00e1zem\u00edm rodiny Franti\u0161k\u016f, otcov\u00fdm han\u00e1ck\u00fdm osloven\u00edm \u201es\u00e9nko\u201c \u010di bohatou p\u0159edstavivost vy\u017eaduj\u00edc\u00edm \u00fat\u011bkem pilot\u016f vlakem do Polska.<\/p>\n<p>Dob\u0159e funguj\u00edc\u00ed mix re\u017eis\u00e9r Veverka vnesl do hereck\u00e9ho obsazen\u00ed. Zat\u00edmco zn\u00e1m\u00e9 tv\u00e1\u0159e jako Jan Buda\u0159, Miroslav Hanu\u0161 \u010di Josef Trojan p\u0159ijaly jen epizodn\u00ed role, mlad\u00ed akt\u00e9\u0159i v \u010dele s Tade\u00e1\u0161em Moravcem v roli Josefa Franti\u0161ka tvo\u0159\u00ed pil\u00ed\u0159 Osam\u011bl\u00e9ho vlka.<\/p>\n<p>A pokud by m\u011bl recenzent uk\u00e1zat na naprostou \u0161pi\u010dku filmu, je to pr\u00e1ce tv\u016fr\u010d\u00edho t\u00fdmu s \u010dernob\u00edl\u00fdmi archivy o celkov\u00e9 d\u00e9lce 15 minut. D\u00edky \u010dist\u00e9mu st\u0159ihu, tempu a magneticky p\u0159ilnav\u00e9 hudb\u011b p\u0159edstavuj\u00ed osmdes\u00e1t let star\u00e9 v\u00fdst\u0159i\u017eky hnac\u00ed motor Osam\u011bl\u00e9ho vlka. T\u00edsniv\u00e9 dokonalosti dosahuje tohle \u0159emeslo v okam\u017eic\u00edch dokresluj\u00edc\u00edch krvav\u00fd p\u00e1d Polska pot\u00e9, co jej spole\u010dn\u011b rozdupali Hitler se Stalinem.<\/p>\n<p>Sn\u00edmek Osam\u011bl\u00fd vlk se nepokou\u0161\u00ed pilotovi Josefu Franti\u0161kovi stav\u011bt nevzhledn\u00fd nale\u0161t\u011bn\u00fd pomn\u00edk v nad\u017eivotn\u00ed velikosti. Tohle u\u017e snad m\u00e1me definitivn\u011b za sebou. Z filmu naopak pr\u00fd\u0161t\u00ed snaha o p\u0159evypr\u00e1v\u011bn\u00ed nijak \u010dernob\u00edl\u00e9ho osudu vele\u00fasp\u011b\u0161n\u00e9ho st\u00edha\u010de a cizelov\u00e1n\u00ed jeho polozapomenut\u00e9ho p\u0159\u00edb\u011bhu. Nic v\u00edc, nic m\u00ed\u0148. Proto je Osam\u011bl\u00fd vlk tolik uv\u011b\u0159iteln\u00fd.<\/p>\n<p>Osam\u011bl\u00fd vlk <\/p>\n<p>Re\u017eie: Ond\u0159ej Veverka<\/p>\n<p>Sc\u00e9n\u00e1\u0159: Petr Pelech<\/p>\n<p>Kamera: Kry\u0161tof Tich\u00fd<\/p>\n<p>Falcon, premi\u00e9ra 27. srpna 2026<\/p>\n<p>Hodnocen\u00ed Ond\u0159eje Stratil\u00edka: 70 %<\/p>\n","protected":false},"excerpt":{"rendered":"Tak jako nat\u00e1\u010den\u00ed sn\u00edmku Osam\u011bl\u00fd vlk byla rychl\u00e1 \u2013 a kr\u00e1tk\u00e1 \u2013 i kari\u00e9ra jeho hlavn\u00edho hrdiny v&hellip;\n","protected":false},"author":2,"featured_media":192972,"comment_status":"","ping_status":"","sticky":false,"template":"","format":"standard","meta":{"footnotes":"","_share_on_mastodon":"0"},"categories":[14],"tags":[6660,64,79,18896,37579,195,8192,8225,44664,44665,80],"class_list":["post-192971","post","type-post","status-publish","format-standard","has-post-thumbnail","category-zabava","tag-2-svetova-valka","tag-boje","tag-entertainment","tag-josef-trojan","tag-raf","tag-recenze","tag-souboj","tag-stihacka","tag-tadeas-moravec","tag-viktor-zavadil","tag-zabava"],"share_on_mastodon":{"url":"https:\/\/pubeurope.com\/@cz\/117165840332621958","error":""},"_links":{"self":[{"href":"https:\/\/www.europesays.com\/cz\/wp-json\/wp\/v2\/posts\/192971","targetHints":{"allow":["GET"]}}],"collection":[{"href":"https:\/\/www.europesays.com\/cz\/wp-json\/wp\/v2\/posts"}],"about":[{"href":"https:\/\/www.europesays.com\/cz\/wp-json\/wp\/v2\/types\/post"}],"author":[{"embeddable":true,"href":"https:\/\/www.europesays.com\/cz\/wp-json\/wp\/v2\/users\/2"}],"replies":[{"embeddable":true,"href":"https:\/\/www.europesays.com\/cz\/wp-json\/wp\/v2\/comments?post=192971"}],"version-history":[{"count":0,"href":"https:\/\/www.europesays.com\/cz\/wp-json\/wp\/v2\/posts\/192971\/revisions"}],"wp:featuredmedia":[{"embeddable":true,"href":"https:\/\/www.europesays.com\/cz\/wp-json\/wp\/v2\/media\/192972"}],"wp:attachment":[{"href":"https:\/\/www.europesays.com\/cz\/wp-json\/wp\/v2\/media?parent=192971"}],"wp:term":[{"taxonomy":"category","embeddable":true,"href":"https:\/\/www.europesays.com\/cz\/wp-json\/wp\/v2\/categories?post=192971"},{"taxonomy":"post_tag","embeddable":true,"href":"https:\/\/www.europesays.com\/cz\/wp-json\/wp\/v2\/tags?post=192971"}],"curies":[{"name":"wp","href":"https:\/\/api.w.org\/{rel}","templated":true}]}}