{"id":193017,"date":"2026-08-27T06:44:12","date_gmt":"2026-08-27T06:44:12","guid":{"rendered":"https:\/\/www.europesays.com\/cz\/193017\/"},"modified":"2026-08-27T06:44:12","modified_gmt":"2026-08-27T06:44:12","slug":"preissova-o-manzelstvi-odsouzenem-k-zaniku-s-martinem-se-uz-dohodli","status":"publish","type":"post","link":"https:\/\/www.europesays.com\/cz\/193017\/","title":{"rendered":"Preissov\u00e1 o man\u017eelstv\u00ed odsouzen\u00e9m k z\u00e1niku: S Martinem se u\u017e dohodli"},"content":{"rendered":"<p>\u201eU\u017e n\u011bkolik dlouh\u00fdch let m\u00e1me mezi sebou dohodu, \u017ee spolu nebudeme pracovat. V\u011b\u0159\u00edm, \u017ee se nezm\u011bn\u00ed, proto\u017ee si bohat\u011b vysta\u010d\u00edme doma. Voln\u00fd \u010das doma si velmi hl\u00edd\u00e1m,&#8220; odtajnila rodiin\u00fd pakt Preissov\u00e1.\u00a0<\/p>\n<p style=\"text-align: center;\">Preissov\u00e1 o sv\u00e9 aktu\u00e1ln\u00ed knize: Otev\u0159ela jsem Pando\u0159inu sk\u0159\u00ed\u0148ku mnoh\u00fdch<\/p>\n<p>    <a href=\"https:\/\/www.ahaonline.cz\/clanek\/zhave-drby\/236477\/preissova-podstupuje-prevratnou-metodu-musim-rict-ze-ucinek-ma.html\" rel=\"nofollow noopener\" target=\"_blank\"><\/p>\n<p>        <img decoding=\"async\" src=\"https:\/\/www.europesays.com\/cz\/wp-content\/uploads\/2026\/08\/9924825.jpg\" alt=\"Preissov\u00e1 podstupuje p\u0159evratnou metodu: Mus\u00edm \u0159\u00edct, \u017ee \u00fa\u010dinek m\u00e1\" title=\"Preissov\u00e1 podstupuje p\u0159evratnou metodu: Mus\u00edm \u0159\u00edct, \u017ee \u00fa\u010dinek m\u00e1\" height=\"140\" width=\"220\" class=\"lazyload \" loading=\"lazy\" \/><\/p>\n<p>    <\/a><\/p>\n<p>Jak se m\u00e1te, Preissovi?<\/p>\n<p>\u201eProto\u017ee kdy\u017e nevyhled\u00e1v\u00e1te v man\u017eelstv\u00ed ka\u017edou chv\u00edli, kter\u00e1 m\u016f\u017ee zp\u016fsobit, \u017ee se na sebe t\u011b\u0161\u00edte, tak je man\u017eelstv\u00ed odsouzeno k z\u00e1niku,\u201c\u00a0up\u0159esnila Martina sv\u00e9 d\u016fvody zase v Blesku. A jak se aktu\u00e1ln\u011b maj\u00ed\u00a0Jana a Viktor Preissovi?<\/p>\n<p>\u201eJ\u00e1 mysl\u00edm, \u017ee se maj\u00ed dob\u0159e, \u017ee maj\u00ed k \u017eivotu \u00fapln\u011b v\u0161echno, co pot\u0159ebuj\u00ed. Hlavn\u011b jeden druh\u00e9ho, co\u017e je pro n\u011b pro oba v\u016fbec nejpodstatn\u011bj\u0161\u00ed,&#8220; pr\u00e1skla here\u010dka v Den\u00edku na slavn\u00e9 rodi\u010de man\u017eela Martina.\u00a0<\/p>\n<p style=\"text-align: center;\">\u00a0Preissov\u00e1 se br\u00e1n\u00ed invazivn\u00edm z\u00e1krok\u016fm: Nerada zasahuju p\u0159\u00edrod\u011b do d\u00edla<\/p>\n<p>    <a href=\"https:\/\/www.ahaonline.cz\/clanek\/zhave-drby\/229063\/manzele-preissovi-po-dlouhe-dobe-na-verejnosti-dulezita-pomoc.html\" rel=\"nofollow noopener\" target=\"_blank\"><\/p>\n<p>        <img decoding=\"async\" src=\"https:\/\/www.europesays.com\/cz\/wp-content\/uploads\/2026\/08\/9653966-crop.jpg\" alt=\"Man\u017eel\u00e9 Preissovi po dlouh\u00e9 dob\u011b na ve\u0159ejnosti! D\u016fle\u017eit\u00e1 pomoc\" title=\"Man\u017eel\u00e9 Preissovi po dlouh\u00e9 dob\u011b na ve\u0159ejnosti! D\u016fle\u017eit\u00e1 pomoc\" height=\"140\" width=\"220\" class=\"lazyload \" loading=\"lazy\" \/><\/p>\n<p>    <\/a><\/p>\n","protected":false},"excerpt":{"rendered":"\u201eU\u017e n\u011bkolik dlouh\u00fdch let m\u00e1me mezi sebou dohodu, \u017ee spolu nebudeme pracovat. V\u011b\u0159\u00edm, \u017ee se nezm\u011bn\u00ed, proto\u017ee si&hellip;\n","protected":false},"author":2,"featured_media":193018,"comment_status":"","ping_status":"","sticky":false,"template":"","format":"standard","meta":{"footnotes":"","_share_on_mastodon":"0"},"categories":[14],"tags":[3863,16923,3433,79,2491,44667,11104,80,163],"class_list":["post-193017","post","type-post","status-publish","format-standard","has-post-thumbnail","category-zabava","tag-blesk","tag-denik-cz","tag-dohoda","tag-entertainment","tag-manzelstvi","tag-martin-preiss","tag-viktor-preiss","tag-zabava","tag-zhave-drby"],"share_on_mastodon":{"url":"https:\/\/pubeurope.com\/@cz\/117166123706000778","error":""},"_links":{"self":[{"href":"https:\/\/www.europesays.com\/cz\/wp-json\/wp\/v2\/posts\/193017","targetHints":{"allow":["GET"]}}],"collection":[{"href":"https:\/\/www.europesays.com\/cz\/wp-json\/wp\/v2\/posts"}],"about":[{"href":"https:\/\/www.europesays.com\/cz\/wp-json\/wp\/v2\/types\/post"}],"author":[{"embeddable":true,"href":"https:\/\/www.europesays.com\/cz\/wp-json\/wp\/v2\/users\/2"}],"replies":[{"embeddable":true,"href":"https:\/\/www.europesays.com\/cz\/wp-json\/wp\/v2\/comments?post=193017"}],"version-history":[{"count":0,"href":"https:\/\/www.europesays.com\/cz\/wp-json\/wp\/v2\/posts\/193017\/revisions"}],"wp:featuredmedia":[{"embeddable":true,"href":"https:\/\/www.europesays.com\/cz\/wp-json\/wp\/v2\/media\/193018"}],"wp:attachment":[{"href":"https:\/\/www.europesays.com\/cz\/wp-json\/wp\/v2\/media?parent=193017"}],"wp:term":[{"taxonomy":"category","embeddable":true,"href":"https:\/\/www.europesays.com\/cz\/wp-json\/wp\/v2\/categories?post=193017"},{"taxonomy":"post_tag","embeddable":true,"href":"https:\/\/www.europesays.com\/cz\/wp-json\/wp\/v2\/tags?post=193017"}],"curies":[{"name":"wp","href":"https:\/\/api.w.org\/{rel}","templated":true}]}}